{"id":28684,"date":"2020-09-05T14:25:02","date_gmt":"2020-09-05T11:25:02","guid":{"rendered":"https:\/\/www.bbyhaber.com\/bby\/?p=28684"},"modified":"2020-09-05T14:25:02","modified_gmt":"2020-09-05T11:25:02","slug":"kutuphaneci-kadrosu-teknik-hizmetler-th-sinifindan-genel-idare-hizmetleri-gih-sinifina-mi-aliniyor","status":"publish","type":"post","link":"https:\/\/www.bbyhaber.com\/bby\/2020\/09\/05\/kutuphaneci-kadrosu-teknik-hizmetler-th-sinifindan-genel-idare-hizmetleri-gih-sinifina-mi-aliniyor","title":{"rendered":"K\u00fct\u00fcphaneci Kadrosu Teknik Hizmetler (TH) S\u0131n\u0131f\u0131ndan Genel \u0130dare Hizmetleri (G\u0130H) S\u0131n\u0131f\u0131na M\u0131 Al\u0131n\u0131yor?"},"content":{"rendered":"<p><a href=\"https:\/\/www.bbyhaber.com\/bby\/wp-content\/uploads\/2020\/09\/Kutuphaneci-Kadrosu-Teknik-Hizmetler-Sinifindan-Genel-Idare-Hizmetleri-Sinifina-Mi-Aliniyor.png\"><img loading=\"lazy\" decoding=\"async\" class=\"alignleft size-full wp-image-28685\" src=\"https:\/\/www.bbyhaber.com\/bby\/wp-content\/uploads\/2020\/09\/Kutuphaneci-Kadrosu-Teknik-Hizmetler-Sinifindan-Genel-Idare-Hizmetleri-Sinifina-Mi-Aliniyor.png\" alt=\"\" width=\"660\" height=\"330\" srcset=\"https:\/\/www.bbyhaber.com\/bby\/wp-content\/uploads\/2020\/09\/Kutuphaneci-Kadrosu-Teknik-Hizmetler-Sinifindan-Genel-Idare-Hizmetleri-Sinifina-Mi-Aliniyor.png 660w, https:\/\/www.bbyhaber.com\/bby\/wp-content\/uploads\/2020\/09\/Kutuphaneci-Kadrosu-Teknik-Hizmetler-Sinifindan-Genel-Idare-Hizmetleri-Sinifina-Mi-Aliniyor-300x150.png 300w\" sizes=\"(max-width: 660px) 100vw, 660px\" \/><\/a>Memurlar.net sitesinde <a href=\"https:\/\/www.memurlar.net\/album\/19123\" target=\"_blank\" rel=\"noopener noreferrer\">yer alan bir haber<\/a>e g\u00f6re, kamu kurumlar\u0131nda g\u00f6rev yapan memurlar\u0131n unvan ve yapt\u0131klar\u0131 i\u015flerle ilgili g\u00f6rev tan\u0131mlar\u0131 belirleniyor. Bu konudaki \u00e7al\u0131\u015fmayla ilgili taslak metin de haz\u0131rland\u0131. Sadece Sabah Memurlar&#8217;\u0131n ula\u015ft\u0131\u011f\u0131 bu taslak \u00e7al\u0131\u015fmada memurlar\u0131n g\u00f6rev tan\u0131mlar\u0131 ve sorumluluklar\u0131 bilgileri de yer al\u0131yor.<\/p>\n<p>Sabah Gazetesinin yay\u0131nlad\u0131\u011f\u0131 taslak metinde, unvan\u0131 belirtilen g\u00f6revin tan\u0131m\u0131 yap\u0131ld\u0131ktan sonra personelin o g\u00f6revdeki yetki ve sorumluluklar\u0131 s\u0131ralan\u0131yor. Ayr\u0131ca \u00e7al\u0131\u015fma \u015fartlar\u0131, i\u015fin riskiyle ilgili bilgiler, ayr\u0131ca g\u00f6revin nas\u0131l yap\u0131ld\u0131\u011f\u0131 bedenen ya da zihinsel gibi belirleniyor. Bunun d\u0131\u015f\u0131nda o g\u00f6reve atanacaklarda aranan e\u011fitim d\u00fczeyi, mesleki e\u011fitim ve sertifikalar, yabanc\u0131 dil bilgisi ve hizmet y\u0131l\u0131 gibi bilgilerde metinde yer al\u0131yor. Hen\u00fcz taslak olan \u00e7al\u0131\u015fma netle\u015fince kamuoyu ile payla\u015f\u0131lacak.<\/p>\n<p><span style=\"color: #ff0000;\"><strong>Ancak metinde 294. sayfada a\u015fa\u011f\u0131daki \u015fekilde yer alan K\u00fct\u00fcphaneci kadrosunun (G\u0130H) s\u0131n\u0131f\u0131na d\u00e2hil edildi\u011fi g\u00f6r\u00fclmektedir. \u00d6\u011frenim d\u00fczeyi de &#8220;K\u00fct\u00fcphanecilik B\u00f6l\u00fcm\u00fc&#8221; oldu\u011fundan eski bir taslak oldu\u011funu d\u00fc\u015f\u00fcnd\u00fcren \u00e7al\u0131\u015fman\u0131n <\/strong><\/span><span style=\"color: #ff0000;\"><strong>kayna\u011f\u0131 belli olmad\u0131\u011f\u0131ndan do\u011frulanamamaktad\u0131r. Meslek \u00f6rg\u00fctlerimizi konuyla ilgili a\u00e7\u0131klama yapmaya bekliyoruz.<\/strong><\/span><\/p>\n<p>Haber kayna\u011f\u0131 i\u00e7in <a href=\"https:\/\/www.memurlar.net\/album\/19123\" target=\"_blank\" rel=\"noopener noreferrer\">t\u0131klay\u0131n\u0131z.<\/a><\/p>\n<p><a href=\"https:\/\/www.bbyhaber.com\/bby\/wp-content\/uploads\/2020\/09\/7B9C0D95-ECEC-EA11-80F8-A0369F7D1484.jpg\"><img loading=\"lazy\" decoding=\"async\" class=\"aligncenter size-full wp-image-28687\" src=\"https:\/\/www.bbyhaber.com\/bby\/wp-content\/uploads\/2020\/09\/7B9C0D95-ECEC-EA11-80F8-A0369F7D1484.jpg\" alt=\"\" width=\"495\" height=\"700\" srcset=\"https:\/\/www.bbyhaber.com\/bby\/wp-content\/uploads\/2020\/09\/7B9C0D95-ECEC-EA11-80F8-A0369F7D1484.jpg 495w, https:\/\/www.bbyhaber.com\/bby\/wp-content\/uploads\/2020\/09\/7B9C0D95-ECEC-EA11-80F8-A0369F7D1484-212x300.jpg 212w\" sizes=\"(max-width: 495px) 100vw, 495px\" \/><\/a> <a href=\"https:\/\/www.bbyhaber.com\/bby\/wp-content\/uploads\/2020\/09\/21662E9B-ECEC-EA11-80F8-A0369F7D1484.jpg\"><img loading=\"lazy\" decoding=\"async\" class=\"size-large wp-image-28688 aligncenter\" src=\"https:\/\/www.bbyhaber.com\/bby\/wp-content\/uploads\/2020\/09\/21662E9B-ECEC-EA11-80F8-A0369F7D1484.jpg\" alt=\"\" width=\"495\" height=\"700\" srcset=\"https:\/\/www.bbyhaber.com\/bby\/wp-content\/uploads\/2020\/09\/21662E9B-ECEC-EA11-80F8-A0369F7D1484.jpg 495w, https:\/\/www.bbyhaber.com\/bby\/wp-content\/uploads\/2020\/09\/21662E9B-ECEC-EA11-80F8-A0369F7D1484-212x300.jpg 212w\" sizes=\"(max-width: 495px) 100vw, 495px\" \/><\/a><\/p>\n","protected":false},"excerpt":{"rendered":"<p>Memurlar.net sitesinde yer alan bir habere g\u00f6re, kamu kurumlar\u0131nda g\u00f6rev yapan memurlar\u0131n unvan ve yapt\u0131klar\u0131 i\u015flerle ilgili g\u00f6rev tan\u0131mlar\u0131 belirleniyor. Bu konudaki \u00e7al\u0131\u015fmayla ilgili taslak metin de haz\u0131rland\u0131. Sadece Sabah Memurlar&#8217;\u0131n ula\u015ft\u0131\u011f\u0131 bu taslak \u00e7al\u0131\u015fmada memurlar\u0131n g\u00f6rev tan\u0131mlar\u0131 ve sorumluluklar\u0131 bilgileri de yer al\u0131yor. Sabah Gazetesinin yay\u0131nlad\u0131\u011f\u0131 taslak metinde, unvan\u0131 belirtilen g\u00f6revin tan\u0131m\u0131 yap\u0131ld\u0131ktan sonra [&hellip;]<\/p>\n","protected":false},"author":129,"featured_media":28685,"comment_status":"open","ping_status":"open","sticky":false,"template":"","format":"standard","meta":{"footnotes":""},"categories":[1],"tags":[],"class_list":["post-28684","post","type-post","status-publish","format-standard","has-post-thumbnail","hentry","category-genel"],"_links":{"self":[{"href":"https:\/\/www.bbyhaber.com\/bby\/wp-json\/wp\/v2\/posts\/28684"}],"collection":[{"href":"https:\/\/www.bbyhaber.com\/bby\/wp-json\/wp\/v2\/posts"}],"about":[{"href":"https:\/\/www.bbyhaber.com\/bby\/wp-json\/wp\/v2\/types\/post"}],"author":[{"embeddable":true,"href":"https:\/\/www.bbyhaber.com\/bby\/wp-json\/wp\/v2\/users\/129"}],"replies":[{"embeddable":true,"href":"https:\/\/www.bbyhaber.com\/bby\/wp-json\/wp\/v2\/comments?post=28684"}],"version-history":[{"count":5,"href":"https:\/\/www.bbyhaber.com\/bby\/wp-json\/wp\/v2\/posts\/28684\/revisions"}],"predecessor-version":[{"id":28692,"href":"https:\/\/www.bbyhaber.com\/bby\/wp-json\/wp\/v2\/posts\/28684\/revisions\/28692"}],"wp:featuredmedia":[{"embeddable":true,"href":"https:\/\/www.bbyhaber.com\/bby\/wp-json\/wp\/v2\/media\/28685"}],"wp:attachment":[{"href":"https:\/\/www.bbyhaber.com\/bby\/wp-json\/wp\/v2\/media?parent=28684"}],"wp:term":[{"taxonomy":"category","embeddable":true,"href":"https:\/\/www.bbyhaber.com\/bby\/wp-json\/wp\/v2\/categories?post=28684"},{"taxonomy":"post_tag","embeddable":true,"href":"https:\/\/www.bbyhaber.com\/bby\/wp-json\/wp\/v2\/tags?post=28684"}],"curies":[{"name":"wp","href":"https:\/\/api.w.org\/{rel}","templated":true}]}}