{"id":2866,"date":"2012-03-02T17:47:07","date_gmt":"2012-03-02T17:47:07","guid":{"rendered":"http:\/\/www.bbyhaber.com\/bby\/?p=2866"},"modified":"2012-03-02T17:47:14","modified_gmt":"2012-03-02T17:47:14","slug":"depremzede-ogrencilerden-konteynir-kutuphaneye-yogun-ilgi-van","status":"publish","type":"post","link":"https:\/\/www.bbyhaber.com\/bby\/2012\/03\/02\/depremzede-ogrencilerden-konteynir-kutuphaneye-yogun-ilgi-van","title":{"rendered":"Depremzede \u00f6\u011frencilerden konteyn\u0131r k\u00fct\u00fcphaneye yo\u011fun ilgi-Van"},"content":{"rendered":"<p style=\"text-align: justify;\">Van&#8217;da meydana gelen depremlerin ard\u0131ndan konteyn\u0131r kentlerde a\u00e7\u0131lan k\u00fct\u00fcphanelere \u00f6\u011frenciler b\u00fcy\u00fck ilgi g\u00f6steriyor. Ya\u015fanan 2 b\u00fcy\u00fck depremin ard\u0131ndan \u0130l K\u00fct\u00fcphanesi de kapanm\u0131\u015ft\u0131. \u0130l K\u00fclt\u00fcr ve Turizm M\u00fcd\u00fcrl\u00fc\u011f\u00fc taraf\u0131ndan Tahirpa\u015fa Konteyn\u0131r Kent&#8217;te a\u00e7\u0131lan k\u00fct\u00fcphaneye \u00f6\u011frenciler b\u00fcy\u00fck ilgi g\u00f6steriyor. G\u00fcnl\u00fck k\u00fct\u00fcphaneye gelip kitap okuyan \u00f6\u011frenciler, yap\u0131lan bu hizmetten dolay\u0131 mutlu olduklar\u0131n\u0131 s\u00f6ylediler. Bir\u00e7ok hikaye kitab\u0131 okuduklar\u0131n\u0131 ifade eden \u00f6\u011frenciler, okulun di\u011fer zamanlar\u0131n\u0131 k\u00fct\u00fcphanede de\u011ferlendirdiklerini s\u00f6ylediler.<\/p>\n<p style=\"text-align: justify;\">G\u00f6sterilen ilgiden olduk\u00e7a memnun olduklar\u0131n\u0131 belirten k\u00fct\u00fcphane sorumlusu Elif Ak\u00e7ay, bu ilginin devam etmesini diledi. Ak\u00e7ay, &#8220;K\u00fct\u00fcphanemiz sabah 08.00 ila ak\u015fam 17.00 saatleri aras\u0131nda a\u00e7\u0131k. Bir seferde 10 \u00e7ocuk buradan faydalan\u0131yor ve onlara iki\u015fer saat zaman ay\u0131rabiliyoruz. \u00c7ocuklar bu s\u00fcrede bir kitab\u0131 bitiriyor. G\u00f6sterilen ilgiden memnunuz. Bunun b\u00f6yle devam etmesini diliyoruz&#8221; \u015feklinde konu\u015ftu.<\/p>\n<p style=\"text-align: justify;\">Kaynak: http:\/\/van.haber.pro<\/p>\n","protected":false},"excerpt":{"rendered":"<p>Van&#8217;da meydana gelen depremlerin ard\u0131ndan konteyn\u0131r kentlerde a\u00e7\u0131lan k\u00fct\u00fcphanelere \u00f6\u011frenciler b\u00fcy\u00fck ilgi g\u00f6steriyor. Ya\u015fanan 2 b\u00fcy\u00fck depremin ard\u0131ndan \u0130l K\u00fct\u00fcphanesi de kapanm\u0131\u015ft\u0131. \u0130l K\u00fclt\u00fcr ve Turizm M\u00fcd\u00fcrl\u00fc\u011f\u00fc taraf\u0131ndan Tahirpa\u015fa Konteyn\u0131r Kent&#8217;te a\u00e7\u0131lan k\u00fct\u00fcphaneye \u00f6\u011frenciler b\u00fcy\u00fck ilgi g\u00f6steriyor. G\u00fcnl\u00fck k\u00fct\u00fcphaneye gelip kitap okuyan \u00f6\u011frenciler, yap\u0131lan bu hizmetten dolay\u0131 mutlu olduklar\u0131n\u0131 s\u00f6ylediler. Bir\u00e7ok hikaye kitab\u0131 okuduklar\u0131n\u0131 ifade [&hellip;]<\/p>\n","protected":false},"author":1,"featured_media":0,"comment_status":"open","ping_status":"open","sticky":false,"template":"","format":"standard","meta":{"footnotes":""},"categories":[1555,1],"tags":[],"class_list":["post-2866","post","type-post","status-publish","format-standard","hentry","category-deprem-kutuphane","category-genel"],"_links":{"self":[{"href":"https:\/\/www.bbyhaber.com\/bby\/wp-json\/wp\/v2\/posts\/2866"}],"collection":[{"href":"https:\/\/www.bbyhaber.com\/bby\/wp-json\/wp\/v2\/posts"}],"about":[{"href":"https:\/\/www.bbyhaber.com\/bby\/wp-json\/wp\/v2\/types\/post"}],"author":[{"embeddable":true,"href":"https:\/\/www.bbyhaber.com\/bby\/wp-json\/wp\/v2\/users\/1"}],"replies":[{"embeddable":true,"href":"https:\/\/www.bbyhaber.com\/bby\/wp-json\/wp\/v2\/comments?post=2866"}],"version-history":[{"count":0,"href":"https:\/\/www.bbyhaber.com\/bby\/wp-json\/wp\/v2\/posts\/2866\/revisions"}],"wp:attachment":[{"href":"https:\/\/www.bbyhaber.com\/bby\/wp-json\/wp\/v2\/media?parent=2866"}],"wp:term":[{"taxonomy":"category","embeddable":true,"href":"https:\/\/www.bbyhaber.com\/bby\/wp-json\/wp\/v2\/categories?post=2866"},{"taxonomy":"post_tag","embeddable":true,"href":"https:\/\/www.bbyhaber.com\/bby\/wp-json\/wp\/v2\/tags?post=2866"}],"curies":[{"name":"wp","href":"https:\/\/api.w.org\/{rel}","templated":true}]}}