{"id":2862,"date":"2012-03-02T14:00:13","date_gmt":"2012-03-02T14:00:13","guid":{"rendered":"http:\/\/www.bbyhaber.com\/bby\/?p=2862"},"modified":"2012-09-07T17:50:03","modified_gmt":"2012-09-07T14:50:03","slug":"ipekyolu-ilkogretim-okuluna-kutuphane-silopi","status":"publish","type":"post","link":"https:\/\/www.bbyhaber.com\/bby\/2012\/03\/02\/ipekyolu-ilkogretim-okuluna-kutuphane-silopi","title":{"rendered":"\u0130pekyolu \u0130lk\u00f6\u011fretim Okulu&#8217;na K\u00fct\u00fcphane-Silopi"},"content":{"rendered":"<p style=\"text-align: justify;\">\u0130pekyolu \u0130lk\u00f6\u011fretim Okulu&#8217;nda Global Holding&#8217;in katk\u0131s\u0131yla kurulan k\u00fct\u00fcphane, Silopi Kaymakam\u0131 B\u00fcnyamin Y\u0131ld\u0131z, \u0130l\u00e7e Milli E\u011fitim M\u00fcd\u00fcr\u00fc Sait Uysal ve Okul M\u00fcd\u00fcr\u00fc Hac\u0131 Demir&#8217;in a\u00e7\u0131l\u0131\u015f kurdelesini kesmesi ile hizmete a\u00e7\u0131ld\u0131. Kaymakam Y\u0131ld\u0131z yapt\u0131\u011f\u0131 konu\u015fmada, &#8216;\u0130l\u00e7emizde \u00f6\u011frencilerin fazla olmas\u0131 nedeniyle k\u00fct\u00fcphane ihtiya\u00e7lar\u0131m\u0131z her g\u00fcn daha art\u0131yor. <!--more--><\/p>\n<p style=\"text-align: justify;\">\u00d6\u011frencilerin dershaneler d\u0131\u015f\u0131nda \u00e7al\u0131\u015fabilecekleri alanlar\u0131n olmas\u0131 \u015fartt\u0131r. Teknoloji \u00e7ok geli\u015fiyor ama hi\u00e7bir \u015fey k\u00fct\u00fcphanelerin yerini tutmaz. Evlerimizher zaman \u00e7ok g\u00fcr\u00fclt\u00fcl\u00fc oluyor, istedi\u011fimiz ortam\u0131 kendi evimizde bulmak \u00e7ok zor ama bunu k\u00fct\u00fcphane ortamlar\u0131nda rahat bulabiliriz. \u00c7ocuklar\u0131m\u0131z\u0131n k\u00fc\u00e7\u00fck ya\u015ftan itibaren kitap okumay\u0131 al\u0131\u015fkanl\u0131k haline getirmesi \u00f6nemli. Her ya\u015ftaki insan\u0131m\u0131z\u0131n kitap okumas\u0131 ve kitap okuma salonlar\u0131n\u0131n g\u00fcn\u00fcm\u00fcz\u00fcn \u015fartlar\u0131na uygun \u015fekilde d\u00fczenlenmesi ve her insan\u0131m\u0131z\u0131n bilgisayar okur-yazar\u0131 olmas\u0131 i\u00e7in de \u00e7aba sarf edilmesi gerekiyor. K\u00fct\u00fcphanenin a\u00e7\u0131l\u0131\u015f\u0131nda katk\u0131s\u0131 ge\u00e7en herkese te\u015fekk\u00fcr ediyor ve yeni k\u00fct\u00fcphanenin hay\u0131rl\u0131olmas\u0131n\u0131 diliyorum &#8216; dedi.<\/p>\n<p style=\"text-align: justify;\">\u0130pekyolu \u0130lk\u00f6\u011fretim Okulu M\u00fcd\u00fcr\u00fc Haci Demir ise, &#8216;Bizler b\u00f6lgemizde baz\u0131 \u015feylerin e\u011fitimle de\u011fi\u015febilece\u011fine inan\u0131yoruz. Ben \u015fahs\u0131m olarak y\u00f6netici bulundu\u011fum di\u011fer okullarda da k\u00fct\u00fcphanelerin kurulmas\u0131 i\u00e7in s\u00fcrekli \u00e7al\u0131\u015fmalar\u0131m oluyordu. K\u00fct\u00fcphanelerimizi son derece modern bir \u015fekilde haz\u0131rlad\u0131k, bilgisayar ve yaz\u0131c\u0131lar\u0131m\u0131z haz\u0131r bulunuyor. \u00d6\u011frencilerimiz \u00f6devlerini art\u0131k internet kafe yerine kendi k\u00fct\u00fcphanelerinde haz\u0131rlayacaklar. B\u00f6ylece \u00e7ocuklar\u0131m\u0131z internet kafelere gitmek zorunda kalmayacaklar.K\u00fct\u00fcphanemiz sabah 08.00 ile 17.00 saatlerinde hem \u00f6\u011frencilere hem de \u00f6\u011frenci velilerine hizmet verecektir. SBS&#8217;ye haz\u0131rlanan \u00f6\u011frencilerimiz i\u00e7in k\u00fct\u00fcphanemizde \u00f6\u011fretmenlerimizin katk\u0131lar\u0131 ile program d\u00fczenlenecektir. K\u00fct\u00fcphanemiz yakla\u015f\u0131k 8 bin TL&#8217;ye mal oldu. K\u00fct\u00fcphanemizin b\u00fct\u00fcn kitaplar\u0131 Global Holding firmas\u0131 taraf\u0131ndan sa\u011fland\u0131. Di\u011fer masraflar ise okul velilerimizden ve i\u015f adam\u0131 Senan \u0130din taraf\u0131ndan sa\u011fland\u0131. Bundan dolay\u0131 katk\u0131lar\u0131 ge\u00e7en herkese ve a\u00e7\u0131l\u0131\u015flar\u0131ndan dolay\u0131 Kaymakam\u0131m\u0131za \u00e7okte\u015fekk\u00fcr ediyoruz &#8216; diye konu\u015ftu.<\/p>\n<p style=\"text-align: justify;\">A\u00e7\u0131l\u0131\u015fa ayr\u0131ca \u015fube m\u00fcd\u00fcrleri, Silopi U\u011fur Dershanesi M\u00fcd\u00fcr\u00fc Mahmut Aybi, Silopi Final Dershanesi M\u00fcd\u00fcr\u00fc Ali Ayt\u0131\u015f ve \u00f6\u011fretmenler kat\u0131ld\u0131. \u00d6te yandan Kaymakaml\u0131\u011f\u0131n Vanl\u0131 \u00f6\u011frenciler i\u00e7in yapm\u0131\u015f oldu\u011fu yard\u0131mlar, \u00f6\u011frencilere verilmek \u00fczere okul y\u00f6netimine teslim edildi.<\/p>\n<p style=\"text-align: justify;\">Kaynak:http:\/\/beyazgazete.com<\/p>\n","protected":false},"excerpt":{"rendered":"<p>\u0130pekyolu \u0130lk\u00f6\u011fretim Okulu&#8217;nda Global Holding&#8217;in katk\u0131s\u0131yla kurulan k\u00fct\u00fcphane, Silopi Kaymakam\u0131 B\u00fcnyamin Y\u0131ld\u0131z, \u0130l\u00e7e Milli E\u011fitim M\u00fcd\u00fcr\u00fc Sait Uysal ve Okul M\u00fcd\u00fcr\u00fc Hac\u0131 Demir&#8217;in a\u00e7\u0131l\u0131\u015f kurdelesini kesmesi ile hizmete a\u00e7\u0131ld\u0131. Kaymakam Y\u0131ld\u0131z yapt\u0131\u011f\u0131 konu\u015fmada, &#8216;\u0130l\u00e7emizde \u00f6\u011frencilerin fazla olmas\u0131 nedeniyle k\u00fct\u00fcphane ihtiya\u00e7lar\u0131m\u0131z her g\u00fcn daha art\u0131yor.<\/p>\n","protected":false},"author":1,"featured_media":0,"comment_status":"open","ping_status":"open","sticky":false,"template":"","format":"standard","meta":{"footnotes":""},"categories":[],"tags":[845],"class_list":["post-2862","post","type-post","status-publish","format-standard","hentry","tag-okul-kutuphaneleri"],"_links":{"self":[{"href":"https:\/\/www.bbyhaber.com\/bby\/wp-json\/wp\/v2\/posts\/2862"}],"collection":[{"href":"https:\/\/www.bbyhaber.com\/bby\/wp-json\/wp\/v2\/posts"}],"about":[{"href":"https:\/\/www.bbyhaber.com\/bby\/wp-json\/wp\/v2\/types\/post"}],"author":[{"embeddable":true,"href":"https:\/\/www.bbyhaber.com\/bby\/wp-json\/wp\/v2\/users\/1"}],"replies":[{"embeddable":true,"href":"https:\/\/www.bbyhaber.com\/bby\/wp-json\/wp\/v2\/comments?post=2862"}],"version-history":[{"count":0,"href":"https:\/\/www.bbyhaber.com\/bby\/wp-json\/wp\/v2\/posts\/2862\/revisions"}],"wp:attachment":[{"href":"https:\/\/www.bbyhaber.com\/bby\/wp-json\/wp\/v2\/media?parent=2862"}],"wp:term":[{"taxonomy":"category","embeddable":true,"href":"https:\/\/www.bbyhaber.com\/bby\/wp-json\/wp\/v2\/categories?post=2862"},{"taxonomy":"post_tag","embeddable":true,"href":"https:\/\/www.bbyhaber.com\/bby\/wp-json\/wp\/v2\/tags?post=2862"}],"curies":[{"name":"wp","href":"https:\/\/api.w.org\/{rel}","templated":true}]}}