{"id":28619,"date":"2020-08-23T23:17:26","date_gmt":"2020-08-23T20:17:26","guid":{"rendered":"https:\/\/www.bbyhaber.com\/bby\/?p=28619"},"modified":"2020-09-30T12:46:25","modified_gmt":"2020-09-30T09:46:25","slug":"turk-kutuphaneciligi-dergisi-cilt-34-sayi-2-2020-yayinlandi","status":"publish","type":"post","link":"https:\/\/www.bbyhaber.com\/bby\/2020\/08\/23\/turk-kutuphaneciligi-dergisi-cilt-34-sayi-2-2020-yayinlandi","title":{"rendered":"T\u00fcrk K\u00fct\u00fcphanecili\u011fi Dergisi: Cilt 34, Say\u0131 2 (2020) yay\u0131nland\u0131"},"content":{"rendered":"<p><a href=\"https:\/\/dergipark.org.tr\/tr\/pub\/tk\"><img loading=\"lazy\" decoding=\"async\" class=\"wp-image-28620 alignleft\" src=\"https:\/\/www.bbyhaber.com\/bby\/wp-content\/uploads\/2020\/08\/Turk-Kutuphaneciligi-Dergisi-Cilt-34-Sayi-2.png\" alt=\"\" width=\"424\" height=\"212\" srcset=\"https:\/\/www.bbyhaber.com\/bby\/wp-content\/uploads\/2020\/08\/Turk-Kutuphaneciligi-Dergisi-Cilt-34-Sayi-2.png 660w, https:\/\/www.bbyhaber.com\/bby\/wp-content\/uploads\/2020\/08\/Turk-Kutuphaneciligi-Dergisi-Cilt-34-Sayi-2-300x150.png 300w\" sizes=\"(max-width: 424px) 100vw, 424px\" \/><\/a>T\u00fcrk K\u00fct\u00fcphanecili\u011fi&#8217;nin bu say\u0131s\u0131, ge\u00e7en y\u0131l aram\u0131zdan ayr\u0131lan ancak hayatta oldu\u011fu s\u00fcre boyunca iyi olma konusundaki kararl\u0131l\u0131\u011f\u0131yla hepimize \u00f6rnek olmu\u015f \u00e7ok de\u011ferli Hocam\u0131z Prof. Dr. Berin U. Yurdado\u011f&#8217;a \u00f6zel olarak haz\u0131rlanm\u0131\u015ft\u0131r.<!--more--><\/p>\n<div>\n<p>TK dergisi\u00a0<strong>DergiPark<\/strong>\u00a0\u00fczerinden yay\u0131n hayat\u0131na devam etmektedir.\u00a0 \u201c<a href=\"https:\/\/dergipark.org.tr\/tr\/pub\/tk\/issue\/55516\" target=\"_blank\" rel=\"noopener noreferrer\"><strong>Cilt 34, Say\u0131 2 (2020)<\/strong><\/a>\u201d<\/p>\n<p>Yeni say\u0131y\u0131 okumak i\u00e7in\u00a0<a href=\"https:\/\/dergipark.org.tr\/tr\/pub\/tk\/issue\/55516\" target=\"_blank\" rel=\"noopener noreferrer\"><strong>l\u00fctfen t\u0131klay\u0131n\u0131z.<\/strong><\/a><\/p>\n<\/div>\n<p><a href=\"https:\/\/dergipark.org.tr\/tr\/pub\/tk\/issue\/55516\"><img loading=\"lazy\" decoding=\"async\" class=\"size-full wp-image-28621 alignleft\" src=\"https:\/\/www.bbyhaber.com\/bby\/wp-content\/uploads\/2020\/08\/5efa28ce2ec09.jpg\" alt=\"\" width=\"180\" height=\"270\" \/><\/a><\/p>\n","protected":false},"excerpt":{"rendered":"<p>T\u00fcrk K\u00fct\u00fcphanecili\u011fi&#8217;nin bu say\u0131s\u0131, ge\u00e7en y\u0131l aram\u0131zdan ayr\u0131lan ancak hayatta oldu\u011fu s\u00fcre boyunca iyi olma konusundaki kararl\u0131l\u0131\u011f\u0131yla hepimize \u00f6rnek olmu\u015f \u00e7ok de\u011ferli Hocam\u0131z Prof. Dr. Berin U. Yurdado\u011f&#8217;a \u00f6zel olarak haz\u0131rlanm\u0131\u015ft\u0131r.<\/p>\n","protected":false},"author":129,"featured_media":28620,"comment_status":"open","ping_status":"open","sticky":false,"template":"","format":"standard","meta":{"footnotes":""},"categories":[1],"tags":[1416],"class_list":["post-28619","post","type-post","status-publish","format-standard","has-post-thumbnail","hentry","category-genel","tag-turk-kutuphaneciligi"],"_links":{"self":[{"href":"https:\/\/www.bbyhaber.com\/bby\/wp-json\/wp\/v2\/posts\/28619"}],"collection":[{"href":"https:\/\/www.bbyhaber.com\/bby\/wp-json\/wp\/v2\/posts"}],"about":[{"href":"https:\/\/www.bbyhaber.com\/bby\/wp-json\/wp\/v2\/types\/post"}],"author":[{"embeddable":true,"href":"https:\/\/www.bbyhaber.com\/bby\/wp-json\/wp\/v2\/users\/129"}],"replies":[{"embeddable":true,"href":"https:\/\/www.bbyhaber.com\/bby\/wp-json\/wp\/v2\/comments?post=28619"}],"version-history":[{"count":5,"href":"https:\/\/www.bbyhaber.com\/bby\/wp-json\/wp\/v2\/posts\/28619\/revisions"}],"predecessor-version":[{"id":28759,"href":"https:\/\/www.bbyhaber.com\/bby\/wp-json\/wp\/v2\/posts\/28619\/revisions\/28759"}],"wp:featuredmedia":[{"embeddable":true,"href":"https:\/\/www.bbyhaber.com\/bby\/wp-json\/wp\/v2\/media\/28620"}],"wp:attachment":[{"href":"https:\/\/www.bbyhaber.com\/bby\/wp-json\/wp\/v2\/media?parent=28619"}],"wp:term":[{"taxonomy":"category","embeddable":true,"href":"https:\/\/www.bbyhaber.com\/bby\/wp-json\/wp\/v2\/categories?post=28619"},{"taxonomy":"post_tag","embeddable":true,"href":"https:\/\/www.bbyhaber.com\/bby\/wp-json\/wp\/v2\/tags?post=28619"}],"curies":[{"name":"wp","href":"https:\/\/api.w.org\/{rel}","templated":true}]}}