{"id":28611,"date":"2020-08-19T16:45:38","date_gmt":"2020-08-19T13:45:38","guid":{"rendered":"https:\/\/www.bbyhaber.com\/bby\/?p=28611"},"modified":"2020-08-19T16:46:00","modified_gmt":"2020-08-19T13:46:00","slug":"kutahya-kutuphaneleri-is-birligi-platformu-kuruluyor","status":"publish","type":"post","link":"https:\/\/www.bbyhaber.com\/bby\/2020\/08\/19\/kutahya-kutuphaneleri-is-birligi-platformu-kuruluyor","title":{"rendered":"K\u00fctahya K\u00fct\u00fcphaneleri \u0130\u015f Birli\u011fi Platformu Kuruluyor"},"content":{"rendered":"<p><a href=\"https:\/\/www.bbyhaber.com\/bby\/wp-content\/uploads\/2020\/08\/kutahya-kutuphaneleri-isbirligi-platformu.jpg\"><img loading=\"lazy\" decoding=\"async\" class=\"alignleft size-full wp-image-28612\" src=\"https:\/\/www.bbyhaber.com\/bby\/wp-content\/uploads\/2020\/08\/kutahya-kutuphaneleri-isbirligi-platformu.jpg\" alt=\"\" width=\"390\" height=\"180\" \/><\/a>K\u00fctahya\u2019da faaliyet g\u00f6steren k\u00fct\u00fcphane y\u00f6neticileri bir araya gelerek Covid-19 salg\u0131n\u0131 s\u00fcrecinde k\u00fct\u00fcphanelerin ya\u015fad\u0131\u011f\u0131 s\u0131k\u0131nt\u0131lar ve al\u0131nan \u00f6nlemleri de\u011ferlendirdi.<!--more--><\/p>\n<p>K\u00fctahya Dumlup\u0131nar \u00dcniversitesi, K\u00fctahya&#8217;da faaliyet g\u00f6steren k\u00fct\u00fcphanelerin y\u00f6neticilerinin bir araya geldi\u011fi toplant\u0131ya ev sahipli\u011fi yapt\u0131.<\/p>\n<p>\u015eehit Astsubay \u00d6mer Halisdemir K\u00fct\u00fcphanesi&#8217;nde d\u00fczenlenen ve \u00dcniversitemizin k\u00fct\u00fcphanesini K\u00fct\u00fcphane ve Dok\u00fcmantasyon Daire Ba\u015fkan\u0131m\u0131z Murat Zengin&#8217;in temsil etti\u011fi toplant\u0131ya, K\u00fctahya Sa\u011fl\u0131k Bilimleri \u00dcniversitesi K\u00fct\u00fcphane ve Dok\u00fcmantasyon Daire Ba\u015fkan\u0131 Hasip Kaya, \u0130l Halk K\u00fct\u00fcphanesi M\u00fcd\u00fcr\u00fc Bar\u0131\u015f Ba\u015fo\u011flu, Vahit Pa\u015fa Yazma Eserler K\u00fct\u00fcphanesi M\u00fcd\u00fcr\u00fc Mevl\u00fct \u00c7etin ve K\u00fctahya Belediyesi Mustafa Hakk\u0131 Ye\u015fil K\u00fct\u00fcphanesi Yetkilisi Emine Gedik kat\u0131ld\u0131.<\/p>\n<p>Toplant\u0131da k\u00fct\u00fcphanecilik alan\u0131nda bilgi al\u0131\u015fveri\u015fi yap\u0131larak Covid-19 salg\u0131n\u0131 s\u00fcrecinde k\u00fct\u00fcphanelerin ya\u015fad\u0131\u011f\u0131 s\u0131k\u0131nt\u0131lar ve al\u0131nan \u00f6nlemler de\u011ferlendirildi. Toplant\u0131 sonunda ise K\u00fctahya k\u00fct\u00fcphanecili\u011fini geli\u015ftirmek ad\u0131na bir dizi kararlar al\u0131nd\u0131.<\/p>\n<p>\u00d6ncelikle K\u00fctahya K\u00fct\u00fcphaneleri \u0130\u015f Birli\u011fi Platformu ad\u0131 alt\u0131nda ortak bir \u00e7al\u0131\u015fma gurubunun kurulmas\u0131 konusunda fikir birli\u011fine var\u0131ld\u0131. Olu\u015fturulacak bu platform ile K\u00fctahya il genelinde kitap okuma sevgisinin art\u0131r\u0131lmas\u0131na y\u00f6nelik projeler geli\u015ftirilmesine ve bu i\u015f birli\u011fi kapsam\u0131nda K\u00fctahya&#8217;daki yay\u0131nc\u0131 kurulu\u015flar ile ilgili STK&#8217;larla da ortak \u00e7al\u0131\u015fmalar yap\u0131labilece\u011fi de\u011ferlendirildi.<\/p>\n<p><strong>K\u00dcT\u00dcPHANELER ARASINDA \u0130\u015e B\u0130RL\u0130\u011e\u0130 SA\u011eLANACAK<\/strong><\/p>\n<p>Platform ile K\u00fctahya&#8217;da kitaba ihtiyac\u0131 olan ki\u015fi ve kurumlar ile kitap ba\u011f\u0131\u015f\u00e7\u0131lar\u0131 aras\u0131nda k\u00f6pr\u00fc kurulmas\u0131 ve do\u011fru kaynaklar\u0131n do\u011fru yerlere ula\u015ft\u0131r\u0131lmas\u0131 planland\u0131. K\u00fct\u00fcphanelere hizmet alan\u0131 d\u0131\u015f\u0131nda gelen ba\u011f\u0131\u015f kitaplar\u0131n \u00f6ncelikle platform \u00fcyesi k\u00fct\u00fcphaneler aras\u0131nda payla\u015f\u0131lmas\u0131, ba\u011f\u0131\u015f fazlalar\u0131n\u0131n ise K\u00fctahya il genelinde kamu kurum ve kurulu\u015flar\u0131 aras\u0131nda ihtiya\u00e7lar\u0131na g\u00f6re payla\u015ft\u0131r\u0131lmas\u0131 ile K\u00fctahya&#8217;n\u0131n tarih, k\u00fclt\u00fcr ve sosyal yap\u0131s\u0131na uygun \u00e7al\u0131\u015fmalar yap\u0131lmas\u0131 ve yap\u0131lan \u00e7al\u0131\u015fmalara destek olunmas\u0131 hedefleniyor.<\/p>\n<p>Ayr\u0131ca platformda bulunan k\u00fct\u00fcphanelerin sorunlar\u0131n\u0131n tespiti, bu sorunlar ortak \u00e7\u00f6z\u00fcm yollar\u0131n\u0131n bulunmas\u0131 ve olanaklar \u00f6l\u00e7\u00fcs\u00fcnde yard\u0131mla\u015f\u0131lmas\u0131 ile k\u00fct\u00fcphanelerin fiziki olanaklar\u0131n\u0131n ve malzemelerinin platform \u00fcyeleri aras\u0131nda ihtiya\u00e7 d\u00e2hilinde ortak kullan\u0131ma sunulmas\u0131 konusunda da anla\u015fma sa\u011fland\u0131.<\/p>\n<p>Toplant\u0131da ayr\u0131ca K\u00fctahya K\u00fct\u00fcphaneleri \u0130\u015f Birli\u011fi Platformunun her ay\u0131n ilk haftas\u0131nda toplanmas\u0131 ve bu toplant\u0131lar\u0131n daha geni\u015f kat\u0131l\u0131ml\u0131 ger\u00e7ekle\u015ftirilmesi kararla\u015ft\u0131r\u0131ld\u0131.<\/p>\n<p><a href=\"http:\/\/haber.dpu.edu.tr\/\" target=\"_blank\" rel=\"noopener\">Kaynak<\/a><\/p>\n","protected":false},"excerpt":{"rendered":"<p>K\u00fctahya\u2019da faaliyet g\u00f6steren k\u00fct\u00fcphane y\u00f6neticileri bir araya gelerek Covid-19 salg\u0131n\u0131 s\u00fcrecinde k\u00fct\u00fcphanelerin ya\u015fad\u0131\u011f\u0131 s\u0131k\u0131nt\u0131lar ve al\u0131nan \u00f6nlemleri de\u011ferlendirdi.<\/p>\n","protected":false},"author":1,"featured_media":28612,"comment_status":"open","ping_status":"open","sticky":false,"template":"","format":"standard","meta":{"footnotes":""},"categories":[1],"tags":[],"class_list":["post-28611","post","type-post","status-publish","format-standard","has-post-thumbnail","hentry","category-genel"],"_links":{"self":[{"href":"https:\/\/www.bbyhaber.com\/bby\/wp-json\/wp\/v2\/posts\/28611"}],"collection":[{"href":"https:\/\/www.bbyhaber.com\/bby\/wp-json\/wp\/v2\/posts"}],"about":[{"href":"https:\/\/www.bbyhaber.com\/bby\/wp-json\/wp\/v2\/types\/post"}],"author":[{"embeddable":true,"href":"https:\/\/www.bbyhaber.com\/bby\/wp-json\/wp\/v2\/users\/1"}],"replies":[{"embeddable":true,"href":"https:\/\/www.bbyhaber.com\/bby\/wp-json\/wp\/v2\/comments?post=28611"}],"version-history":[{"count":2,"href":"https:\/\/www.bbyhaber.com\/bby\/wp-json\/wp\/v2\/posts\/28611\/revisions"}],"predecessor-version":[{"id":28614,"href":"https:\/\/www.bbyhaber.com\/bby\/wp-json\/wp\/v2\/posts\/28611\/revisions\/28614"}],"wp:featuredmedia":[{"embeddable":true,"href":"https:\/\/www.bbyhaber.com\/bby\/wp-json\/wp\/v2\/media\/28612"}],"wp:attachment":[{"href":"https:\/\/www.bbyhaber.com\/bby\/wp-json\/wp\/v2\/media?parent=28611"}],"wp:term":[{"taxonomy":"category","embeddable":true,"href":"https:\/\/www.bbyhaber.com\/bby\/wp-json\/wp\/v2\/categories?post=28611"},{"taxonomy":"post_tag","embeddable":true,"href":"https:\/\/www.bbyhaber.com\/bby\/wp-json\/wp\/v2\/tags?post=28611"}],"curies":[{"name":"wp","href":"https:\/\/api.w.org\/{rel}","templated":true}]}}