{"id":28578,"date":"2020-07-26T15:21:19","date_gmt":"2020-07-26T12:21:19","guid":{"rendered":"https:\/\/www.bbyhaber.com\/bby\/?p=28578"},"modified":"2020-07-26T22:38:03","modified_gmt":"2020-07-26T19:38:03","slug":"nasipse-adayiz","status":"publish","type":"post","link":"https:\/\/www.bbyhaber.com\/bby\/2020\/07\/26\/nasipse-adayiz","title":{"rendered":"Nasipse Aday\u0131z!"},"content":{"rendered":"<p>[avatar user=&#8221;cemozel&#8221; \/]<a href=\"http:\/\/www.bbyhaber.com\/bby\/author\/cemozel\"><br \/>\nCem \u00d6ZEL<\/a><br \/>\n<strong>Kullan\u0131c\u0131 Hizmetleri Y\u00f6neticisi\/Sabanc\u0131 \u00dcniversitesi Bilgi Merkezi<\/strong><\/p>\n<p><a href=\"https:\/\/www.bbyhaber.com\/bby\/wp-content\/uploads\/2020\/07\/D4A822BE-D096-4F65-8E7D-8BD5E0BF4208.jpeg\"><img loading=\"lazy\" decoding=\"async\" class=\"alignleft size-full wp-image-28579\" src=\"https:\/\/www.bbyhaber.com\/bby\/wp-content\/uploads\/2020\/07\/D4A822BE-D096-4F65-8E7D-8BD5E0BF4208.jpeg\" alt=\"\" width=\"390\" height=\"180\" \/><\/a>Ercan Kesal\u2019\u0131n, san\u0131r\u0131m kendi yaz\u0131p y\u00f6netti\u011fi ve oynad\u0131\u011f\u0131 ilk film. \u00dc\u00e7\u00fc bir arada.<!--more--><\/p>\n<p>Kitab\u0131n\u0131 yazm\u0131\u015f sonra filme \u00e7evirmi\u015f. \u0130yi ki de \u00e7evirmi\u015f. B\u00f6ylece hem kitab\u0131nda hem de filminde siyasetin nas\u0131l pis kokulu bir la\u011f\u0131m \u00e7ukurundan farkl\u0131 olmad\u0131\u011f\u0131n\u0131 bir kez de\u011fil, iki kez, hem okumu\u015f hem de g\u00f6rm\u00fc\u015f olduk. D\u00fcn ak\u015fam Kad\u0131k\u00f6y Sinemas\u0131\u2019ndaki g\u00f6sterime ben de davetliydim. Biraz erken gitmi\u015fim. \u0130lk defa oyuncular\u0131n\u0131n salonda oldu\u011fu bir film izledim. Filmi izlerken bir ara g\u00f6zlerim, karakterleri salonda aramaya ba\u015flad\u0131. Tuhaf bir duygu. Babacan Ercan Kesal, sinema \u00f6n\u00fcnde davet etti\u011fi arkada\u015flar\u0131n\u0131n yo\u011fun ilgi ve g\u00f6z hapsindeydi. Belli ki hem mutlu hem de herkese yeti\u015fme tela\u015f\u0131 i\u00e7indeydi. Bu pandemi s\u00fcrecinde de tokala\u015fmay\u0131 de\u011fil dirsekle\u015fmeyi deniyordu. Onu \u00f6zleyen kimi arkada\u015flar\u0131 sar\u0131lman\u0131n pe\u015findeydi. Kimilerine k\u0131yam\u0131yor, \u201cAmaaan, ne olursa olsun be\u201d der gibi d\u00fc\u015f\u00fcn\u00fcp sar\u0131l\u0131yordu.<\/p>\n<p>Herkes birbirine bak\u0131yordu. \u201cAcaba beni tan\u0131yacaklar m\u0131\u201d ya da \u201c\u015fu kim o da m\u0131 \u00fcnl\u00fc\u201d d\u00fc\u015f\u00fcnceleri k\u0131l\u0131\u00e7 kalkan oynuyordu mekan\u0131n giri\u015f atmosferinde.<\/p>\n<p>Salona yo\u011fun \u201csa\u011fl\u0131k\u201d \u00f6nlemleriyle girdik. Dezenfektanlar, maskeler ve ate\u015f \u00f6l\u00e7erlerle. Ne yalan s\u00f6yleyeyim, ilk defa gidiyordum Kad\u0131k\u00f6y sahnesine. \u00a0Tavanda yelkenlere benzetilmi\u015f bir yap\u0131 vard\u0131. Ercan Kesal\u2019\u0131n hayallerine yelken a\u00e7acakt\u0131k sinema gemisinde.<\/p>\n<p>Filme kar\u015f\u0131 \u00f6n yarg\u0131l\u0131yd\u0131m; \u00e7\u00fcnk\u00fc kitaptan uyarlamayd\u0131. \u015eunu sezdim ki, kitap ile senaryoyu sanki ayr\u0131 ayr\u0131 yazm\u0131\u015ft\u0131 Ercan Kesal. Kitaptan al\u0131nt\u0131lar, \u00e7ok olmakla birlikte yeni yeni \u015feyler de eklemi\u015fti. Filmin sonu da bir \u00f6yk\u00fc tad\u0131nda bitiyordu. \u00d6yk\u00fc severler ne dedi\u011fimi hemen anlayacaklard\u0131r. Bu nedenle nas\u0131l bir y\u00f6ntemle bitti\u011fini anlatmayaca\u011f\u0131m.<\/p>\n<p>Filmde Ercan Kesal\u2019\u0131n e\u015fi Nazan Kesal da oynuyordu. Nazan Kesal\u2019\u0131 san\u0131r\u0131m ilk defa Delibal filminde izlemi\u015f ve hayran olmu\u015ftum.<\/p>\n<p>Filmimize gelelim.<\/p>\n<p>Konusu \u0130stanbul\u2019da bir il\u00e7e belediyesine aday aday\u0131 olan bir doktorun ba\u015f\u0131ndan ge\u00e7en traji komik olaylar\u0131 anlat\u0131yor. Asl\u0131nda hepimizin bildi\u011fi \u015feyler; ama i\u015fte sanat\u00e7\u0131 dedi\u011fin ki\u015filer bunun kitab\u0131n\u0131 yaz\u0131yor, filmini \u00e7ekiyor. Bir yazar ya da y\u00f6netmen olsak \u201cneden bu konu benim akl\u0131ma gelmedi\u201d dedirtecek bir konu. Asl\u0131nda ara; ama film gere\u011fi ana karakteri canland\u0131ran Partigenel ba\u015fkan\u0131 ya da filmdeki s\u00f6yleni\u015fe g\u00f6re \u201cbir numara\u201d, tarihin tozlu sayfalar\u0131nda zerreden \u00f6teye gidemeyecek; ama sanat\u0131yla ve yazd\u0131klar\u0131yla as\u0131l kahraman\u0131m\u0131z Dr. Kemal G\u00fcner sonsuza dek ya\u015fayacak. Zannediyorum filmde i\u015flenen bu konuyu 100 y\u0131l sonra da ya\u015fayacak hen\u00fcz hayata gelmemi\u015f ku\u015faklar.<\/p>\n<p>Filmin talihsizli\u011fi pandemi s\u00fcrecine denk gelmesiydi; ama Ercan Kesal\u2019\u0131n b\u00fct\u00fcn kitaplar\u0131n\u0131 okumu\u015f, b\u00fct\u00fcn filmlerini izlemi\u015f biri olarak herkese tavsiye ediyorum. \u00a0Buradan kitaplar\u0131n\u0131 bir kez daha zikredelim de, hen\u00fcz Ercan Kesal\u2019\u0131 okumam\u0131\u015f olanlardan bir hay\u0131r duas\u0131 alal\u0131m:<\/p>\n<p><strong><span class=\"s5\">Peri<\/span> <span class=\"s5\">Gazozu<\/span><\/strong><\/p>\n<p><strong><span class=\"s5\">Evvel<\/span><span class=\"s5\"> Zaman<\/span><\/strong><\/p>\n<p><strong><span class=\"s5\">Nasipse<\/span> <span class=\"s5\">Aday\u0131z<\/span><\/strong><\/p>\n<p><strong><span class=\"s5\">Cin<\/span> <span class=\"s5\">Aynas\u0131<\/span><\/strong><\/p>\n<p><strong><span class=\"s5\">Zaman\u0131n<\/span> <span class=\"s5\">\u0130zinde<\/span><\/strong><\/p>\n<p><strong><span class=\"s5\">Kendi<\/span> <span class=\"s5\">I\u015f\u0131\u011f\u0131nda<\/span> <span class=\"s5\">Yanan<\/span><span class=\"s5\"> Adam<\/span><\/strong><\/p>\n<p><strong><span class=\"s5\">Cin<\/span> <span class=\"s5\">Aynas\u0131<\/span><\/strong><\/p>\n<p><strong><span class=\"s5\">Asl\u0131nda<\/span><\/strong><\/p>\n<p><strong><span class=\"s5\">Velhas\u0131l<\/span><\/strong><\/p>\n<p>Hem keyifli okumalar hem de keyifli seyirler\u2026<\/p>\n","protected":false},"excerpt":{"rendered":"<p>[avatar user=&#8221;cemozel&#8221; \/] Cem \u00d6ZEL Kullan\u0131c\u0131 Hizmetleri Y\u00f6neticisi\/Sabanc\u0131 \u00dcniversitesi Bilgi Merkezi Ercan Kesal\u2019\u0131n, san\u0131r\u0131m kendi yaz\u0131p y\u00f6netti\u011fi ve oynad\u0131\u011f\u0131 ilk film. \u00dc\u00e7\u00fc bir arada.<\/p>\n","protected":false},"author":143,"featured_media":28579,"comment_status":"open","ping_status":"open","sticky":false,"template":"","format":"standard","meta":{"footnotes":""},"categories":[],"tags":[1460],"class_list":["post-28578","post","type-post","status-publish","format-standard","has-post-thumbnail","hentry","tag-kose-yazarlari"],"_links":{"self":[{"href":"https:\/\/www.bbyhaber.com\/bby\/wp-json\/wp\/v2\/posts\/28578"}],"collection":[{"href":"https:\/\/www.bbyhaber.com\/bby\/wp-json\/wp\/v2\/posts"}],"about":[{"href":"https:\/\/www.bbyhaber.com\/bby\/wp-json\/wp\/v2\/types\/post"}],"author":[{"embeddable":true,"href":"https:\/\/www.bbyhaber.com\/bby\/wp-json\/wp\/v2\/users\/143"}],"replies":[{"embeddable":true,"href":"https:\/\/www.bbyhaber.com\/bby\/wp-json\/wp\/v2\/comments?post=28578"}],"version-history":[{"count":4,"href":"https:\/\/www.bbyhaber.com\/bby\/wp-json\/wp\/v2\/posts\/28578\/revisions"}],"predecessor-version":[{"id":28583,"href":"https:\/\/www.bbyhaber.com\/bby\/wp-json\/wp\/v2\/posts\/28578\/revisions\/28583"}],"wp:featuredmedia":[{"embeddable":true,"href":"https:\/\/www.bbyhaber.com\/bby\/wp-json\/wp\/v2\/media\/28579"}],"wp:attachment":[{"href":"https:\/\/www.bbyhaber.com\/bby\/wp-json\/wp\/v2\/media?parent=28578"}],"wp:term":[{"taxonomy":"category","embeddable":true,"href":"https:\/\/www.bbyhaber.com\/bby\/wp-json\/wp\/v2\/categories?post=28578"},{"taxonomy":"post_tag","embeddable":true,"href":"https:\/\/www.bbyhaber.com\/bby\/wp-json\/wp\/v2\/tags?post=28578"}],"curies":[{"name":"wp","href":"https:\/\/api.w.org\/{rel}","templated":true}]}}