{"id":28537,"date":"2020-07-06T16:24:37","date_gmt":"2020-07-06T13:24:37","guid":{"rendered":"https:\/\/www.bbyhaber.com\/bby\/?p=28537"},"modified":"2020-07-06T16:24:37","modified_gmt":"2020-07-06T13:24:37","slug":"kalkinma-kutuphanesi-web-portali-acildi","status":"publish","type":"post","link":"https:\/\/www.bbyhaber.com\/bby\/2020\/07\/06\/kalkinma-kutuphanesi-web-portali-acildi","title":{"rendered":"Kalk\u0131nma K\u00fct\u00fcphanesi web portal\u0131 a\u00e7\u0131ld\u0131"},"content":{"rendered":"<p><a href=\"https:\/\/www.bbyhaber.com\/bby\/wp-content\/uploads\/2020\/07\/kalkinma-kutuphanesi-yayinda.jpg\"><img loading=\"lazy\" decoding=\"async\" class=\"alignleft wp-image-28538 size-full\" src=\"https:\/\/www.bbyhaber.com\/bby\/wp-content\/uploads\/2020\/07\/kalkinma-kutuphanesi-yayinda.jpg\" alt=\"\" width=\"390\" height=\"180\" \/><\/a><\/p>\n<p>Bakanl\u0131\u011f\u0131m\u0131z koordinasyonunda faaliyetlerini y\u00fcr\u00fcten Kalk\u0131nma Ajanslar\u0131, yerel potansiyelleri ortaya \u00e7\u0131karmak, i\u015fbirli\u011fi k\u00fclt\u00fcr\u00fcn\u00fc geli\u015ftirmek ve yerel kabiliyetleri desteklemek \u00fczere faaliyet g\u00f6steren b\u00f6lgesel kalk\u0131nma kurulu\u015flar\u0131d\u0131r. Bir\u00e7ok alanda faaliyetleri olan kalk\u0131nma ajanslar\u0131n\u0131n \u00f6nemli g\u00f6revlerinden birisi de b\u00f6lgelerinin kalk\u0131nmas\u0131yla ilgili olarak plan ve programlar, sekt\u00f6rel analiz raporlar\u0131, proje fizibilite raporlar\u0131, etki analizleri ve daha bir\u00e7ok t\u00fcrdeki yay\u0131nlar\u0131 haz\u0131rlamakt\u0131r.<!--more--><\/p>\n<p>Kalk\u0131nma ajanslar\u0131n\u0131n bilimsel bilgiye dayanarak, \u015feffafl\u0131k, tarafs\u0131zl\u0131k, g\u00fcncellik, fikri m\u00fclkiyet haklar\u0131na sayg\u0131 ilkelerine ba\u011fl\u0131 kalarak haz\u0131rlam\u0131\u015f olduklar\u0131 yay\u0131nlar, temel olarak b\u00f6lgesel ve ulusal geli\u015fmeye katk\u0131da bulunma amac\u0131 ta\u015f\u0131maktad\u0131r. Bu yay\u0131nlar \u00f6zel sekt\u00f6r yat\u0131r\u0131mc\u0131lar\u0131na yol g\u00f6sterici, merkezi ve yerel d\u00fczeyde kamunun politika yapma s\u00fcrecini destekleyici dok\u00fcmanlar olup ara\u015ft\u0131rmac\u0131lar ve kamuoyu i\u00e7in ba\u015fvuru kayna\u011f\u0131d\u0131r.<\/p>\n<p>Bu kapsamda kalk\u0131nma ajanslar\u0131n\u0131n b\u00f6lgesel kalk\u0131nmayla ilgili olarak kurulu\u015fundan g\u00fcn\u00fcm\u00fcze yapt\u0131\u011f\u0131 ve yapt\u0131rd\u0131\u011f\u0131; plan, program, strateji, sekt\u00f6rel ve b\u00f6lgesel analiz raporlar\u0131 vb. nitelikteki \u00e7al\u0131\u015fmalar\u0131n tek bir web platformu \u00fczerinden ara\u015ft\u0131rmac\u0131lar ve kamuoyu ile payla\u015f\u0131lmas\u0131na y\u00f6nelik olarak tasarlanan <strong>Kalk\u0131nma K\u00fct\u00fcphanesi web portal\u0131<\/strong> <strong><a href=\"https:\/\/www.kalkinmakutuphanesi.gov.tr\/\" target=\"_blank\" rel=\"noopener\">www.kalkinmakutuphanesi.gov.tr<\/a><\/strong> adresinde kullan\u0131ma a\u00e7\u0131lm\u0131\u015ft\u0131r.<\/p>\n","protected":false},"excerpt":{"rendered":"<p>Bakanl\u0131\u011f\u0131m\u0131z koordinasyonunda faaliyetlerini y\u00fcr\u00fcten Kalk\u0131nma Ajanslar\u0131, yerel potansiyelleri ortaya \u00e7\u0131karmak, i\u015fbirli\u011fi k\u00fclt\u00fcr\u00fcn\u00fc geli\u015ftirmek ve yerel kabiliyetleri desteklemek \u00fczere faaliyet g\u00f6steren b\u00f6lgesel kalk\u0131nma kurulu\u015flar\u0131d\u0131r. Bir\u00e7ok alanda faaliyetleri olan kalk\u0131nma ajanslar\u0131n\u0131n \u00f6nemli g\u00f6revlerinden birisi de b\u00f6lgelerinin kalk\u0131nmas\u0131yla ilgili olarak plan ve programlar, sekt\u00f6rel analiz raporlar\u0131, proje fizibilite raporlar\u0131, etki analizleri ve daha bir\u00e7ok t\u00fcrdeki yay\u0131nlar\u0131 haz\u0131rlamakt\u0131r.<\/p>\n","protected":false},"author":1,"featured_media":28538,"comment_status":"open","ping_status":"open","sticky":false,"template":"","format":"standard","meta":{"footnotes":""},"categories":[1],"tags":[],"class_list":["post-28537","post","type-post","status-publish","format-standard","has-post-thumbnail","hentry","category-genel"],"_links":{"self":[{"href":"https:\/\/www.bbyhaber.com\/bby\/wp-json\/wp\/v2\/posts\/28537"}],"collection":[{"href":"https:\/\/www.bbyhaber.com\/bby\/wp-json\/wp\/v2\/posts"}],"about":[{"href":"https:\/\/www.bbyhaber.com\/bby\/wp-json\/wp\/v2\/types\/post"}],"author":[{"embeddable":true,"href":"https:\/\/www.bbyhaber.com\/bby\/wp-json\/wp\/v2\/users\/1"}],"replies":[{"embeddable":true,"href":"https:\/\/www.bbyhaber.com\/bby\/wp-json\/wp\/v2\/comments?post=28537"}],"version-history":[{"count":1,"href":"https:\/\/www.bbyhaber.com\/bby\/wp-json\/wp\/v2\/posts\/28537\/revisions"}],"predecessor-version":[{"id":28539,"href":"https:\/\/www.bbyhaber.com\/bby\/wp-json\/wp\/v2\/posts\/28537\/revisions\/28539"}],"wp:featuredmedia":[{"embeddable":true,"href":"https:\/\/www.bbyhaber.com\/bby\/wp-json\/wp\/v2\/media\/28538"}],"wp:attachment":[{"href":"https:\/\/www.bbyhaber.com\/bby\/wp-json\/wp\/v2\/media?parent=28537"}],"wp:term":[{"taxonomy":"category","embeddable":true,"href":"https:\/\/www.bbyhaber.com\/bby\/wp-json\/wp\/v2\/categories?post=28537"},{"taxonomy":"post_tag","embeddable":true,"href":"https:\/\/www.bbyhaber.com\/bby\/wp-json\/wp\/v2\/tags?post=28537"}],"curies":[{"name":"wp","href":"https:\/\/api.w.org\/{rel}","templated":true}]}}