{"id":28524,"date":"2020-06-26T08:25:20","date_gmt":"2020-06-26T05:25:20","guid":{"rendered":"https:\/\/www.bbyhaber.com\/bby\/?p=28524"},"modified":"2020-06-26T08:25:20","modified_gmt":"2020-06-26T05:25:20","slug":"turkiyenin-ilk-avm-kutuphaneleri-acildi","status":"publish","type":"post","link":"https:\/\/www.bbyhaber.com\/bby\/2020\/06\/26\/turkiyenin-ilk-avm-kutuphaneleri-acildi","title":{"rendered":"T\u00fcrkiye&#8217;nin ilk AVM K\u00fct\u00fcphaneleri a\u00e7\u0131ld\u0131"},"content":{"rendered":"<p><strong>K\u00fclt\u00fcr ve Turizm Bakan\u0131 Mehmet Nuri Ersoy:\u00a0<\/strong>\u201c<strong>Amac\u0131m\u0131z 500&#8217;e yak\u0131n AVM&#8217;yi k\u00fct\u00fcphanelerle bulu\u015fturmak.&#8221;<\/strong><\/p>\n<p><strong>Bakan Ersoy: \u201cBakanl\u0131k olarak bug\u00fcn 1186 halk k\u00fct\u00fcphanesi ile vatanda\u015flar\u0131m\u0131za hizmet sunmaktay\u0131z.&#8221;<\/strong><!--more--><\/p>\n<p>K\u00fclt\u00fcr ve Turizm Bakanl\u0131\u011f\u0131n\u0131n her al\u0131\u015fveri\u015f merkezine bir k\u00fct\u00fcphane projesi kapsam\u0131nda, T\u00fcrkiye&#8217;nin ilk 3 AVM k\u00fct\u00fcphanesi d\u00fczenlenen t\u00f6renle a\u00e7\u0131ld\u0131.<\/p>\n<div id='gallery-1' class='gallery galleryid-28524 gallery-columns-3 gallery-size-thumbnail'><figure class='gallery-item'>\n\t\t\t<div class='gallery-icon landscape'>\n\t\t\t\t<a href='https:\/\/www.bbyhaber.com\/bby\/wp-content\/uploads\/2020\/06\/avm-kutuphaneleri2.jpg'><img loading=\"lazy\" decoding=\"async\" width=\"150\" height=\"150\" src=\"https:\/\/www.bbyhaber.com\/bby\/wp-content\/uploads\/2020\/06\/avm-kutuphaneleri2-150x150.jpg\" class=\"attachment-thumbnail size-thumbnail\" alt=\"\" \/><\/a>\n\t\t\t<\/div><\/figure><figure class='gallery-item'>\n\t\t\t<div class='gallery-icon landscape'>\n\t\t\t\t<a href='https:\/\/www.bbyhaber.com\/bby\/wp-content\/uploads\/2020\/06\/avm-kutuphaneleri1.jpg'><img loading=\"lazy\" decoding=\"async\" width=\"150\" height=\"150\" src=\"https:\/\/www.bbyhaber.com\/bby\/wp-content\/uploads\/2020\/06\/avm-kutuphaneleri1-150x150.jpg\" class=\"attachment-thumbnail size-thumbnail\" alt=\"\" \/><\/a>\n\t\t\t<\/div><\/figure>\n\t\t<\/div>\n\n<p>Nata Vega Outlet AVM&#8217;de d\u00fczenlenen a\u00e7\u0131l\u0131\u015f t\u00f6reninde konu\u015fma yapan Bakan Ersoy, 500&#8217;e yak\u0131n AVM&#8217;yi k\u00fct\u00fcphaneyle bulu\u015fturmak istediklerini dile getirdi. Bakan Ersoy, K\u00fct\u00fcphanelerin y\u00fcz y\u0131llard\u0131r bilgi kaynaklar\u0131n\u0131 ve k\u00fclt\u00fcr \u00fcr\u00fcnlerini koruyarak, nesilden nesile aktaran bir k\u00f6pr\u00fc g\u00f6revi g\u00f6rd\u00fc\u011f\u00fcn\u00fc s\u00f6yledi.<\/p>\n<p>Bakanl\u0131\u011f\u0131n k\u00fct\u00fcphanecilik alan\u0131ndaki hizmetlerine ili\u015fkin bilgi veren Bakan Ersoy, &#8220;Bakanl\u0131k olarak bug\u00fcn <strong>1186 halk k\u00fct\u00fcphanesi<\/strong> ile vatanda\u015flar\u0131m\u0131za hizmet sunmaktay\u0131z. Bu kurumlar\u0131m\u0131zdan yararlanamayan vatanda\u015flar\u0131m\u0131za ise \u00e7a\u011fda\u015f ara\u00e7 ve gere\u00e7lerle donat\u0131lm\u0131\u015f<strong> 53 gezici k\u00fct\u00fcphanemiz<\/strong> hizmet vermektedir.&#8221; dedi.<\/p>\n<p>Teknolojik geli\u015fmelere ayak uydurduklar\u0131n\u0131 belirten Bakan Ersoy, \u015funlar\u0131 kaydetti:<\/p>\n<p>&#8220;E-kitap, K\u00fct\u00fcphanem Cepte gibi bir\u00e7ok dijital uygulamay\u0131 hayata ge\u00e7irerek vatanda\u015flar\u0131n kitapla bulu\u015fmas\u0131n\u0131 sa\u011fl\u0131yoruz. K\u00fct\u00fcphaneler ve Yay\u0131mlar Genel M\u00fcd\u00fcrl\u00fc\u011f\u00fcm\u00fcz taraf\u0131ndan sadece merakl\u0131s\u0131n\u0131n kitaba ula\u015fmas\u0131ndan \u00e7ok, kitab\u0131n vatanda\u015flar\u0131m\u0131za, gen\u00e7lerimize ula\u015ft\u0131r\u0131lmas\u0131 i\u00e7in b\u00f6yle bir proje geli\u015ftirildi. Amac\u0131m\u0131z 500&#8217;e yak\u0131n AVM&#8217;yi k\u00fct\u00fcphanelerle bulu\u015fturmak. Bu ayn\u0131 zamanda kamu, \u00f6zel sekt\u00f6r i\u015f birli\u011fi a\u00e7\u0131s\u0131ndan da \u00e7ok pratik bir \u00f6rnek. \u00c7ok da h\u0131zl\u0131 sonu\u00e7 alabilece\u011fimiz bir \u00f6rnek. Hem k\u00fct\u00fcphanelerimizi yayg\u0131n hale getiriyoruz hem vatanda\u015flar\u0131m\u0131z\u0131n, gen\u00e7lerimizin oldu\u011fu her noktaya k\u00fct\u00fcphane ula\u015ft\u0131rm\u0131\u015f oluyoruz hem de AVM&#8217;lerdeki trafi\u011fe faydam\u0131z oluyor. \u0130lk etapta k\u00fct\u00fcphanelerle ba\u015flad\u0131k, k\u00fclt\u00fcr faaliyetlerini de AVM&#8217;lerde yapmaya \u00e7al\u0131\u015faca\u011f\u0131z.&#8221;<\/p>\n<p>Bir\u00e7ok AVM ile bu konuda g\u00f6r\u00fc\u015fme yapt\u0131klar\u0131n\u0131 aktaran Bakan Ersoy, Nata Holding&#8217;in \u00f6nc\u00fcl\u00fck yapt\u0131\u011f\u0131n\u0131 s\u00f6yledi.<\/p>\n<p>Ankara Valisi Vasip \u015eahin ve Nata Holding Y\u00f6netim Kurulu Ba\u015fkan Yard\u0131mc\u0131s\u0131 Yusuf Tan\u0131k\u2019\u0131n kat\u0131ld\u0131\u011f\u0131 t\u00f6rende konu\u015fmalar\u0131n ard\u0131ndan Bakan Ersoy, Eski\u015fehir&#8217;deki &#8220;Vega Outlet Eski\u015fehir&#8221; ile Ke\u00e7i\u00f6ren&#8217;deki &#8220;Vega AVM Subayevleri&#8221;ndeki k\u00fct\u00fcphanelerin a\u00e7\u0131l\u0131\u015f\u0131 i\u00e7in Eski\u015fehir Valisi Erol Ayy\u0131ld\u0131z, Ke\u00e7i\u00f6ren Belediye Ba\u015fkan\u0131 Turgut Alt\u0131nok ve Ke\u00e7i\u00f6ren Kaymakam\u0131 U\u011fur Bulut ile video konferans y\u00f6ntemiyle g\u00f6r\u00fc\u015ft\u00fc.<\/p>\n<p>Bakan Ersoy, kat\u0131l\u0131mc\u0131larla <strong>Ankara Nata Vega Outlet, Vega Outlet Eski\u015fehir ve Vega AVM Subayevleri&#8217;<\/strong>ndeki k\u00fct\u00fcphanelerin sembolik a\u00e7\u0131l\u0131\u015f\u0131n\u0131 ger\u00e7ekle\u015ftirdi. Daha sonra Bakan Ersoy, Ankara Nata Vega Outlet&#8217;teki k\u00fct\u00fcphaneyi gezdi.<\/p>\n<p><a href=\"https:\/\/basin.ktb.gov.tr\/TR-268225\/turkiye39nin-ilk-avm-kutuphaneleri-okurlarla-bulustu.html\" target=\"_blank\" rel=\"noopener\">Kaynak<\/a><\/p>\n","protected":false},"excerpt":{"rendered":"<p>K\u00fclt\u00fcr ve Turizm Bakan\u0131 Mehmet Nuri Ersoy:\u00a0\u201cAmac\u0131m\u0131z 500&#8217;e yak\u0131n AVM&#8217;yi k\u00fct\u00fcphanelerle bulu\u015fturmak.&#8221; Bakan Ersoy: \u201cBakanl\u0131k olarak bug\u00fcn 1186 halk k\u00fct\u00fcphanesi ile vatanda\u015flar\u0131m\u0131za hizmet sunmaktay\u0131z.&#8221;<\/p>\n","protected":false},"author":1,"featured_media":28526,"comment_status":"open","ping_status":"open","sticky":false,"template":"","format":"standard","meta":{"footnotes":""},"categories":[1544,1],"tags":[],"class_list":["post-28524","post","type-post","status-publish","format-standard","has-post-thumbnail","hentry","category-avm-kutuphaneleri","category-genel"],"_links":{"self":[{"href":"https:\/\/www.bbyhaber.com\/bby\/wp-json\/wp\/v2\/posts\/28524"}],"collection":[{"href":"https:\/\/www.bbyhaber.com\/bby\/wp-json\/wp\/v2\/posts"}],"about":[{"href":"https:\/\/www.bbyhaber.com\/bby\/wp-json\/wp\/v2\/types\/post"}],"author":[{"embeddable":true,"href":"https:\/\/www.bbyhaber.com\/bby\/wp-json\/wp\/v2\/users\/1"}],"replies":[{"embeddable":true,"href":"https:\/\/www.bbyhaber.com\/bby\/wp-json\/wp\/v2\/comments?post=28524"}],"version-history":[{"count":1,"href":"https:\/\/www.bbyhaber.com\/bby\/wp-json\/wp\/v2\/posts\/28524\/revisions"}],"predecessor-version":[{"id":28527,"href":"https:\/\/www.bbyhaber.com\/bby\/wp-json\/wp\/v2\/posts\/28524\/revisions\/28527"}],"wp:featuredmedia":[{"embeddable":true,"href":"https:\/\/www.bbyhaber.com\/bby\/wp-json\/wp\/v2\/media\/28526"}],"wp:attachment":[{"href":"https:\/\/www.bbyhaber.com\/bby\/wp-json\/wp\/v2\/media?parent=28524"}],"wp:term":[{"taxonomy":"category","embeddable":true,"href":"https:\/\/www.bbyhaber.com\/bby\/wp-json\/wp\/v2\/categories?post=28524"},{"taxonomy":"post_tag","embeddable":true,"href":"https:\/\/www.bbyhaber.com\/bby\/wp-json\/wp\/v2\/tags?post=28524"}],"curies":[{"name":"wp","href":"https:\/\/api.w.org\/{rel}","templated":true}]}}