{"id":28439,"date":"2020-05-28T16:25:22","date_gmt":"2020-05-28T13:25:22","guid":{"rendered":"https:\/\/www.bbyhaber.com\/bby\/?p=28439"},"modified":"2020-06-22T16:13:03","modified_gmt":"2020-06-22T13:13:03","slug":"diyanet-isleri-baskanligi-sozlesmeli-arsiv-uzmani-alacak-son-basvuru-22-haziran-2020","status":"publish","type":"post","link":"https:\/\/www.bbyhaber.com\/bby\/2020\/05\/28\/diyanet-isleri-baskanligi-sozlesmeli-arsiv-uzmani-alacak-son-basvuru-22-haziran-2020","title":{"rendered":"Diyanet \u0130\u015fleri Ba\u015fkanl\u0131\u011f\u0131 S\u00f6zle\u015fmeli Ar\u015fiv Uzman\u0131 Alacak | Son Ba\u015fvuru &#8211; 22 Haziran 2020"},"content":{"rendered":"<p><img loading=\"lazy\" decoding=\"async\" class=\"alignleft wp-image-28441 size-large\" src=\"https:\/\/www.bbyhaber.com\/bby\/wp-content\/uploads\/2020\/05\/Diyanet-\u0130\u015fleri-Ba\u015fkanl\u0131\u011f\u0131-S\u00f6zle\u015fmeli-Ar\u015fiv-Uzman\u0131-Alacak-1024x536.png\" alt=\"\" width=\"618\" height=\"323\" srcset=\"https:\/\/www.bbyhaber.com\/bby\/wp-content\/uploads\/2020\/05\/Diyanet-\u0130\u015fleri-Ba\u015fkanl\u0131\u011f\u0131-S\u00f6zle\u015fmeli-Ar\u015fiv-Uzman\u0131-Alacak-1024x536.png 1024w, https:\/\/www.bbyhaber.com\/bby\/wp-content\/uploads\/2020\/05\/Diyanet-\u0130\u015fleri-Ba\u015fkanl\u0131\u011f\u0131-S\u00f6zle\u015fmeli-Ar\u015fiv-Uzman\u0131-Alacak-300x157.png 300w, https:\/\/www.bbyhaber.com\/bby\/wp-content\/uploads\/2020\/05\/Diyanet-\u0130\u015fleri-Ba\u015fkanl\u0131\u011f\u0131-S\u00f6zle\u015fmeli-Ar\u015fiv-Uzman\u0131-Alacak-768x402.png 768w, https:\/\/www.bbyhaber.com\/bby\/wp-content\/uploads\/2020\/05\/Diyanet-\u0130\u015fleri-Ba\u015fkanl\u0131\u011f\u0131-S\u00f6zle\u015fmeli-Ar\u015fiv-Uzman\u0131-Alacak.png 1200w\" sizes=\"(max-width: 618px) 100vw, 618px\" \/>Diyanet \u0130\u015fleri Ba\u015fkanl\u0131\u011f\u0131 <span style=\"color: #ff0000;\"><strong>5 Ki\u015filik S\u00f6zle\u015fmeli Ar\u015fiv Uzman\u0131\u00a0<\/strong><\/span>alaca\u011f\u0131n\u0131 duyurdu.<\/p>\n<p>Pozisyon i\u00e7in a\u015fa\u011f\u0131daki \u015fartlar belirlenmi\u015ftir.<\/p>\n<ol>\n<li>Y\u00fcksek\u00f6\u011fretim kurumlar\u0131n\u0131n en az lisans d\u00fczeyinde e\u011fitim veren k\u00fct\u00fcphanecilik, bilgi-belge y\u00f6netimi, ar\u015fiv ya da program\u0131nda Osmanl\u0131 Paleografyas\u0131, Arap\u00e7a, Fars\u00e7a derslerine yer veren b\u00f6l\u00fcmlerinden birinden mezun olmak,<\/li>\n<li>S\u0131nava m\u00fcracaat biti\u015f tarihi itibari ile 40 ya\u015f\u0131n\u0131 doldurmam\u0131\u015f olmak.<\/li>\n<\/ol>\n<p><strong><em>Herhangi bir s\u00f6zle\u015fmeli pozisyonda g\u00f6rev yapmakta iken, S\u00f6zle\u015fmeli Personel \u00c7al\u0131\u015ft\u0131r\u0131lmas\u0131na \u0130li\u015fkin Esaslar\u0131n Ek 1 inci maddesinde istisna edilenler hari\u00e7 olmak \u00fczere, s\u00f6zle\u015fmenin feshi sebebiyle g\u00f6revinden ayr\u0131lanlardan\u00a0<\/em><\/strong><strong><em>s\u00f6zle\u015fmelerinin feshi tarihinden itibaren 1 y\u0131l ge\u00e7meyenlerin m\u00fcracaatlar\u0131 kabul edilmeyecektir.<\/em><\/strong><strong><em>\u00a0Bu hususun sonradan anla\u015f\u0131lmas\u0131 halinde yerle\u015ftirmeleri yap\u0131lm\u0131\u015f olsa dahi s\u00f6zle\u015fmeleri iptal edilecektir.<\/em><\/strong><\/p>\n<table class=\"ms-rteTable-default\" width=\"100%\" cellspacing=\"0\">\n<tbody>\n<tr class=\"ms-rteTableEvenRow-default\">\n<td class=\"ms-rteTableEvenCol-default\" colspan=\"5\"><strong>\u200b\u200b\u200bKPSS PUANINA G\u00d6RE \u00c7A\u011eRILIP S\u00d6ZL\u00dc \u200bSINAVLA ALIM YAPILACAK UNVANLAR<\/strong><\/td>\n<\/tr>\n<tr class=\"ms-rteTableOddRow-default\">\n<td class=\"ms-rteTableEvenCol-default\">UNVANI<\/td>\n<td class=\"ms-rteTableOddCol-default\">MEZ. DURUMU<\/td>\n<td class=\"ms-rteTableEvenCol-default\">KPSS PUAN T\u00dcR\u00dc<\/td>\n<td class=\"ms-rteTableOddCol-default\">YABANCI D\u0130L\u0130<\/td>\n<td class=\"ms-rteTableEvenCol-default\">BO\u015e POZ\u0130SYON SAYISI<\/td>\n<\/tr>\n<tr class=\"ms-rteTableEvenRow-default\">\n<td class=\"ms-rteTableEvenCol-default\"><span style=\"color: #ff0000;\"><strong>AR\u015e\u0130V UZMANI<\/strong><\/span><\/td>\n<td class=\"ms-rteTableOddCol-default\"><span style=\"color: #ff0000;\"><strong>L\u0130SANS<\/strong><\/span><\/td>\n<td class=\"ms-rteTableEvenCol-default\"><span style=\"color: #ff0000;\"><strong>KPSSP-3<\/strong><\/span><\/td>\n<td class=\"ms-rteTableOddCol-default\"><span style=\"color: #ff0000;\"><strong>&#8212;&#8212;&#8212;&#8212;&#8212;&#8212;&#8212;&#8212;&#8212;&#8212;&#8212;&#8211;<\/strong><\/span><\/td>\n<td class=\"ms-rteTableEvenCol-default\"><span style=\"color: #ff0000;\"><strong>5<\/strong><\/span><\/td>\n<\/tr>\n<tr class=\"ms-rteTableOddRow-default\">\n<td class=\"ms-rteTableEvenCol-default\" rowspan=\"8\">\n<div><\/div>\n<div>\u200b\u200b\u200b\u200b\u200b\u200bM\u00dcTERC\u0130M-TERC\u00dcMAN\u200b<\/div>\n<div>\u200b<\/div>\n<div>\u200b \u200b \u200b \u200b \u200b \u200b<\/div>\n<\/td>\n<td class=\"ms-rteTableOddCol-default\" rowspan=\"8\">\n<p>\u200b\u200b\u200b\u200b\u200b\u200bL\u0130SANS\u200b<br \/>\n\u200b \u200b \u200b<br \/>\n\u200b \u200b \u200b \u200b<\/td>\n<td class=\"ms-rteTableEvenCol-default\" rowspan=\"8\">\n<p>\u200b\u200b\u200b\u200b\u200b\u200bKPSSP-3<br \/>\n\u200b \u200b \u200b \u200b \u200b \u200b \u200b<\/td>\n<td class=\"ms-rteTableOddCol-default\">ALMANCA<\/td>\n<td class=\"ms-rteTableEvenCol-default\">3<\/td>\n<\/tr>\n<tr class=\"ms-rteTableEvenRow-default\">\n<td class=\"ms-rteTableEvenCol-default\">ARAP\u00c7A<\/td>\n<td class=\"ms-rteTableOddCol-default\">4<\/td>\n<\/tr>\n<tr class=\"ms-rteTableOddRow-default\">\n<td class=\"ms-rteTableEvenCol-default\">\u00c7\u0130NCE<\/td>\n<td class=\"ms-rteTableOddCol-default\">2<\/td>\n<\/tr>\n<tr class=\"ms-rteTableEvenRow-default\">\n<td class=\"ms-rteTableEvenCol-default\">FRANSIZCA<\/td>\n<td class=\"ms-rteTableOddCol-default\">4<\/td>\n<\/tr>\n<tr class=\"ms-rteTableOddRow-default\">\n<td class=\"ms-rteTableEvenCol-default\">\u0130NG\u0130L\u0130ZCE<\/td>\n<td class=\"ms-rteTableOddCol-default\">4<\/td>\n<\/tr>\n<tr class=\"ms-rteTableEvenRow-default\">\n<td class=\"ms-rteTableEvenCol-default\">\u0130SPANYOLCA<\/td>\n<td class=\"ms-rteTableOddCol-default\">3<\/td>\n<\/tr>\n<tr class=\"ms-rteTableOddRow-default\">\n<td class=\"ms-rteTableEvenCol-default\">JAPONCA<\/td>\n<td class=\"ms-rteTableOddCol-default\">1<\/td>\n<\/tr>\n<tr class=\"ms-rteTableEvenRow-default\">\n<td class=\"ms-rteTableEvenCol-default\">RUS\u00c7A<\/td>\n<td class=\"ms-rteTableOddCol-default\">3<\/td>\n<\/tr>\n<tr class=\"ms-rteTableOddRow-default\">\n<td class=\"ms-rteTableEvenCol-default\" colspan=\"4\"><strong>\u200b\u200bTOPLAM<\/strong>\u00a0\u200b \u200b \u200b<\/td>\n<td class=\"ms-rteTableOddCol-default\">29<\/td>\n<\/tr>\n<\/tbody>\n<\/table>\n<p>&nbsp;<\/p>\n<p><strong>\u200bI.<\/strong>\u00a0\u00a0\u00a0\u00a0\u00a0\u00a0\u00a0\u00a0<strong>SINAVA KATILMAK \u0130STEYEN ADAYLARDA ARANAN \u015eARTLAR<\/strong><\/p>\n<p><strong>A.<\/strong>\u00a0\u00a0\u00a0<strong>Genel \u015eartlar:<\/strong><\/p>\n<ol>\n<li>657 say\u0131l\u0131 Devlet Memurlar\u0131 Kanunu&#8217;nun 48 inci maddesinin (A) f\u0131kras\u0131nda belirtilen \u015fartlar\u0131 ta\u015f\u0131mak,<\/li>\n<li>KPSS \u015fart\u0131 olan unvanlarda 2018 y\u0131l\u0131 KPSS (B) grubu KPSSP-3 puan t\u00fcr\u00fcnden en az 50 (elli) puan alm\u0131\u015f olmak.<\/li>\n<\/ol>\n<ol>\n<li><strong><em>Adaylar ilan edilen unvanlardan sadece biri i\u00e7in ba\u015fvuru yapabileceklerdir.<\/em><\/strong><\/li>\n<\/ol>\n<p><strong>II.<\/strong>\u00a0\u00a0\u00a0\u00a0\u00a0\u00a0\u00a0\u00a0<strong>BA\u015eVURU \u015eEKL\u0130, YER\u0130 VE ZAMANI<\/strong><\/p>\n<p><strong>1.<\/strong>\u00a0\u00a0\u00a0 Ba\u015fvuru \u015fartlar\u0131n\u0131 ta\u015f\u0131yan adaylar,<strong>\u00a008.06.2020\u201322.06.2020<\/strong><strong>\u00a0<\/strong>(<strong>saat 08:30-16:30)\u00a0<\/strong>tarihleri aras\u0131nda\u00a0(<a href=\"https:\/\/dibbys.diyanet.gov.tr\/IKYS\/Sinav\/Kurumdisi\">sinav.diyanet.gov.tr<\/a>)\u00a0 adresi \u00fczerinden s\u0131nav ba\u015fvuru formunu doldurduktan sonra ba\u015fvurular\u0131n\u0131 onaylatmak \u00fczere ayn\u0131 tarihlerde istenen belgelerle birlikte herhangi bir il veya il\u00e7e m\u00fcft\u00fcl\u00fc\u011f\u00fcne \u015fahsen m\u00fcracaat edeceklerdir.<\/p>\n<ul>\n<li><strong><em>\u0130stenen belgeleri getirmeleri halinde yurtd\u0131\u015f\u0131ndakiler ile askerlik g\u00f6revini yapmakta olanlar\u0131n ba\u015fvurular\u0131n\u0131, \u00fc\u00e7\u00fcnc\u00fc \u015fah\u0131slar yapt\u0131rabilecektir.<\/em><\/strong><\/li>\n<\/ul>\n<p><strong>2.<\/strong>\u00a0\u00a0\u00a0 \u0130l veya il\u00e7e m\u00fcft\u00fcl\u00fcklerindeki D\u0130BBYS sorumlular\u0131, aday\u0131n s\u0131nav ba\u015fvuru formuna girdi\u011fi bilgiler ile ibraz etti\u011fi belgelerdeki bilgilerin do\u011frulu\u011funu tespit ettikten sonra onaylama i\u015flemini ger\u00e7ekle\u015ftireceklerdir.\u00a0<strong><em>Belgeleri eksik olan adaylar\u0131n ba\u015fvuru onaylama i\u015flemi yap\u0131lmayacakt\u0131r.<\/em><\/strong><\/p>\n<p><strong>3.<\/strong>\u00a0\u00a0\u00a0 Adaylar, ba\u015fvuru ekran\u0131nda ilgili alana 1000 karakteri a\u015fmayacak \u015fekilde \u00f6zge\u00e7mi\u015flerini yazacaklard\u0131r.<\/p>\n<p><strong>4.<\/strong>\u00a0\u00a0\u00a0 Ba\u015fkanl\u0131\u011f\u0131m\u0131z\u00a0(<a href=\"https:\/\/dibbys.diyanet.gov.tr\/IKYS\/Sinav\/Kurumdisi\">sinav.diyanet.gov.tr<\/a>)\u00a0adresi \u00fczerinden s\u0131nav ba\u015fvuru formunu doldurmayan ve il veya il\u00e7e m\u00fcft\u00fcl\u00fcklerinde ba\u015fvuru onay i\u015flemini yapt\u0131rmayan adaylar\u0131n talepleri dikkate al\u0131nmayacakt\u0131r.<\/p>\n<p><strong>5.<\/strong>\u00a0\u00a0\u00a0 Ba\u015fvuru i\u015flemlerinin hatas\u0131z, eksiksiz ve duyuruda belirtilen hususlara uygun olarak yap\u0131lmas\u0131ndan aday\u0131n kendisi sorumlu olacakt\u0131r.<\/p>\n<p><strong>6.<\/strong>\u00a0\u00a0\u00a0 M\u00fcracaatlar\u0131n sona ermesinden sonra aday\u0131n ba\u015fvuru bilgilerinde hangi nedenle olursa olsun kesinlikle de\u011fi\u015fiklik yap\u0131lmayacakt\u0131r.<\/p>\n<p><strong>7.<\/strong>\u00a0\u00a0\u00a0 Bu duyuruda belirlenen esaslara uygun olmayan ba\u015fvurular kabul edilmeyecektir.<\/p>\n<p><strong>III.<\/strong>\u00a0\u00a0\u00a0\u00a0\u00a0\u00a0\u00a0\u00a0<strong>SINAVA \u0130L\u0130\u015eK\u0130N TEBL\u0130\u011eAT VE DUYURULAR<\/strong><\/p>\n<ol>\n<li>S\u0131nava ili\u015fkin t\u00fcm duyurular Ba\u015fkanl\u0131\u011f\u0131m\u0131z internet sitesinde\u00a0<a href=\"http:\/\/www.diyanet.gov.tr\/\">www.diyanet.gov.tr<\/a>\u00a0 ve ayn\u0131 sitedeki \u0130nsan Kaynaklar\u0131 Genel M\u00fcd\u00fcrl\u00fc\u011f\u00fc sayfas\u0131nda ilan edilecektir.<\/li>\n<li>\u201cS\u0131nav Giri\u015f Belgesi&#8221; alma ve s\u0131nav sonu\u00e7 \u00f6\u011frenme i\u015flemleri adaylar taraf\u0131ndan\u00a0(<a href=\"https:\/\/dibbys.diyanet.gov.tr\/IKYS\/Sinav\/Kurumdisi\">sinav.diyanet.gov.tr<\/a>)\u00a0 adresi arac\u0131l\u0131\u011f\u0131yla ger\u00e7ekle\u015ftirilecektir.<\/li>\n<li>\n<div>S\u0131nav ve yerle\u015ftirme i\u015flemleri ile ilgili Ba\u015fkanl\u0131\u011f\u0131m\u0131z internet sitesinde ve ayn\u0131 sitedeki \u0130nsan Kaynaklar\u0131 Genel M\u00fcd\u00fcrl\u00fc\u011f\u00fc sayfas\u0131nda yap\u0131lan t\u00fcm duyurular tebligat say\u0131lacakt\u0131r. Adaylara ayr\u0131ca tebligat yap\u0131lmayacakt\u0131r.<\/div>\n<\/li>\n<\/ol>\n<p><strong>IV.<\/strong>\u00a0\u00a0\u00a0\u00a0\u00a0\u00a0\u00a0\u00a0<strong>BA\u015eVURU \u0130\u00c7\u0130N GEREKL\u0130 BELGELER<\/strong><\/p>\n<p><strong>1.<\/strong>\u00a0\u00a0\u00a0\u00a0\u00a0 T.C. kimlik numaral\u0131 kimlik belgesi,<\/p>\n<p><strong>2.<\/strong>\u00a0\u00a0\u00a0\u00a0\u00a0 Mezuniyet durumunu g\u00f6sterir diploma veya mezuniyet belgesi, (Diploma yabanc\u0131 bir \u00fclkeden al\u0131nm\u0131\u015fsa Y\u00d6K&#8217;ten al\u0131nacak denklik belgesi),<\/p>\n<p><strong>3.<\/strong>\u00a0\u00a0\u00a0\u00a0\u00a0 Dil Puan\u0131 \u015fart\u0131 aranan unvanlar i\u00e7in son 5 (be\u015f) y\u0131l i\u00e7erisinde al\u0131nm\u0131\u015f ge\u00e7erli dil puanlar\u0131n\u0131 g\u00f6sterir belge,<\/p>\n<p><strong>4.<\/strong>\u00a0\u00a0\u00a0\u00a0\u00a0 Ar\u015fiv uzman\u0131 pozisyonlar\u0131na ba\u015fvuracak adaylardan<strong>\u00a0y<\/strong>\u00fcksek\u00f6\u011fretim kurumlar\u0131n\u0131n k\u00fct\u00fcphanecilik, bilgi-belge y\u00f6netimi veya ar\u015fiv b\u00f6l\u00fcmlerinden mezun olmayanlar\u0131n y\u00fcksek\u00f6\u011fretim program\u0131nda Osmanl\u0131 Paleografyas\u0131, Arap\u00e7a, Fars\u00e7a dersleri ald\u0131\u011f\u0131n\u0131 g\u00f6sterir belge (transkript vb.),<\/p>\n<p><strong>5.<\/strong>\u00a0\u00a0\u00a0\u00a0\u00a0 Kameraman ve y\u00f6netmen unvanlar\u0131na ba\u015fvuranlar i\u00e7in;<\/p>\n<ol>\n<li>Mesle\u011fiyle ilgili daha \u00f6nce \u00e7al\u0131\u015ft\u0131klar\u0131 kurum ve kurulu\u015flardan alacaklar\u0131\u00a0<strong>ve \u00e7al\u0131\u015ft\u0131klar\u0131 s\u00fcreleri g\u00f6sterir belge veya i\u015f s\u00f6zle\u015fmesi<\/strong>,<\/li>\n<li>Mesle\u011fiyle ilgili daha \u00f6nce \u00e7al\u0131\u015ft\u0131klar\u0131 kurum ve kurulu\u015flarda \u00e7al\u0131\u015ft\u0131klar\u0131 s\u00fcreler boyunca ad\u0131na prim yat\u0131r\u0131ld\u0131\u011f\u0131n\u0131 g\u00f6sterir Sosyal G\u00fcvenlik Kurumundan al\u0131nm\u0131\u015f belge,<\/li>\n<\/ol>\n<p><strong>6.<\/strong>\u00a0\u00a0\u00a0\u00a0\u00a0 \u00a0Sa\u011fl\u0131kla ilgili olarak g\u00f6revini devaml\u0131 yapmaya engel bir durum olmad\u0131\u011f\u0131na, sab\u0131ka ve ar\u015fiv kayd\u0131 bulunmad\u0131\u011f\u0131na dair aday\u0131n yaz\u0131l\u0131 beyan\u0131,<\/p>\n<ul>\n<li><strong><em>Sab\u0131ka veya ar\u015fiv kayd\u0131 bulunanlar\u0131n mahkeme kararlar\u0131n\u0131 m\u00fcracaat biti\u015f tarihinden \u00f6nce Ba\u015fkanl\u0131\u011f\u0131m\u0131zca de\u011ferlendirilmek \u00fczere 0312 285 85 72 nolu faksa ivedilikle g\u00f6ndermeleri gerekmektedir.<\/em><\/strong><\/li>\n<li><strong><em>Belgeleri ibraz edemeyen adaylar\u0131n ba\u015fvurular\u0131 kabul edilmeyecektir. B<\/em><\/strong><strong><em>elgeler, kontrol edildikten sonra\u00a0<\/em><\/strong><strong><em>adaylara iade edilecektir<\/em><\/strong><strong><em>.<\/em><\/strong><\/li>\n<li><strong><em>Belgeler, atanmaya hak kazanan adaylar taraf\u0131ndan atama s\u00fcrecinde ilgili birime teslim edilecektir.<\/em><\/strong><\/li>\n<li><strong><em>Yaz\u0131l\u0131 beyan istenen hususlar tek bir dilek\u00e7ede yer alacakt\u0131r.<\/em><\/strong><\/li>\n<li><strong><em>E-Devlet \u00fczerinden al\u0131nan belgeler ge\u00e7erlidir.<\/em><\/strong><\/li>\n<\/ul>\n<p><strong><em>NOT: ADAYLAR BA\u015eVURU ESNASINDA \u0130BRAZ ETT\u0130KLER\u0130 BELGELER\u0130 SINAVA GEL\u0130RKEN YANLARINDA GET\u0130RECEKLERD\u0130R.<\/em><\/strong><\/p>\n<p><strong><em>\u00a0<\/em><\/strong><\/p>\n<p><strong>V.<\/strong>\u00a0\u00a0\u00a0\u00a0\u00a0\u00a0\u00a0\u00a0<strong>SINAVA \u00c7A\u011eIRMA, SINAVIN YER\u0130, TAR\u0130H\u0130 ve KONULARI<\/strong><\/p>\n<p><strong>1.<\/strong>\u00a0\u00a0\u00a0 S\u0131navlar Ankara&#8217;da yap\u0131lacakt\u0131r.<\/p>\n<p><strong>2.<\/strong>\u00a0\u00a0\u00a0 KPSS puan \u015fart\u0131 aranan unvanlarda KPSS puan s\u0131ras\u0131na g\u00f6re atama yap\u0131lacak bo\u015f pozisyon say\u0131s\u0131n\u0131n 10 (on) kat\u0131 aday, son s\u0131radaki adayla ayn\u0131 puan\u0131 alanlar d\u00e2hil, s\u00f6zl\u00fc s\u0131nava \u00e7a\u011fr\u0131lacakt\u0131r.<\/p>\n<p><strong>3.<\/strong>\u00a0\u00a0\u00a0 Sadece mesleki-uygulamal\u0131 s\u0131nav yap\u0131lacak unvanlar i\u00e7in ge\u00e7erli\/onayl\u0131 ba\u015fvurusu olan b\u00fct\u00fcn adaylar s\u00f6zl\u00fc s\u0131nava \u00e7a\u011fr\u0131lacakt\u0131r.<\/p>\n<p><strong>4.<\/strong>\u00a0\u00a0\u00a0 Adaylar s\u0131navda a\u015fa\u011f\u0131daki konulardan de\u011ferlendirilecektir.<\/p>\n<ol>\n<li>Genel K\u00fclt\u00fcr (20 puan),<\/li>\n<li>Genel Yetenek (20 puan),<\/li>\n<li>Mesleki Bilgi, Beceri ve Uygulama (60 puan).<\/li>\n<\/ol>\n<p><strong><em>5.<\/em><\/strong>\u00a0\u00a0\u00a0\u00a0<strong><em>S\u0131nav yeri ve tarihi, ba\u015fvurular\u0131n tamamlanmas\u0131ndan sonra yap\u0131lacak gerekli haz\u0131rl\u0131klar\u0131n ard\u0131ndan Ba\u015fkanl\u0131\u011f\u0131m\u0131z internet sitesinde ve ayn\u0131 sitedeki \u0130nsan Kaynaklar\u0131 Genel M\u00fcd\u00fcrl\u00fc\u011f\u00fc sayfas\u0131nda ayr\u0131ca ilan edilecektir.<\/em><\/strong><\/p>\n<p><strong>6.<\/strong>\u00a0\u00a0\u00a0 S\u0131nava girmeye hak kazand\u0131\u011f\u0131 halde ilan edilen s\u0131nav tarihlerinde s\u0131nava kat\u0131lmayan adaylar s\u0131nav hakk\u0131n\u0131 kaybetmi\u015f say\u0131lacakt\u0131r. Bu durumdaki adaylara ikinci bir s\u0131nav hakk\u0131 verilmeyecektir.<\/p>\n<p><strong>7.<\/strong>\u00a0\u00a0\u00a0 Adaylar, s\u0131nav tarihi ve yerini belirten \u201cS\u0131nav Giri\u015f Belgesi&#8221; ile birlikte kimlik belgelerinden birini (Kimlik kart\u0131\/N\u00fcfus c\u00fczdan\u0131 veya pasaport) s\u0131nava gelirken yanlar\u0131nda bulunduracaklard\u0131r. Kimlik belgesi ve s\u0131nav giri\u015f belgesi bulunmayan adaylar s\u0131nava al\u0131nmayacakt\u0131r. Kimlik kart\u0131\/N\u00fcfus c\u00fczdan\u0131 veya pasaport d\u0131\u015f\u0131nda ba\u015fka bir belge kimlik belgesi olarak kabul edilmeyecektir.<\/p>\n<p>&nbsp;<\/p>\n<p><strong>VI.<\/strong>\u00a0\u00a0\u00a0\u00a0\u00a0\u00a0\u00a0\u00a0<strong>DE\u011eERLEND\u0130RME VE BA\u015eARI SIRALAMASI<\/strong><\/p>\n<ol>\n<li>S\u00f6zl\u00fc veya mesleki uygulamal\u0131 olarak yap\u0131lan s\u0131navlarda ba\u015far\u0131l\u0131 say\u0131labilmek i\u00e7in en az 70 puan almak gerekmektedir.<\/li>\n<li>Ba\u015far\u0131l\u0131 olanlardan ilan edilen pozisyon say\u0131s\u0131 kadar\u0131 as\u0131l, di\u011ferleri de yedek olarak s\u0131ralanacakt\u0131r.<\/li>\n<li>Atamalar ba\u015far\u0131l\u0131 olan adaylar aras\u0131ndan ilan edilen kadro adedince a\u015fa\u011f\u0131daki tabloda belirtilen ba\u015far\u0131 s\u0131ralamas\u0131 \u00f6nceli\u011fi esas al\u0131narak yap\u0131lacakt\u0131r.<\/li>\n<\/ol>\n<table class=\"ms-rteTable-default\" width=\"100%\" cellspacing=\"0\">\n<tbody>\n<tr class=\"ms-rteTableEvenRow-default\">\n<td class=\"ms-rteTableEvenCol-default\" colspan=\"3\"><strong>\u200bATANMADA ESAS ALINACAK BA\u015eARI SIRALAMASI \u200bKR\u0130TERLER\u0130<\/strong>\u00a0\u200b\u200b<\/td>\n<\/tr>\n<tr class=\"ms-rteTableOddRow-default\">\n<td class=\"ms-rteTableEvenCol-default\"><strong>Ba\u015far\u0131 \u00d6ncelik S\u0131ras\u0131 (*)<\/strong><\/td>\n<td class=\"ms-rteTableOddCol-default\"><strong>KPSS+ S\u00f6zl\u00fc s\u0131nav ile atanacaklar<\/strong><\/td>\n<td class=\"ms-rteTableEvenCol-default\"><strong>Sadece Mesleki-Uygulamal\u0131 s\u0131nav ile atanacaklar<\/strong><\/td>\n<\/tr>\n<tr class=\"ms-rteTableEvenRow-default\">\n<td class=\"ms-rteTableEvenCol-default\"><strong>1<\/strong><\/td>\n<td class=\"ms-rteTableOddCol-default\">S\u00f6zl\u00fc s\u0131nav puan\u0131 y\u00fcksek olan<\/td>\n<td class=\"ms-rteTableEvenCol-default\">Mesleki-uygulamal\u0131 s\u0131nav puan\u0131 y\u00fcksek olan<\/td>\n<\/tr>\n<tr class=\"ms-rteTableOddRow-default\">\n<td class=\"ms-rteTableEvenCol-default\"><strong>2<\/strong><\/td>\n<td class=\"ms-rteTableOddCol-default\">KPSS puan\u0131 y\u00fcksek olan<\/td>\n<td class=\"ms-rteTableEvenCol-default\">Ba\u015fvuru yapt\u0131\u011f\u0131 unvanla ilgili \u015fart ko\u015fulan \u00f6\u011frenim mezuniyeti \u00f6nce olan<\/td>\n<\/tr>\n<tr class=\"ms-rteTableEvenRow-default\">\n<td class=\"ms-rteTableEvenCol-default\"><strong>3<\/strong><\/td>\n<td class=\"ms-rteTableOddCol-default\">KPSS \u00f6\u011frenim mezuniyeti \u00f6nce olan<\/td>\n<td class=\"ms-rteTableEvenCol-default\">Do\u011fum tarihi \u00f6nce olan.<\/td>\n<\/tr>\n<tr class=\"ms-rteTableOddRow-default\">\n<td class=\"ms-rteTableEvenCol-default\"><strong>4<\/strong><\/td>\n<td class=\"ms-rteTableOddCol-default\">Do\u011fum tarihi \u00f6nce olan.<\/td>\n<td class=\"ms-rteTableEvenCol-default\"><strong>&#8212;&#8212;&#8212;&#8212;&#8212;&#8212;&#8212;&#8212;&#8212;&#8212;&#8212;&#8211;<\/strong><\/td>\n<\/tr>\n<tr class=\"ms-rteTableEvenRow-default\">\n<td class=\"ms-rteTableEvenCol-default\" colspan=\"3\"><strong>\u200b(*) Not: Ba\u015far\u0131 \u200bs\u0131ralamas\u0131nda ilk olarak birinci s\u0131radaki kriter,<\/strong><strong>\u00a0\u00a0<\/strong><strong>e\u015fitlik olmas\u0131 halinde di\u011fer kriterler s\u0131ras\u0131yla esas al\u0131nacakt\u0131r.<\/strong>\u00a0\u200b \u200b<\/td>\n<\/tr>\n<\/tbody>\n<\/table>\n<p><strong>\u00a0<\/strong><\/p>\n<p><strong>VII.<\/strong>\u00a0\u00a0\u00a0\u00a0\u00a0\u00a0\u00a0\u00a0<strong>SINAV SONU\u00c7LARINA \u0130T\u0130RAZLAR<\/strong><\/p>\n<ol>\n<li>S\u0131nav sonu\u00e7lar\u0131na ili\u015fkin itirazlar, s\u0131nav sonu\u00e7lar\u0131n\u0131n ilan edilmesinden itibaren 7 (yedi) g\u00fcn i\u00e7inde yaz\u0131l\u0131 olarak Ba\u015fkanl\u0131\u011f\u0131m\u0131z \u0130nsan Kaynaklar\u0131 Genel M\u00fcd\u00fcrl\u00fc\u011f\u00fc Personel Sistemleri E\u011fitim ve S\u0131navlar Daire Ba\u015fkanl\u0131\u011f\u0131na yap\u0131lacakt\u0131r. \u0130tirazlar, en ge\u00e7 15 (on be\u015f) g\u00fcn i\u00e7inde incelenerek adaya bildirilecektir.<\/li>\n<li>\n<div>S\u0131nav sonu\u00e7lar\u0131n\u0131n ilan edilmesinden itibaren 7 (yedi) g\u00fcn i\u00e7inde \u0131slak imzal\u0131 ve yaz\u0131l\u0131 olarak Ba\u015fkanl\u0131\u011f\u0131m\u0131z \u0130nsan Kaynaklar\u0131 Genel M\u00fcd\u00fcrl\u00fc\u011f\u00fcne ula\u015ft\u0131r\u0131lmayan, T.C. kimlik numaras\u0131, ad\u0131, soyad\u0131, imza ve adresi olmayan dilek\u00e7eler ile e-mail ve faksla yap\u0131lan itirazlar dikkate al\u0131nmayacakt\u0131r.<\/div>\n<\/li>\n<\/ol>\n<p><strong>VIII.<\/strong>\u00a0\u00a0\u00a0\u00a0\u00a0\u00a0\u00a0\u00a0<strong>ATAMA \u0130\u015eLEMLER\u0130<\/strong><\/p>\n<ol>\n<li>Atamalar ba\u015far\u0131 s\u0131ras\u0131na g\u00f6re ilan edilen bo\u015f pozisyon say\u0131s\u0131nca yap\u0131lacakt\u0131r.<\/li>\n<li>\n<div>Atama i\u015flemleri ile ilgili hususlar daha sonra ilan edilecektir.<\/div>\n<\/li>\n<\/ol>\n<p><strong>IX.<\/strong>\u00a0\u00a0\u00a0\u00a0\u00a0\u00a0\u00a0\u00a0<strong>D\u0130\u011eER HUSUSLAR<\/strong><\/p>\n<ol>\n<li>Ba\u015fkanl\u0131k s\u0131nav ve yerle\u015ftirme s\u00fcrecinin her a\u015famas\u0131nda aday taraf\u0131ndan beyan edilen hususlarda adaydan belge talep edebilecektir.<\/li>\n<li>S\u0131nav \u00f6ncesi, sonras\u0131 ve yerle\u015ftirme s\u00fcrecindeki i\u015flemlerde ger\u00e7e\u011fe ayk\u0131r\u0131 belge verdi\u011fi ya da beyanda bulundu\u011fu tespit edilen adaylar\u0131n ba\u015fvuru ve s\u0131navlar\u0131 ge\u00e7ersiz say\u0131laca\u011f\u0131 gibi yerle\u015ftirilmeleri yap\u0131lsa dahi g\u00f6revleriyle ili\u015fikleri kesilecektir. \u0130dare taraf\u0131ndan kendilerine bir bedel \u00f6denmi\u015f ise bu bedel yasal faizi ile birlikte tazmin edilecektir.<\/li>\n<li>S\u0131navla ilgili i\u015f ve i\u015flemlerde faks ve e-mail ile i\u015flem yap\u0131lmayacakt\u0131r. Adaylar\u0131n \u0131slak imzal\u0131 ve yaz\u0131l\u0131 dilek\u00e7elerini Ba\u015fkanl\u0131\u011f\u0131m\u0131z \u0130nsan Kaynaklar\u0131 Genel M\u00fcd\u00fcrl\u00fc\u011f\u00fc Personel Sistemleri E\u011fitim ve S\u0131navlar Daire Ba\u015fkanl\u0131\u011f\u0131na ula\u015ft\u0131rmalar\u0131 gerekmektedir.<\/li>\n<li>\n<div>Bu duyuruda yer almayan hususlarla ilgili olarak 657 say\u0131l\u0131 Devlet Memurlar\u0131 Kanunu, S\u00f6zle\u015fmeli Personel \u00c7al\u0131\u015ft\u0131r\u0131lmas\u0131na \u0130li\u015fkin Usul ve Esaslar, Kamu G\u00f6revlerine \u0130lk Defa Atanacaklar \u0130\u00e7in Yap\u0131lacak S\u0131navlar Hakk\u0131nda Genel Y\u00f6netmelik ile Diyanet \u0130\u015fleri Ba\u015fkanl\u0131\u011f\u0131 S\u0131nav Y\u00f6netmeli\u011fi h\u00fck\u00fcmleri ge\u00e7erlidir.<\/div>\n<\/li>\n<\/ol>\n<p><strong>X.<\/strong>\u00a0\u00a0\u00a0\u00a0\u00a0\u00a0\u00a0\u00a0<strong>\u0130LET\u0130\u015e\u0130M<\/strong><\/p>\n<table class=\"ms-rteTable-default\" width=\"100%\" cellspacing=\"0\">\n<tbody>\n<tr>\n<td class=\"ms-rteTable-default\">\n<div>Yaz\u0131\u015fma Adresi:<\/div>\n<\/td>\n<td class=\"ms-rteTable-default\">Diyanet \u0130\u015fleri Ba\u015fkanl\u0131\u011f\u0131 \u0130nsan Kaynaklar\u0131 Genel M\u00fcd\u00fcrl\u00fc\u011f\u00fc Personel Sistemleri E\u011fitim ve S\u0131navlar Daire Ba\u015fkanl\u0131\u011f\u0131<\/p>\n<p>\u00dcniversiteler Mah. Dumlup\u0131nar Blv. No:147\/A 06800<\/p>\n<p>\u00c7ankaya\/ANKARA<\/td>\n<\/tr>\n<tr>\n<td class=\"ms-rteTable-default\">e-mail :<\/td>\n<td class=\"ms-rteTable-default\">persis@diyanet.gov.tr<\/td>\n<\/tr>\n<tr>\n<td class=\"ms-rteTable-default\">Telefon :<\/td>\n<td class=\"ms-rteTable-default\">(0312) 295 70 00<\/td>\n<\/tr>\n<\/tbody>\n<\/table>\n<p><a href=\"https:\/\/www.bbyhaber.com\/bby\/wp-content\/uploads\/2020\/05\/S\u00f6zle\u015fmeli-Personel-KameramanY\u00f6netmen-M\u00fctercim-Terc\u00fcman-Al\u0131m\u0131-Sinav-Duyurusu.pdf\" target=\"_blank\" rel=\"noopener\">S\u00f6zle\u015fmeli Personel (Kameraman,Y\u00f6netmen, M\u00fctercim-Terc\u00fcman) Al\u0131m\u0131 Sinav Duyurusu<\/a><\/p>\n<p>&nbsp;<\/p>\n<p><a href=\"https:\/\/insankaynaklari.diyanet.gov.tr\/Detay\/604\/4-b-s%C3%B6zlesmeli-personel-al%C4%B1m%C4%B1-%28s%C3%B6zper-2020%29\" target=\"_blank\" rel=\"noopener\">\u0130lan Sayfas\u0131\u00a0<\/a><\/p>\n","protected":false},"excerpt":{"rendered":"<p>Diyanet \u0130\u015fleri Ba\u015fkanl\u0131\u011f\u0131 5 Ki\u015filik S\u00f6zle\u015fmeli Ar\u015fiv Uzman\u0131\u00a0alaca\u011f\u0131n\u0131 duyurdu. Pozisyon i\u00e7in a\u015fa\u011f\u0131daki \u015fartlar belirlenmi\u015ftir. Y\u00fcksek\u00f6\u011fretim kurumlar\u0131n\u0131n en az lisans d\u00fczeyinde e\u011fitim veren k\u00fct\u00fcphanecilik, bilgi-belge y\u00f6netimi, ar\u015fiv ya da program\u0131nda Osmanl\u0131 Paleografyas\u0131, Arap\u00e7a, Fars\u00e7a derslerine yer veren b\u00f6l\u00fcmlerinden birinden mezun olmak, S\u0131nava m\u00fcracaat biti\u015f tarihi itibari ile 40 ya\u015f\u0131n\u0131 doldurmam\u0131\u015f olmak. Herhangi bir s\u00f6zle\u015fmeli pozisyonda g\u00f6rev [&hellip;]<\/p>\n","protected":false},"author":129,"featured_media":28441,"comment_status":"open","ping_status":"open","sticky":false,"template":"","format":"standard","meta":{"footnotes":""},"categories":[],"tags":[1393],"class_list":["post-28439","post","type-post","status-publish","format-standard","has-post-thumbnail","hentry","tag-bby-is-ilanlari-arsivi"],"_links":{"self":[{"href":"https:\/\/www.bbyhaber.com\/bby\/wp-json\/wp\/v2\/posts\/28439"}],"collection":[{"href":"https:\/\/www.bbyhaber.com\/bby\/wp-json\/wp\/v2\/posts"}],"about":[{"href":"https:\/\/www.bbyhaber.com\/bby\/wp-json\/wp\/v2\/types\/post"}],"author":[{"embeddable":true,"href":"https:\/\/www.bbyhaber.com\/bby\/wp-json\/wp\/v2\/users\/129"}],"replies":[{"embeddable":true,"href":"https:\/\/www.bbyhaber.com\/bby\/wp-json\/wp\/v2\/comments?post=28439"}],"version-history":[{"count":2,"href":"https:\/\/www.bbyhaber.com\/bby\/wp-json\/wp\/v2\/posts\/28439\/revisions"}],"predecessor-version":[{"id":28443,"href":"https:\/\/www.bbyhaber.com\/bby\/wp-json\/wp\/v2\/posts\/28439\/revisions\/28443"}],"wp:featuredmedia":[{"embeddable":true,"href":"https:\/\/www.bbyhaber.com\/bby\/wp-json\/wp\/v2\/media\/28441"}],"wp:attachment":[{"href":"https:\/\/www.bbyhaber.com\/bby\/wp-json\/wp\/v2\/media?parent=28439"}],"wp:term":[{"taxonomy":"category","embeddable":true,"href":"https:\/\/www.bbyhaber.com\/bby\/wp-json\/wp\/v2\/categories?post=28439"},{"taxonomy":"post_tag","embeddable":true,"href":"https:\/\/www.bbyhaber.com\/bby\/wp-json\/wp\/v2\/tags?post=28439"}],"curies":[{"name":"wp","href":"https:\/\/api.w.org\/{rel}","templated":true}]}}