{"id":2837,"date":"2012-03-01T11:04:28","date_gmt":"2012-03-01T11:04:28","guid":{"rendered":"http:\/\/www.bbyhaber.com\/bby\/?p=2837"},"modified":"2014-12-07T20:17:53","modified_gmt":"2014-12-07T18:17:53","slug":"kutuphane-haftasinda-kitap-okuma-etkinligi-tkd-kampus","status":"publish","type":"post","link":"https:\/\/www.bbyhaber.com\/bby\/2012\/03\/01\/kutuphane-haftasinda-kitap-okuma-etkinligi-tkd-kampus","title":{"rendered":"K\u00fct\u00fcphane Haftas\u0131&#8217;nda kitap okuma etkinli\u011fi-TKD Kamp\u00fcs"},"content":{"rendered":"<p style=\"text-align: justify;\">26 Mart -01 Nisan 2012 tarihleri aras\u0131nda 48.si kutlanacak olan \u201cK\u00fct\u00fcphane Haftas\u0131\u201d \u00e7er\u00e7evesinde, T\u00fcrk K\u00fct\u00fcphaneciler (TKD) gen\u00e7lik grubu TKD Kamp\u00fcs arac\u0131l\u0131\u011f\u0131yla bu y\u0131l K\u00fct\u00fcphane Haftas\u0131n\u0131n ilk g\u00fcn\u00fc olan 26.03.2012 Pazartesi g\u00fcn\u00fc 12:30-13:00 saatleri aras\u0131nda halk\u0131m\u0131z\u0131n ve \u00f6\u011frencilerimizin kat\u0131l\u0131mlar\u0131yla Piri Reis K\u00fclt\u00fcr Merkezi \u00f6n\u00fcnde 30 dakikal\u0131k kitap okuma etkinli\u011fi d\u00fczenlenecektir. Halk\u0131m\u0131za \u00f6nemle duyurulur.<\/p>\n<p style=\"text-align: justify;\">Kaynak: <a href=\"http:\/\/www.karaman.gov.tr\/default_B0.aspx?id=2379\" target=\"_blank\">Karaman \u0130l K\u00fclt\u00fcr ve Turizm M\u00fcd\u00fcrl\u00fc\u011f\u00fc<\/a><\/p>\n","protected":false},"excerpt":{"rendered":"<p>26 Mart -01 Nisan 2012 tarihleri aras\u0131nda 48.si kutlanacak olan \u201cK\u00fct\u00fcphane Haftas\u0131\u201d \u00e7er\u00e7evesinde, T\u00fcrk K\u00fct\u00fcphaneciler (TKD) gen\u00e7lik grubu TKD Kamp\u00fcs arac\u0131l\u0131\u011f\u0131yla bu y\u0131l K\u00fct\u00fcphane Haftas\u0131n\u0131n ilk g\u00fcn\u00fc olan 26.03.2012 Pazartesi g\u00fcn\u00fc 12:30-13:00 saatleri aras\u0131nda halk\u0131m\u0131z\u0131n ve \u00f6\u011frencilerimizin kat\u0131l\u0131mlar\u0131yla Piri Reis K\u00fclt\u00fcr Merkezi \u00f6n\u00fcnde 30 dakikal\u0131k kitap okuma etkinli\u011fi d\u00fczenlenecektir. Halk\u0131m\u0131za \u00f6nemle duyurulur. Kaynak: Karaman \u0130l [&hellip;]<\/p>\n","protected":false},"author":1,"featured_media":0,"comment_status":"open","ping_status":"open","sticky":false,"template":"","format":"standard","meta":{"footnotes":""},"categories":[1469,1496],"tags":[1461,851],"class_list":["post-2837","post","type-post","status-publish","format-standard","hentry","category-48-kutuphane-haftasi","category-kitap-okuma-etkinligi","tag-kutuphane-haftasi","tag-tkd-kampus"],"_links":{"self":[{"href":"https:\/\/www.bbyhaber.com\/bby\/wp-json\/wp\/v2\/posts\/2837"}],"collection":[{"href":"https:\/\/www.bbyhaber.com\/bby\/wp-json\/wp\/v2\/posts"}],"about":[{"href":"https:\/\/www.bbyhaber.com\/bby\/wp-json\/wp\/v2\/types\/post"}],"author":[{"embeddable":true,"href":"https:\/\/www.bbyhaber.com\/bby\/wp-json\/wp\/v2\/users\/1"}],"replies":[{"embeddable":true,"href":"https:\/\/www.bbyhaber.com\/bby\/wp-json\/wp\/v2\/comments?post=2837"}],"version-history":[{"count":0,"href":"https:\/\/www.bbyhaber.com\/bby\/wp-json\/wp\/v2\/posts\/2837\/revisions"}],"wp:attachment":[{"href":"https:\/\/www.bbyhaber.com\/bby\/wp-json\/wp\/v2\/media?parent=2837"}],"wp:term":[{"taxonomy":"category","embeddable":true,"href":"https:\/\/www.bbyhaber.com\/bby\/wp-json\/wp\/v2\/categories?post=2837"},{"taxonomy":"post_tag","embeddable":true,"href":"https:\/\/www.bbyhaber.com\/bby\/wp-json\/wp\/v2\/tags?post=2837"}],"curies":[{"name":"wp","href":"https:\/\/api.w.org\/{rel}","templated":true}]}}