{"id":28203,"date":"2020-03-14T17:49:43","date_gmt":"2020-03-14T14:49:43","guid":{"rendered":"http:\/\/www.bbyhaber.com\/bby\/?p=28203"},"modified":"2020-03-25T11:49:45","modified_gmt":"2020-03-25T08:49:45","slug":"koronavirus-salgini-kapsaminda-kutuphanelerde-alinan-onlemler-covid_lib","status":"publish","type":"post","link":"https:\/\/www.bbyhaber.com\/bby\/2020\/03\/14\/koronavirus-salgini-kapsaminda-kutuphanelerde-alinan-onlemler-covid_lib","title":{"rendered":"Corona Vir\u00fcs Salg\u0131n\u0131 Kapsam\u0131nda K\u00fct\u00fcphanelerde Al\u0131nan \u00d6nlemler #covid_lib"},"content":{"rendered":"<p><img loading=\"lazy\" decoding=\"async\" class=\"size-medium wp-image-28204 alignleft\" src=\"http:\/\/www.bbyhaber.com\/bby\/wp-content\/uploads\/2020\/03\/IMG-20200314-WA0006-300x240.jpg\" alt=\"\" width=\"300\" height=\"240\" srcset=\"https:\/\/www.bbyhaber.com\/bby\/wp-content\/uploads\/2020\/03\/IMG-20200314-WA0006-300x240.jpg 300w, https:\/\/www.bbyhaber.com\/bby\/wp-content\/uploads\/2020\/03\/IMG-20200314-WA0006-768x614.jpg 768w, https:\/\/www.bbyhaber.com\/bby\/wp-content\/uploads\/2020\/03\/IMG-20200314-WA0006-1024x819.jpg 1024w, https:\/\/www.bbyhaber.com\/bby\/wp-content\/uploads\/2020\/03\/IMG-20200314-WA0006.jpg 1600w\" sizes=\"(max-width: 300px) 100vw, 300px\" \/>Yeni tip <strong>Corona Vir\u00fcs&#8217;\u00fcn<\/strong> (COVID-19) D\u00fcnya Sa\u011fl\u0131k \u00d6rg\u00fct\u00fc taraf\u0131ndan pandemi (salg\u0131n) olarak ilan edilmesi ve \u00fclkemizdeki vaka say\u0131s\u0131n\u0131n yava\u015f olsa da artmas\u0131 sonucu al\u0131nan tedbirlerle hayat\u0131m\u0131z\u0131 vir\u00fcs odakl\u0131 kurgulamaya ba\u015flad\u0131k.<!--more--><\/p>\n<p>Toplu alanlarda bulunma konusunda devletin ilgili kademelerinden gelen uyar\u0131lar ile &#8216;\u015fimdilik&#8217; May\u0131s&#8217;a kadar i\u00e7e d\u00f6n\u00fck bir hayat s\u00fcrmemiz, salg\u0131n\u0131n yay\u0131lmamas\u0131 i\u00e7in b\u00fcy\u00fck \u00f6nem ta\u015f\u0131yor.<\/p>\n<p>Kamusal bir mekan olan k\u00fct\u00fcphanelerin k\u00fcresel salg\u0131n y\u00f6netimindeki rol\u00fc ve pozisyonu ne oldu?<\/p>\n<p>Kongre K\u00fct\u00fcphanesi (Library of Congress) ve ilgili birimleri 12 Mart&#8217;tan itibaren 1 Nisan&#8217;a kadar halk\u0131n kullan\u0131m\u0131na kapat\u0131ld\u0131.<\/p>\n<p>ABD&#8217;de bulunan New York, Chicago, Seattle Eyalet Ar\u015fivleri gibi \u00f6nemli ar\u015fivler kapat\u0131ld\u0131\u011f\u0131n\u0131 duyurdu.<\/p>\n<p>ABD&#8217;de hastal\u0131\u011f\u0131n bulundu\u011fu eyaletlerde k\u00fct\u00fcphaneler kapat\u0131l\u0131rken, di\u011fer halk k\u00fct\u00fcphaneleri hizmetlerini s\u0131n\u0131rlayarak etkinliklerini ileri bir tarihe ertelediler.<\/p>\n<p>Washington&#8217;da gezici k\u00fct\u00fcphane hizmetlerine ara verildi.<\/p>\n<p>Haziran&#8217;a kadar olan Bologna, London gibi uluslararas\u0131 kitap fuarlar\u0131 iptal edildi.<\/p>\n<p>IFLA uydu toplant\u0131lar\u0131n\u0131 iptal etti\u011fini duyurdu.<\/p>\n<p>CENL ve IFLA WLIC sekretaryas\u0131 d\u00fcnyadaki durumu yak\u0131ndan izledi\u011fini, \u015fimdilik iptal edilmedi\u011fini ama duyurular\u0131n takip edilmesini bildirdiler.<\/p>\n<p>\u0130ngiliz K\u00fct\u00fcphanesi (British Library) \u00e7al\u0131\u015fmalara devam etti\u011fini ancak programlarda d\u00fczenlemeye gittiklerini a\u00e7\u0131klad\u0131 ve kullan\u0131c\u0131lar\u0131 hijyen kurallar\u0131na uymalar\u0131 konusunda uyard\u0131.<\/p>\n<p>\u0130talya bir sonraki duyuruya kadar halk k\u00fct\u00fcphanelerinim kapat\u0131ld\u0131\u011f\u0131n\u0131 a\u00e7\u0131klad\u0131.<\/p>\n<p>Avrupa&#8217;da k\u00fct\u00fcphaneden \u00f6d\u00fcn\u00e7 al\u0131nan materyallerdeki ge\u00e7 getirmeye y\u00f6nelik para cezalar\u0131n\u0131 durduran k\u00fct\u00fcphaneler de mevcut.<\/p>\n<p>E-Kitap vb. hizmetleri bulunan k\u00fct\u00fcphaneler, kullan\u0131c\u0131lar\u0131 k\u00fct\u00fcphane kullan\u0131m\u0131n\u0131 dijital kaynaklar \u00fczerinden yapmalar\u0131 konusunda y\u00f6nlendiriyorlar.<\/p>\n<p>A\u00e7\u0131k kalan k\u00fct\u00fcphaneler ise temizlik personelini artt\u0131rarak k\u00fct\u00fcphanede hijyeni maksimum d\u00fczeye \u00e7\u0131kard\u0131.<\/p>\n<p>\u00c7al\u0131\u015fanlar tek kullan\u0131ml\u0131k eldivenler kullan\u0131yorlar. Kitap raflar\u0131n\u0131n aralar\u0131na dezenfektanlar yerle\u015ftirilerek kullan\u0131c\u0131lar\u0131n da faydalanmas\u0131 sa\u011flan\u0131yor.<\/p>\n<p>Kullan\u0131lan ya da \u00f6d\u00fcn\u00e7ten d\u00f6nen kitaplar raflara temizlenmeden \u00e7\u0131kar\u0131lm\u0131yor.<\/p>\n<p><strong>Peki \u00fclkemizdeki bu alanda al\u0131nm\u0131\u015f \u00f6nlemler, \u00e7al\u0131\u015fmalar ve yakla\u015f\u0131mlar neler?<\/strong><\/p>\n<p>T\u00fcrkiye Cumhuriyeti Sa\u011fl\u0131k Bakanl\u0131\u011f\u0131 Bilim Kurulunun \u00f6nerileri do\u011frultusunda \u00fclkemizde <strong>Corona Vir\u00fcs<\/strong> (COVID-19) vakalar\u0131 g\u00f6r\u00fclmesi nedeniyle Nisan ay\u0131 sonuna kadar ulusal ve uluslararas\u0131 toplant\u0131, kongre, konferans, sempozyum vb. etkinlikler iptal edilmi\u015ftir.<\/p>\n<p>Bu do\u011frultuda AnkosLink 2020 Kongresi iptal edilmi\u015ftir.<\/p>\n<p>Benzer \u015fekilde aralar\u0131nda Cumhurba\u015fkanl\u0131\u011f\u0131 Millet K\u00fct\u00fcphanesi, TKD, KYGM, \u00dcNAK, ANKOS, ilgili \u00fcniversitelerin bulundu\u011fu K\u00fct\u00fcphane Haftas\u0131 Kutlama Komitesi, 30 Mart- 05 Nisan 2020 tarihleri aras\u0131nda \u201c\u015eehir K\u00fclt\u00fcr\u00fc ve K\u00fct\u00fcphaneler\u201d ana temas\u0131 ile kutlanmas\u0131 planlanan 56. K\u00fct\u00fcphane Haftas\u0131 etkinliklerini iptal etmi\u015ftir.<\/p>\n<p>\u0130stanbul B\u00fcy\u00fck\u015fehir Belediyesi&#8217;ne ba\u011fl\u0131\u00a0k\u00fct\u00fcphaneler\u00a0\u00f6nlem olarak kapat\u0131ld\u0131<\/p>\n<p>Konya B\u00fcy\u00fck\u015fehir Belediyesi ikinci bir duyuruya kadar ba\u011fl\u0131 k\u00fct\u00fcphanelerin kapat\u0131ld\u0131\u011f\u0131n\u0131 yay\u0131nlam\u0131\u015ft\u0131r.<\/p>\n<p>Baz\u0131 il ve il\u00e7elerde belediye ve halk k\u00fct\u00fcphanelerinde dezenfeksiyon i\u015flemleri ba\u015flam\u0131\u015ft\u0131r.<\/p>\n<p>Yine baz\u0131 k\u00fct\u00fcphanelerde konuya ili\u015fkin bilgilendirme programlar\u0131, afi\u015fler ve \u00e7ol daha \u00f6nemlisi do\u011fru kaynaklardan referans al\u0131nan sosyal medya payla\u015f\u0131mlar\u0131 yap\u0131lmaktad\u0131r.<\/p>\n<p><strong>\u00a0[highlight color=&#8221;red&#8221;]15.03.2020[\/highlight] &#8211;<\/strong> <em>D\u00fcnya genelinde h\u0131zla yay\u0131lan <strong>Corona Vir\u00fcs<\/strong> nedeniyle al\u0131nan \u00f6nlemler kapsam\u0131nda 16 Mart Pazartesi g\u00fcn\u00fcnden 30 Mart Pazartesi g\u00fcn\u00fcne kadar K\u00fclt\u00fcr ve Turizm Bakanl\u0131\u011f\u0131&#8217;na ba\u011fl\u0131 t\u00fcm k\u00fct\u00fcphanelerin okuyucu hizmetlerine kapat\u0131lmas\u0131na ve yap\u0131lmas\u0131 planlanan t\u00fcm etkinliklerin iptaline karar verilmi\u015ftir.<\/em><\/p>\n<p><strong>\u00a0[highlight color=&#8221;red&#8221;]15.03.2020[\/highlight] &#8211;<\/strong>\u00a0 <strong>Corona Vir\u00fcs<\/strong> nedeniyle al\u0131nan \u00f6nlemler kapsam\u0131nda 15 Mart Pazar saat 21.00\u2019den 30 Mart Pazartesi g\u00fcn\u00fcne kadar Millet K\u00fct\u00fcphanesi&#8217;nin okuyucu hizmetlerine kapat\u0131lmas\u0131na karar verilmi\u015ftir<\/p>\n<p>\u00dclkemiz k\u00fct\u00fcphanelerinin <strong>Corona Vir\u00fcs\u00a0<\/strong>kar\u015f\u0131s\u0131nda uygulad\u0131klar\u0131 k\u0131s\u0131tlamalar\/iptaller, k\u00fct\u00fcphane dezenfeksiyon \u00e7al\u0131\u015fmalar\u0131 kapsam\u0131nda yap\u0131lanlar ayr\u0131ca toplumu bilgilendirme \u00e7al\u0131\u015fmalar\u0131 kapsam\u0131nda gerek k\u00fct\u00fcphane i\u00e7inde gerekse online sunulan hizmetler ve al\u0131nan \u00f6nlemleri derlemek amac\u0131yla k\u00fct\u00fcphanelerimiz <strong>Corona Vir\u00fcs\u00a0<\/strong>payla\u015f\u0131mlar\u0131n\u0131 <em><strong>#covid_lib<\/strong><\/em> etiketi ile yapmaya ba\u015flam\u0131\u015ft\u0131r.<\/p>\n<p>Bu kapsamda k\u00fct\u00fcphanelerimizi, salg\u0131nla ilgili k\u00fct\u00fcphanelerinde ald\u0131klar\u0131 \u00f6nlem ve yapt\u0131klar\u0131 \u00e7al\u0131\u015fmalar\u0131\u00a0<em><strong>#covid_lib\u00a0<\/strong><\/em>etiketiyle payla\u015fmaya davet ediyoruz.\u00a0 Bu sayede di\u011fer k\u00fct\u00fcphaneler de mevcut \u00f6nlemler konusunda bilgilenerek kendileri de \u00f6nlem alabilecek ve kamuoyunda k\u00fct\u00fcphanelerin vir\u00fcs kar\u015f\u0131s\u0131nda ald\u0131klar\u0131 \u00f6nlemler toplu \u015fekilde g\u00f6zlemlenebilecektir.<\/p>\n<p>B\u00f6ylece topyek\u00fbn bir fark\u0131ndal\u0131k ve hizmet geli\u015ftirme \u00e7al\u0131\u015fmalar\u0131n\u0131n yap\u0131lmas\u0131 hedeflenmi\u015ftir.<\/p>\n<p>Son olarak olu\u015fan son durumlar, kamuda al\u0131nan tedbirler ve son y\u0131llarda s\u00fcregelen programlar kapsam\u0131nda cevab\u0131n\u0131 arayan sorular da bulunmaktad\u0131r?<\/p>\n<p>Personel say\u0131s\u0131 idari izin ile azalan k\u00fct\u00fcphanelerde, k\u00fct\u00fcphane hizmetleri ile ilgili bir d\u00fczenleme yap\u0131lacak m\u0131?<\/p>\n<p>7\/24 hizmet veren k\u00fct\u00fcphanelerde May\u0131s&#8217;a kadar mesai saati ile ilgili bir d\u00fczenlemeye gidilecek mi?<\/p>\n<p>Okullar\u0131n tatil olmas\u0131 ile okuma salonlar\u0131n\u0131 doldurma e\u011filimindeki \u00f6\u011frenciler i\u00e7in bir duyuru yap\u0131lacak m\u0131?<\/p>\n<p><strong>Mevcut g\u00fcncellemeler ve yap\u0131lan \u00e7al\u0131\u015fmalar haberimize eklenecektir.<\/strong><\/p>\n<p><strong>Katk\u0131 ve \u00f6nerilerinden dolay\u0131 <a href=\"http:\/\/www.kutupanne.com\" target=\"_blank\" rel=\"noopener\">@kutupanne<\/a> platformuna te\u015fekk\u00fcr ediyoruz<\/strong>.<\/p>\n<p>&nbsp;<\/p>\n","protected":false},"excerpt":{"rendered":"<p>Yeni tip Corona Vir\u00fcs&#8217;\u00fcn (COVID-19) D\u00fcnya Sa\u011fl\u0131k \u00d6rg\u00fct\u00fc taraf\u0131ndan pandemi (salg\u0131n) olarak ilan edilmesi ve \u00fclkemizdeki vaka say\u0131s\u0131n\u0131n yava\u015f olsa da artmas\u0131 sonucu al\u0131nan tedbirlerle hayat\u0131m\u0131z\u0131 vir\u00fcs odakl\u0131 kurgulamaya ba\u015flad\u0131k.<\/p>\n","protected":false},"author":129,"featured_media":28204,"comment_status":"open","ping_status":"open","sticky":false,"template":"","format":"standard","meta":{"footnotes":""},"categories":[1],"tags":[1351,1352,1349,1353,1350],"class_list":["post-28203","post","type-post","status-publish","format-standard","has-post-thumbnail","hentry","category-genel","tag-corona-virus","tag-corona-virus-ve-kutuphaneler","tag-covid-19","tag-koronavirus-ve-kutuphaneler","tag-pandemi"],"_links":{"self":[{"href":"https:\/\/www.bbyhaber.com\/bby\/wp-json\/wp\/v2\/posts\/28203"}],"collection":[{"href":"https:\/\/www.bbyhaber.com\/bby\/wp-json\/wp\/v2\/posts"}],"about":[{"href":"https:\/\/www.bbyhaber.com\/bby\/wp-json\/wp\/v2\/types\/post"}],"author":[{"embeddable":true,"href":"https:\/\/www.bbyhaber.com\/bby\/wp-json\/wp\/v2\/users\/129"}],"replies":[{"embeddable":true,"href":"https:\/\/www.bbyhaber.com\/bby\/wp-json\/wp\/v2\/comments?post=28203"}],"version-history":[{"count":14,"href":"https:\/\/www.bbyhaber.com\/bby\/wp-json\/wp\/v2\/posts\/28203\/revisions"}],"predecessor-version":[{"id":28265,"href":"https:\/\/www.bbyhaber.com\/bby\/wp-json\/wp\/v2\/posts\/28203\/revisions\/28265"}],"wp:featuredmedia":[{"embeddable":true,"href":"https:\/\/www.bbyhaber.com\/bby\/wp-json\/wp\/v2\/media\/28204"}],"wp:attachment":[{"href":"https:\/\/www.bbyhaber.com\/bby\/wp-json\/wp\/v2\/media?parent=28203"}],"wp:term":[{"taxonomy":"category","embeddable":true,"href":"https:\/\/www.bbyhaber.com\/bby\/wp-json\/wp\/v2\/categories?post=28203"},{"taxonomy":"post_tag","embeddable":true,"href":"https:\/\/www.bbyhaber.com\/bby\/wp-json\/wp\/v2\/tags?post=28203"}],"curies":[{"name":"wp","href":"https:\/\/api.w.org\/{rel}","templated":true}]}}