{"id":28171,"date":"2020-03-12T15:05:51","date_gmt":"2020-03-12T12:05:51","guid":{"rendered":"http:\/\/www.bbyhaber.com\/bby\/?p=28171"},"modified":"2020-03-25T11:47:40","modified_gmt":"2020-03-25T08:47:40","slug":"ankoslink-2020-konferansi-koronovirus-nedeniyle-iptal-edildi","status":"publish","type":"post","link":"https:\/\/www.bbyhaber.com\/bby\/2020\/03\/12\/ankoslink-2020-konferansi-koronovirus-nedeniyle-iptal-edildi","title":{"rendered":"ANKOSLink 2020 Konferans\u0131 Corona Vir\u00fcs nedeniyle iptal edildi!"},"content":{"rendered":"<p><img loading=\"lazy\" decoding=\"async\" class=\"alignleft size-medium wp-image-28177\" src=\"http:\/\/www.bbyhaber.com\/bby\/wp-content\/uploads\/2020\/03\/IMG_20200312_153351_201-300x300.jpg\" alt=\"\" width=\"300\" height=\"300\" srcset=\"https:\/\/www.bbyhaber.com\/bby\/wp-content\/uploads\/2020\/03\/IMG_20200312_153351_201-300x300.jpg 300w, https:\/\/www.bbyhaber.com\/bby\/wp-content\/uploads\/2020\/03\/IMG_20200312_153351_201-150x150.jpg 150w, https:\/\/www.bbyhaber.com\/bby\/wp-content\/uploads\/2020\/03\/IMG_20200312_153351_201-768x768.jpg 768w, https:\/\/www.bbyhaber.com\/bby\/wp-content\/uploads\/2020\/03\/IMG_20200312_153351_201-1024x1024.jpg 1024w, https:\/\/www.bbyhaber.com\/bby\/wp-content\/uploads\/2020\/03\/IMG_20200312_153351_201.jpg 1080w\" sizes=\"(max-width: 300px) 100vw, 300px\" \/>ANKOSLink 2020 Konferans\u0131&#8217;n\u0131n\u00a0<strong>Corona Vir\u00fcs<\/strong>\u00a0nedeniyle iptal edildi\u011fi bildirildi ve ANKOS Y\u00f6netimi \u015fu payla\u015f\u0131m\u0131 yapt\u0131: &#8220;T\u00fcrkiye Cumhuriyeti Sa\u011fl\u0131k Bakanl\u0131\u011f\u0131, <strong>Corona Vir\u00fcs<\/strong> (COVID-19)\u2019\u00fcn T\u00fcrkiye&#8217;deki ilk vakas\u0131n\u0131 bildirmi\u015f olup, bu kapsamda Nisan ay\u0131 sonuna kadar T\u00fcrkiye&#8217;deki uluslararas\u0131 ve ulusal toplant\u0131, kongre, konferans, sempozyum ve di\u011fer etkinlikleri iptal etmi\u015ftir. Bu ba\u011flamda,<!--more--> ANKOS Y\u00f6netim Kurulu, <span style=\"color: #ff0000;\">07-10 Nisan 2020 tarihlerinde planlanan ANKOSLink 2020 Konferans\u0131\u2019n\u0131 iptal etme karar\u0131 alm\u0131\u015ft\u0131r.<\/span> ANKOSLink 2020 Konferans\u0131\u2019n\u0131n Ekim, Kas\u0131m veya Aral\u0131k aylar\u0131nda ger\u00e7ekle\u015ftirilebilmesi i\u00e7in Y\u00f6netim Kurulu ve D\u00fczenleme Komitesi olarak g\u00f6r\u00fc\u015fme ve \u00e7al\u0131\u015fmalar\u0131na devam etmektedir. Bilgilerinize sayg\u0131 ile duyurulur. &#8220;<\/p>\n","protected":false},"excerpt":{"rendered":"<p>ANKOSLink 2020 Konferans\u0131&#8217;n\u0131n\u00a0Corona Vir\u00fcs\u00a0nedeniyle iptal edildi\u011fi bildirildi ve ANKOS Y\u00f6netimi \u015fu payla\u015f\u0131m\u0131 yapt\u0131: &#8220;T\u00fcrkiye Cumhuriyeti Sa\u011fl\u0131k Bakanl\u0131\u011f\u0131, Corona Vir\u00fcs (COVID-19)\u2019\u00fcn T\u00fcrkiye&#8217;deki ilk vakas\u0131n\u0131 bildirmi\u015f olup, bu kapsamda Nisan ay\u0131 sonuna kadar T\u00fcrkiye&#8217;deki uluslararas\u0131 ve ulusal toplant\u0131, kongre, konferans, sempozyum ve di\u011fer etkinlikleri iptal etmi\u015ftir. Bu ba\u011flamda,<\/p>\n","protected":false},"author":1,"featured_media":28177,"comment_status":"open","ping_status":"open","sticky":false,"template":"","format":"standard","meta":{"footnotes":""},"categories":[1537,1],"tags":[1351,1352,1349,1353,1350],"class_list":["post-28171","post","type-post","status-publish","format-standard","has-post-thumbnail","hentry","category-ankoslink","category-genel","tag-corona-virus","tag-corona-virus-ve-kutuphaneler","tag-covid-19","tag-koronavirus-ve-kutuphaneler","tag-pandemi"],"_links":{"self":[{"href":"https:\/\/www.bbyhaber.com\/bby\/wp-json\/wp\/v2\/posts\/28171"}],"collection":[{"href":"https:\/\/www.bbyhaber.com\/bby\/wp-json\/wp\/v2\/posts"}],"about":[{"href":"https:\/\/www.bbyhaber.com\/bby\/wp-json\/wp\/v2\/types\/post"}],"author":[{"embeddable":true,"href":"https:\/\/www.bbyhaber.com\/bby\/wp-json\/wp\/v2\/users\/1"}],"replies":[{"embeddable":true,"href":"https:\/\/www.bbyhaber.com\/bby\/wp-json\/wp\/v2\/comments?post=28171"}],"version-history":[{"count":8,"href":"https:\/\/www.bbyhaber.com\/bby\/wp-json\/wp\/v2\/posts\/28171\/revisions"}],"predecessor-version":[{"id":28262,"href":"https:\/\/www.bbyhaber.com\/bby\/wp-json\/wp\/v2\/posts\/28171\/revisions\/28262"}],"wp:featuredmedia":[{"embeddable":true,"href":"https:\/\/www.bbyhaber.com\/bby\/wp-json\/wp\/v2\/media\/28177"}],"wp:attachment":[{"href":"https:\/\/www.bbyhaber.com\/bby\/wp-json\/wp\/v2\/media?parent=28171"}],"wp:term":[{"taxonomy":"category","embeddable":true,"href":"https:\/\/www.bbyhaber.com\/bby\/wp-json\/wp\/v2\/categories?post=28171"},{"taxonomy":"post_tag","embeddable":true,"href":"https:\/\/www.bbyhaber.com\/bby\/wp-json\/wp\/v2\/tags?post=28171"}],"curies":[{"name":"wp","href":"https:\/\/api.w.org\/{rel}","templated":true}]}}