{"id":28165,"date":"2020-03-11T13:24:35","date_gmt":"2020-03-11T10:24:35","guid":{"rendered":"http:\/\/www.bbyhaber.com\/bby\/?p=28165"},"modified":"2020-03-11T13:24:35","modified_gmt":"2020-03-11T10:24:35","slug":"anilarda-kalan-film-ve-muzikler-dijital-ortama-tasiniyor","status":"publish","type":"post","link":"https:\/\/www.bbyhaber.com\/bby\/2020\/03\/11\/anilarda-kalan-film-ve-muzikler-dijital-ortama-tasiniyor","title":{"rendered":"An\u0131larda kalan film ve m\u00fczikler dijital ortama ta\u015f\u0131n\u0131yor"},"content":{"rendered":"<p><img loading=\"lazy\" decoding=\"async\" class=\"alignleft size-medium wp-image-28166\" src=\"http:\/\/www.bbyhaber.com\/bby\/wp-content\/uploads\/2020\/03\/anilarda-kalan-film-ve-muzikler-dijital-ortam-12999332_o-300x169.jpg\" alt=\"\" width=\"300\" height=\"169\" srcset=\"https:\/\/www.bbyhaber.com\/bby\/wp-content\/uploads\/2020\/03\/anilarda-kalan-film-ve-muzikler-dijital-ortam-12999332_o-300x169.jpg 300w, https:\/\/www.bbyhaber.com\/bby\/wp-content\/uploads\/2020\/03\/anilarda-kalan-film-ve-muzikler-dijital-ortam-12999332_o.jpg 640w\" sizes=\"(max-width: 300px) 100vw, 300px\" \/><\/p>\n<p>K\u00fclt\u00fcr ve Turizm Bakanl\u0131\u011f\u0131 Telif Haklar\u0131 Genel M\u00fcd\u00fcrl\u00fc\u011f\u00fc, ar\u015fivindeki yakla\u015f\u0131k 250 bin ses ve g\u00f6r\u00fcnt\u00fcy\u00fc dijitalle\u015ftiriyor.<\/p>\n<p>K\u00fclt\u00fcrel miras niteli\u011findeki m\u00fczik ve sinema eserlerini korumak i\u00e7in ba\u015flat\u0131lan uygulama kapsam\u0131nda \u00f6ncelik, 70 bini a\u015fk\u0131n yerli yap\u0131ma veriliyor.<!--more--><\/p>\n<p>Genel M\u00fcd\u00fcrl\u00fckte olu\u015fturulan \u00f6zel bir birimde T\u00dcRKSAT \u00e7al\u0131\u015fanlar\u0131n\u0131n da deste\u011fiyle harcanan yo\u011fun mesaide, &#8220;Sev Karde\u015fim&#8221;, &#8220;K\u00fc\u00e7\u00fck Han\u0131m&#8217;\u0131n \u015eof\u00f6r\u00fc&#8221;, &#8220;Vesikal\u0131 Yarim&#8221;, &#8220;Namuslu&#8221; gibi T\u00fcrk sinemas\u0131n\u0131n unutulmaz filmleri ile\u00a0Ne\u015fet Erta\u015f,\u00a0Bedia Akart\u00fcrk,\u00a0\u0130brahim Tatl\u0131ses,\u00a0\u0130zzet Alt\u0131nme\u015fe\u00a0gibi T\u00fcrk m\u00fczi\u011finin \u00f6nemli seslerinin kaset, plak ve CD&#8217;leri dijital ortama aktar\u0131l\u0131yor.<\/p>\n<p>Telif Haklar\u0131 Genel M\u00fcd\u00fcr\u00fc\u00a0Ziya Ta\u015fkent, yapt\u0131\u011f\u0131 a\u00e7\u0131klamada, 1986&#8217;da yap\u0131lan yasal d\u00fczenlemeyle\u00a0T\u00fcrkiye&#8217;de eser niteli\u011fi ta\u015f\u0131yan ses ve g\u00f6r\u00fcnt\u00fc mam\u00fcllerinin kay\u0131t tescilinin zorunlu hale getirildi\u011fini belirtti.<\/p>\n<p>D\u00fczenlemenin ard\u0131ndan yap\u0131mc\u0131 firmalar\u0131n, \u00fcrettikleri eserden birer n\u00fcshay\u0131 kendilerine teslim ettiklerini vurgulayan Ta\u015fkent, Genel M\u00fcd\u00fcrl\u00fc\u011f\u00fcn ar\u015fivlerinde daha \u00f6nceki \u00fcretimlerden \u00f6rneklerin de bulundu\u011funu bildirdi.<\/p>\n<p>Ta\u015fkent, m\u00fczik ve sinema eserlerine ait dosyalar\u0131n, bin metrekarenin \u00fczerinde iklimlendirme ve g\u00fcvenlik sistemine sahip \u00f6zel bir ar\u015fiv b\u00f6l\u00fcm\u00fcnde korundu\u011funa i\u015faret ederek, s\u00f6zlerini \u015f\u00f6yle s\u00fcrd\u00fcrd\u00fc:<\/p>\n<p>&#8220;\u015eu an y\u00fcr\u00fct\u00fclen projenin ilk aya\u011f\u0131 olarak \u00f6teden beri kendi ar\u015fivimizde bulunan m\u00fczik ve sinema eserlerinin milyonlarca sayfadan olu\u015fan belgelerini taray\u0131p dijitalle\u015ftirmi\u015ftik. Bunun ikinci aya\u011f\u0131 olarak da zaman i\u00e7inde u\u011frayacaklar\u0131 fiziksel a\u015f\u0131nman\u0131n \u00f6n\u00fcn\u00fc almak ve koruma amac\u0131yla bu ses ve g\u00f6r\u00fcnt\u00fc ar\u015fivini dijitalle\u015ftirme \u00e7al\u0131\u015fmas\u0131na ba\u015flad\u0131k.&#8221;<\/p>\n<p>Yerli ve yabanc\u0131 olmak \u00fczere yakla\u015f\u0131k 250 bin kadar eser \u00fczerinde \u00e7al\u0131\u015fma yap\u0131laca\u011f\u0131n\u0131 dile getiren Ta\u015fkent, &#8220;Proje kapsam\u0131nda \u00f6nceli\u011fimiz, yakla\u015f\u0131k 70 bin adet ses ve g\u00f6r\u00fcnt\u00fcl\u00fc yerli yap\u0131m\u0131n, m\u00fczik ve sinema eserinin, oldu\u011fu gibi b\u00fct\u00fcn i\u00e7eri\u011fiyle dijital ortama aktar\u0131lmas\u0131.&#8221; dedi.<\/p>\n<p>&#8220;Ama\u00e7 eserlerin y\u0131llar i\u00e7inde kaybolmas\u0131n\u0131 \u00f6nlemek&#8221;<\/p>\n<p>Ziya Ta\u015fkent, \u00e7al\u0131\u015fman\u0131n, bu eserlerin y\u0131llar i\u00e7inde a\u015f\u0131nmas\u0131n\u0131n, kaybolmas\u0131n\u0131n \u00f6nlenmesi ve yarg\u0131 sisteminin esere eri\u015fiminin sa\u011flanmas\u0131 amac\u0131yla yap\u0131ld\u0131\u011f\u0131n\u0131 ifade ederek, &#8220;\u0130htiya\u00e7 halinde herhangi bir hak ihlali iddias\u0131yla yarg\u0131 organlar\u0131ndan bizdeki kay\u0131t bilgilerine m\u00fcracaat ediliyor. Bu dijitalle\u015ftirmeden sonra sadece eserlere ait malumata de\u011fil, eserlerin kendisine de yarg\u0131 sisteminden eri\u015fim sa\u011flanabilecek.&#8221; bilgisini payla\u015ft\u0131.<\/p>\n<p>\u00c7al\u0131\u015fmay\u0131 Genel M\u00fcd\u00fcrl\u00fc\u011f\u00fcn ar\u015fivinin yan\u0131nda olu\u015fturduklar\u0131 \u00f6zel bir b\u00f6l\u00fcmde y\u00fcr\u00fctt\u00fcklerini anlatan Ta\u015fkent, &#8220;En lojistik ve optimal \u00e7\u00f6z\u00fcm olarak bu platformu burada kurmay\u0131 uygun bulduk. 15 kadar arkada\u015f\u0131m\u0131z bu i\u015flemi y\u00fcr\u00fctmekte. T\u00dcRKSAT&#8217;tan hizmet ald\u0131k. Bir y\u0131l boyunca aktar\u0131m i\u015flemi ve yaz\u0131l\u0131m deste\u011fiyle bunlar\u0131n etiketlenmesi tamamlanacak.&#8221; diye konu\u015ftu.<\/p>\n<div class=\"drimg\"><\/div>\n","protected":false},"excerpt":{"rendered":"<p>K\u00fclt\u00fcr ve Turizm Bakanl\u0131\u011f\u0131 Telif Haklar\u0131 Genel M\u00fcd\u00fcrl\u00fc\u011f\u00fc, ar\u015fivindeki yakla\u015f\u0131k 250 bin ses ve g\u00f6r\u00fcnt\u00fcy\u00fc dijitalle\u015ftiriyor. K\u00fclt\u00fcrel miras niteli\u011findeki m\u00fczik ve sinema eserlerini korumak i\u00e7in ba\u015flat\u0131lan uygulama kapsam\u0131nda \u00f6ncelik, 70 bini a\u015fk\u0131n yerli yap\u0131ma veriliyor.<\/p>\n","protected":false},"author":129,"featured_media":28166,"comment_status":"open","ping_status":"open","sticky":false,"template":"","format":"standard","meta":{"footnotes":""},"categories":[1],"tags":[],"class_list":["post-28165","post","type-post","status-publish","format-standard","has-post-thumbnail","hentry","category-genel"],"_links":{"self":[{"href":"https:\/\/www.bbyhaber.com\/bby\/wp-json\/wp\/v2\/posts\/28165"}],"collection":[{"href":"https:\/\/www.bbyhaber.com\/bby\/wp-json\/wp\/v2\/posts"}],"about":[{"href":"https:\/\/www.bbyhaber.com\/bby\/wp-json\/wp\/v2\/types\/post"}],"author":[{"embeddable":true,"href":"https:\/\/www.bbyhaber.com\/bby\/wp-json\/wp\/v2\/users\/129"}],"replies":[{"embeddable":true,"href":"https:\/\/www.bbyhaber.com\/bby\/wp-json\/wp\/v2\/comments?post=28165"}],"version-history":[{"count":2,"href":"https:\/\/www.bbyhaber.com\/bby\/wp-json\/wp\/v2\/posts\/28165\/revisions"}],"predecessor-version":[{"id":28168,"href":"https:\/\/www.bbyhaber.com\/bby\/wp-json\/wp\/v2\/posts\/28165\/revisions\/28168"}],"wp:featuredmedia":[{"embeddable":true,"href":"https:\/\/www.bbyhaber.com\/bby\/wp-json\/wp\/v2\/media\/28166"}],"wp:attachment":[{"href":"https:\/\/www.bbyhaber.com\/bby\/wp-json\/wp\/v2\/media?parent=28165"}],"wp:term":[{"taxonomy":"category","embeddable":true,"href":"https:\/\/www.bbyhaber.com\/bby\/wp-json\/wp\/v2\/categories?post=28165"},{"taxonomy":"post_tag","embeddable":true,"href":"https:\/\/www.bbyhaber.com\/bby\/wp-json\/wp\/v2\/tags?post=28165"}],"curies":[{"name":"wp","href":"https:\/\/api.w.org\/{rel}","templated":true}]}}