{"id":28088,"date":"2020-02-19T15:03:50","date_gmt":"2020-02-19T12:03:50","guid":{"rendered":"http:\/\/www.bbyhaber.com\/bby\/?p=28088"},"modified":"2020-02-19T15:05:04","modified_gmt":"2020-02-19T12:05:04","slug":"istanbul-universitesi-bbyon-toplulugu-koy-okullarina-kutuphane-kurdu-iubbyon","status":"publish","type":"post","link":"https:\/\/www.bbyhaber.com\/bby\/2020\/02\/19\/istanbul-universitesi-bbyon-toplulugu-koy-okullarina-kutuphane-kurdu-iubbyon","title":{"rendered":"\u0130stanbul \u00dcniversitesi BBYON toplulu\u011fu k\u00f6y okullar\u0131na k\u00fct\u00fcphane kurdu @iubbyon"},"content":{"rendered":"<p>Uzun zamand\u0131r planlad\u0131\u011f\u0131m\u0131z yedi b\u00f6lgede yedi karde\u015f k\u00fct\u00fcphane projesi kapsam\u0131nda \u201cMarmara&#8217;dan G\u00fcneydo\u011fu&#8217;ya Dek Karde\u015f K\u00fct\u00fcphaneler \u0130\u00e7in El Ele\u201d ismiyle ger\u00e7ekle\u015ftirdi\u011fimiz projemize \u00fc\u00e7 y\u0131l \u00f6nce ilk aya\u011f\u0131na Marmara B\u00f6lgesi Yalova ili \u015eehit Abd\u00fclhamit Kaya \u0130mamhatip Ortaokulu ile ba\u015flad\u0131k. Ge\u00e7en y\u0131l ikinci dura\u011f\u0131m\u0131z Do\u011fu Anadolu B\u00f6lgesi Bitlis iliydi. Bu y\u0131l da projemizin \u00fc\u00e7\u00fcnc\u00fc dura\u011f\u0131 Karadeniz B\u00f6lgesi Trabzon ili oldu.<!--more--><\/p>\n<p>Yetkililerden proje ile ilgili \u015fu bilgiler aktar\u0131ld\u0131: &#8220;Bu proje i\u00e7in kampanyalar d\u00fczenlendi; sosyal medya hesaplar\u0131m\u0131z \u00fczerinden, ba\u011f\u0131\u015flar toplad\u0131k, mezun oldu\u011fumuz (lise, ortaokullara) okullar\u0131m\u0131za afi\u015flerimizi ast\u0131k ve kitap toplama maceram\u0131z\u0131 b\u00f6yle ger\u00e7ekle\u015ftirdik. Trabzon\u2019da k\u00f6y okullar\u0131na; kitap, test kitaplar\u0131 ve k\u0131rtasiye malzemeleri deste\u011finde bulunmak i\u00e7in yola \u00e7\u0131kt\u0131k. \u201cBir Kitap Bir \u00c7ocuk G\u00fcl\u00fcmsemesi\u201d i\u00e7in yan\u0131m\u0131zda ve kalbimizde olan bir\u00e7ok destek\u00e7imiz ile bu projemizi ger\u00e7ekle\u015ftirdik.\u00a0<strong>Trabzon\u2019a 4 binden fazla kitap<\/strong>, k\u0131rtasiye malzemeleri, satran\u00e7, d\u00fcnya haritalar\u0131 vb. getirdik. \u0130lk g\u00fcn\u00fcm\u00fczde; Karl\u0131k Ortaokulu ve Karakaya Ortaokuluna gittik.<\/p>\n<div id='gallery-1' class='gallery galleryid-28088 gallery-columns-8 gallery-size-large'><figure class='gallery-item'>\n\t\t\t<div class='gallery-icon landscape'>\n\t\t\t\t<a href='https:\/\/www.bbyhaber.com\/bby\/wp-content\/uploads\/2020\/02\/bbyon-trabzon-kutuphane-kurma-etkinligi-3.jpg'><img loading=\"lazy\" decoding=\"async\" width=\"640\" height=\"640\" src=\"https:\/\/www.bbyhaber.com\/bby\/wp-content\/uploads\/2020\/02\/bbyon-trabzon-kutuphane-kurma-etkinligi-3.jpg\" class=\"attachment-large size-large\" alt=\"\" srcset=\"https:\/\/www.bbyhaber.com\/bby\/wp-content\/uploads\/2020\/02\/bbyon-trabzon-kutuphane-kurma-etkinligi-3.jpg 960w, https:\/\/www.bbyhaber.com\/bby\/wp-content\/uploads\/2020\/02\/bbyon-trabzon-kutuphane-kurma-etkinligi-3-150x150.jpg 150w, https:\/\/www.bbyhaber.com\/bby\/wp-content\/uploads\/2020\/02\/bbyon-trabzon-kutuphane-kurma-etkinligi-3-300x300.jpg 300w, https:\/\/www.bbyhaber.com\/bby\/wp-content\/uploads\/2020\/02\/bbyon-trabzon-kutuphane-kurma-etkinligi-3-768x768.jpg 768w\" sizes=\"(max-width: 640px) 100vw, 640px\" \/><\/a>\n\t\t\t<\/div><\/figure><figure class='gallery-item'>\n\t\t\t<div class='gallery-icon landscape'>\n\t\t\t\t<a href='https:\/\/www.bbyhaber.com\/bby\/wp-content\/uploads\/2020\/02\/bbyon-trabzon-kutuphane-kurma-etkinligi-4.jpg'><img loading=\"lazy\" decoding=\"async\" width=\"640\" height=\"640\" src=\"https:\/\/www.bbyhaber.com\/bby\/wp-content\/uploads\/2020\/02\/bbyon-trabzon-kutuphane-kurma-etkinligi-4.jpg\" class=\"attachment-large size-large\" alt=\"\" srcset=\"https:\/\/www.bbyhaber.com\/bby\/wp-content\/uploads\/2020\/02\/bbyon-trabzon-kutuphane-kurma-etkinligi-4.jpg 960w, https:\/\/www.bbyhaber.com\/bby\/wp-content\/uploads\/2020\/02\/bbyon-trabzon-kutuphane-kurma-etkinligi-4-150x150.jpg 150w, https:\/\/www.bbyhaber.com\/bby\/wp-content\/uploads\/2020\/02\/bbyon-trabzon-kutuphane-kurma-etkinligi-4-300x300.jpg 300w, https:\/\/www.bbyhaber.com\/bby\/wp-content\/uploads\/2020\/02\/bbyon-trabzon-kutuphane-kurma-etkinligi-4-768x768.jpg 768w\" sizes=\"(max-width: 640px) 100vw, 640px\" \/><\/a>\n\t\t\t<\/div><\/figure><figure class='gallery-item'>\n\t\t\t<div class='gallery-icon landscape'>\n\t\t\t\t<a href='https:\/\/www.bbyhaber.com\/bby\/wp-content\/uploads\/2020\/02\/bbyon-trabzon-kutuphane-kurma-etkinligi-5.jpg'><img loading=\"lazy\" decoding=\"async\" width=\"640\" height=\"640\" src=\"https:\/\/www.bbyhaber.com\/bby\/wp-content\/uploads\/2020\/02\/bbyon-trabzon-kutuphane-kurma-etkinligi-5.jpg\" class=\"attachment-large size-large\" alt=\"\" srcset=\"https:\/\/www.bbyhaber.com\/bby\/wp-content\/uploads\/2020\/02\/bbyon-trabzon-kutuphane-kurma-etkinligi-5.jpg 960w, https:\/\/www.bbyhaber.com\/bby\/wp-content\/uploads\/2020\/02\/bbyon-trabzon-kutuphane-kurma-etkinligi-5-150x150.jpg 150w, https:\/\/www.bbyhaber.com\/bby\/wp-content\/uploads\/2020\/02\/bbyon-trabzon-kutuphane-kurma-etkinligi-5-300x300.jpg 300w, https:\/\/www.bbyhaber.com\/bby\/wp-content\/uploads\/2020\/02\/bbyon-trabzon-kutuphane-kurma-etkinligi-5-768x768.jpg 768w\" sizes=\"(max-width: 640px) 100vw, 640px\" \/><\/a>\n\t\t\t<\/div><\/figure><figure class='gallery-item'>\n\t\t\t<div class='gallery-icon landscape'>\n\t\t\t\t<a href='https:\/\/www.bbyhaber.com\/bby\/wp-content\/uploads\/2020\/02\/bbyon-trabzon-kutuphane-kurma-etkinligi-6.jpg'><img loading=\"lazy\" decoding=\"async\" width=\"640\" height=\"640\" src=\"https:\/\/www.bbyhaber.com\/bby\/wp-content\/uploads\/2020\/02\/bbyon-trabzon-kutuphane-kurma-etkinligi-6.jpg\" class=\"attachment-large size-large\" alt=\"\" srcset=\"https:\/\/www.bbyhaber.com\/bby\/wp-content\/uploads\/2020\/02\/bbyon-trabzon-kutuphane-kurma-etkinligi-6.jpg 960w, https:\/\/www.bbyhaber.com\/bby\/wp-content\/uploads\/2020\/02\/bbyon-trabzon-kutuphane-kurma-etkinligi-6-150x150.jpg 150w, https:\/\/www.bbyhaber.com\/bby\/wp-content\/uploads\/2020\/02\/bbyon-trabzon-kutuphane-kurma-etkinligi-6-300x300.jpg 300w, https:\/\/www.bbyhaber.com\/bby\/wp-content\/uploads\/2020\/02\/bbyon-trabzon-kutuphane-kurma-etkinligi-6-768x768.jpg 768w\" sizes=\"(max-width: 640px) 100vw, 640px\" \/><\/a>\n\t\t\t<\/div><\/figure><figure class='gallery-item'>\n\t\t\t<div class='gallery-icon landscape'>\n\t\t\t\t<a href='https:\/\/www.bbyhaber.com\/bby\/wp-content\/uploads\/2020\/02\/bbyon-trabzon-kutuphane-kurma-etkinligi-7.jpg'><img loading=\"lazy\" decoding=\"async\" width=\"640\" height=\"480\" src=\"https:\/\/www.bbyhaber.com\/bby\/wp-content\/uploads\/2020\/02\/bbyon-trabzon-kutuphane-kurma-etkinligi-7-1024x768.jpg\" class=\"attachment-large size-large\" alt=\"\" srcset=\"https:\/\/www.bbyhaber.com\/bby\/wp-content\/uploads\/2020\/02\/bbyon-trabzon-kutuphane-kurma-etkinligi-7-1024x768.jpg 1024w, https:\/\/www.bbyhaber.com\/bby\/wp-content\/uploads\/2020\/02\/bbyon-trabzon-kutuphane-kurma-etkinligi-7-300x225.jpg 300w, https:\/\/www.bbyhaber.com\/bby\/wp-content\/uploads\/2020\/02\/bbyon-trabzon-kutuphane-kurma-etkinligi-7-768x576.jpg 768w, https:\/\/www.bbyhaber.com\/bby\/wp-content\/uploads\/2020\/02\/bbyon-trabzon-kutuphane-kurma-etkinligi-7.jpg 1440w\" sizes=\"(max-width: 640px) 100vw, 640px\" \/><\/a>\n\t\t\t<\/div><\/figure><figure class='gallery-item'>\n\t\t\t<div class='gallery-icon landscape'>\n\t\t\t\t<a href='https:\/\/www.bbyhaber.com\/bby\/wp-content\/uploads\/2020\/02\/bbyon-trabzon-kutuphane-kurma-etkinligi-8.jpg'><img loading=\"lazy\" decoding=\"async\" width=\"640\" height=\"640\" src=\"https:\/\/www.bbyhaber.com\/bby\/wp-content\/uploads\/2020\/02\/bbyon-trabzon-kutuphane-kurma-etkinligi-8.jpg\" class=\"attachment-large size-large\" alt=\"\" srcset=\"https:\/\/www.bbyhaber.com\/bby\/wp-content\/uploads\/2020\/02\/bbyon-trabzon-kutuphane-kurma-etkinligi-8.jpg 960w, https:\/\/www.bbyhaber.com\/bby\/wp-content\/uploads\/2020\/02\/bbyon-trabzon-kutuphane-kurma-etkinligi-8-150x150.jpg 150w, https:\/\/www.bbyhaber.com\/bby\/wp-content\/uploads\/2020\/02\/bbyon-trabzon-kutuphane-kurma-etkinligi-8-300x300.jpg 300w, https:\/\/www.bbyhaber.com\/bby\/wp-content\/uploads\/2020\/02\/bbyon-trabzon-kutuphane-kurma-etkinligi-8-768x768.jpg 768w\" sizes=\"(max-width: 640px) 100vw, 640px\" \/><\/a>\n\t\t\t<\/div><\/figure><figure class='gallery-item'>\n\t\t\t<div class='gallery-icon landscape'>\n\t\t\t\t<a href='https:\/\/www.bbyhaber.com\/bby\/wp-content\/uploads\/2020\/02\/bbyon-trabzon-kutuphane-kurma-etkinligi-1.jpg'><img loading=\"lazy\" decoding=\"async\" width=\"640\" height=\"481\" src=\"https:\/\/www.bbyhaber.com\/bby\/wp-content\/uploads\/2020\/02\/bbyon-trabzon-kutuphane-kurma-etkinligi-1-1024x769.jpg\" class=\"attachment-large size-large\" alt=\"\" srcset=\"https:\/\/www.bbyhaber.com\/bby\/wp-content\/uploads\/2020\/02\/bbyon-trabzon-kutuphane-kurma-etkinligi-1-1024x769.jpg 1024w, https:\/\/www.bbyhaber.com\/bby\/wp-content\/uploads\/2020\/02\/bbyon-trabzon-kutuphane-kurma-etkinligi-1-300x225.jpg 300w, https:\/\/www.bbyhaber.com\/bby\/wp-content\/uploads\/2020\/02\/bbyon-trabzon-kutuphane-kurma-etkinligi-1-768x577.jpg 768w, https:\/\/www.bbyhaber.com\/bby\/wp-content\/uploads\/2020\/02\/bbyon-trabzon-kutuphane-kurma-etkinligi-1.jpg 1440w\" sizes=\"(max-width: 640px) 100vw, 640px\" \/><\/a>\n\t\t\t<\/div><\/figure><figure class='gallery-item'>\n\t\t\t<div class='gallery-icon landscape'>\n\t\t\t\t<a href='https:\/\/www.bbyhaber.com\/bby\/wp-content\/uploads\/2020\/02\/bbyon-trabzon-kutuphane-kurma-etkinligi-2.jpg'><img loading=\"lazy\" decoding=\"async\" width=\"640\" height=\"480\" src=\"https:\/\/www.bbyhaber.com\/bby\/wp-content\/uploads\/2020\/02\/bbyon-trabzon-kutuphane-kurma-etkinligi-2-1024x768.jpg\" class=\"attachment-large size-large\" alt=\"\" srcset=\"https:\/\/www.bbyhaber.com\/bby\/wp-content\/uploads\/2020\/02\/bbyon-trabzon-kutuphane-kurma-etkinligi-2-1024x768.jpg 1024w, https:\/\/www.bbyhaber.com\/bby\/wp-content\/uploads\/2020\/02\/bbyon-trabzon-kutuphane-kurma-etkinligi-2-300x225.jpg 300w, https:\/\/www.bbyhaber.com\/bby\/wp-content\/uploads\/2020\/02\/bbyon-trabzon-kutuphane-kurma-etkinligi-2-768x576.jpg 768w, https:\/\/www.bbyhaber.com\/bby\/wp-content\/uploads\/2020\/02\/bbyon-trabzon-kutuphane-kurma-etkinligi-2.jpg 1200w\" sizes=\"(max-width: 640px) 100vw, 640px\" \/><\/a>\n\t\t\t<\/div><\/figure>\n\t\t<\/div>\n\n<p>\u0130kinci g\u00fcn\u00fcm\u00fczde ise; G\u00fcrbulak \u0130lkokulu ve \u00c7imenli \u0130lkokuluna gittik. \u00d6ncelikle bu projemizde yan\u0131m\u0131zda olan Trabzon\u2019da t\u00fcm g\u00fcc\u00fcyle destek\u00e7imiz olan, k\u00f6y okullar\u0131nda yard\u0131mc\u0131m\u0131z olan, b\u00f6l\u00fcm\u00fcm\u00fcz\u00fcn, mesle\u011fimizin, yapt\u0131\u011f\u0131m\u0131z i\u015flerin ne kadar k\u0131ymetli, de\u011ferli oldu\u011funu bir kez daha kan\u0131tlayan K\u00fct\u00fcphaneci Beg\u00fcm B\u00fc\u015fra Akg\u00fcn\u2019e sonsuz te\u015fekk\u00fcrlerimizi sunuyoruz. Ayn\u0131 zamanda arka planda t\u00fcm deste\u011fini veren Bisikletli K\u00fct\u00fcphaneci Hakan Y\u00fccel\u2019e de \u00e7ok te\u015fekk\u00fcr ediyoruz.<\/p>\n<p>Trabzon\u2019da k\u00f6y okullar\u0131 i\u00e7in; i\u015f ve i\u015fleyi\u015fimizdeki koordinasyonu sa\u011flayan; Trabzon \u0130l K\u00fclt\u00fcr ve Turizm M\u00fcd\u00fcr\u00fc Say\u0131n Ali Ayvazo\u011flu\u2019na, Trabzon \u0130l Halk K\u00fct\u00fcphanesi M\u00fcd\u00fcr\u00fc Say\u0131n Ahmet Emin Akg\u00fcn\u2019e, Trabzon Muhibbi Edebiyat M\u00fcze K\u00fct\u00fcphanesi K\u00fct\u00fcphanecisi Say\u0131n Seda Aslanba\u015f\u2019a, izin i\u015flemleri i\u00e7in; Ortahisar \u0130l\u00e7e Milli E\u011fitim M\u00fcd\u00fcr\u00fc Say\u0131n \u015e\u00fck\u00fcr K\u00f6se ve \u00e7al\u0131\u015fanlar\u0131na, yol ve ula\u015f\u0131m gibi ihtiya\u00e7lar\u0131m\u0131z\u0131n kar\u015f\u0131lanmas\u0131nda; Ortahisar \u0130l\u00e7e K\u00fclt\u00fcr M\u00fcd\u00fcr\u00fc Say\u0131n Hac\u0131 Nail Altunay\u2019a, Trabzon B\u00fcy\u00fck\u015fehir Belediyesi\u00d6zel Kalem \u00e7al\u0131\u015fan\u0131 Say\u0131n B\u00fc\u015fra \u00dcnal\u2019a, Yenig\u00fcn gazetesinden Say\u0131n Rabia Mollao\u011flu\u2019na desteklerinden \u00f6t\u00fcr\u00fc \u00e7ok te\u015fekk\u00fcr ediyoruz.<\/p>\n<p>Trabzon\u2019da ayr\u0131ca bizlere g\u00fcler y\u00fczleri, misafirperverlikleri ve b\u00fcy\u00fck destekleri i\u00e7in Trabzon halk\u0131na \u00e7ok te\u015fekk\u00fcr ediyoruz.<\/p>\n<p>\u0130stanbul \u00dcniversitesi Bilgi ve Belge Y\u00f6netimi B\u00f6l\u00fcm\u00fc B\u00f6l\u00fcm Ba\u015fkan\u0131 \u00dcmit Konya\u2019ya, her zaman her projemizde yan\u0131mda olan en b\u00fcy\u00fck destek\u00e7imiz Dan\u0131\u015fman Hocam\u0131z I\u015f\u0131l ilknur Sert\u2019e, \u0130\u00dcMK Daire Ba\u015fkan\u0131 Pervin Bezirci\u2019ye, \u0130stanbul \u00dcniversitesi Merkez K\u00fct\u00fcphanesi \u00e7al\u0131\u015fanlar\u0131na, Selahattin \u00d6zt\u00fcrk\u2019e, YORDAM Genel M\u00fcd\u00fcr\u00fc Hasan Basri Sel\u00e7uk\u2019a ve \u0130SAM\u2019a \u00e7ok te\u015fekk\u00fcr ediyoruz.<br \/>\nBu projemizde bizlere kitap ve k\u0131rtasiye malzemeleri deste\u011finde bulunan kurum, kurulu\u015flar ve ki\u015filere kitap desteklerinden \u00f6t\u00fcr\u00fc sonsuz te\u015fekk\u00fcr ediyoruz.<\/p>\n<p>BBYON Toplulu\u011fu olarak \u201c Her \u015fey \u00c7ocuklar i\u00e7in, Her \u015fey Bizim i\u00e7in\u201d diyerek \u00fc\u00e7 y\u0131ld\u0131r \u00e7\u0131k\u0131yoruz y<span class=\"text_exposed_show\">ollara. Bu projelerimiz aylarca \u00e7al\u0131\u015fmalar\u0131m\u0131z\u0131n, u\u011fra\u015flar\u0131m\u0131z\u0131n sonucunda oldu\u011funu, arka plan\u0131nda \u00e7ok de\u011ferli insanlar\u0131n \u00e7al\u0131\u015ft\u0131\u011f\u0131n\u0131 bilmenizi isteriz. Biz kul\u00fcp olarak \u00e7\u0131kt\u0131\u011f\u0131m\u0131z bu yollarda her \u015feyi g\u00f6ze alarak, her \u015feyi g\u00f6n\u00fcll\u00fc bir \u015fekilde yaparak, bir \u00e7\u0131kar g\u00fcdmeden u\u011fra\u015flar\u0131m\u0131z\u0131 \u201cBir Kitap Bir \u00c7ocuk G\u00fcl\u00fcmsemesi\u201d diyerek yap\u0131yoruz. Bu yolda bizlerin her zaman yan\u0131m\u0131zda olan de\u011ferli hocalar\u0131m\u0131za, meslekta\u015flar\u0131m\u0131za ve sevgili arkada\u015flar\u0131m\u0131za \u00e7ok te\u015fekk\u00fcr ediyoruz. Biz b\u00f6l\u00fcm\u00fcm\u00fcz\u00fc, mesle\u011fimizi en iyi yerlere ta\u015f\u0131maya devam edece\u011fiz. \u00c7\u00fcnk\u00fc biz kocaman bir aileyiz&#8221;<\/span><\/p>\n<p>\u0130stanbul \u00dcniversitesi BBYON Toplulu\u011fu olarak herkesin eme\u011fine sa\u011fl\u0131k. Daha nice g\u00fczel projeleri ba\u015far\u0131yla tamamlamak dile\u011fiyle.<br \/>\n#bbyontoplulugu<br \/>\n#herseycocuklaricin<\/p>\n<p>Sosyal medya hesaplar\u0131m\u0131z;<\/p>\n<p>instagram; <a href=\"https:\/\/l.facebook.com\/l.php?u=https%3A%2F%2Fwww.instagram.com%2Fbbyon_toplulugu%2F%3Ffbclid%3DIwAR3zhMvUuMcB2ASh4cIDnjK0-580xAKx-j6DGF0GpIsX6QMAECGLPK_J6IQ&amp;h=AT3GDns2JKAxcXOzbuE0vsuOltfammO0zUhUtF8pahl48Lozz43nAcot4Akg7m6az5voXVZLUtGXKW7xdjaeW1GNYPaJNAgEafS8vWMfAU1OYbwDAdyddocidqhNkbwIMgpcOw\" target=\"_blank\" rel=\"nofollow noopener\" data-lynx-mode=\"hover\">https:\/\/www.instagram.com\/bbyon_toplulugu\/<\/a><\/p>\n<p>facebook; <a href=\"https:\/\/m.facebook.com\/BBYONTOPLULUGU\/?locale2=tr_TR\" target=\"_blank\" rel=\"noopener\">https:\/\/m.facebook.com\/BBYONTOPLULUGU\/?locale2=tr_TR<\/a><\/p>\n<p>twitter; <a href=\"https:\/\/mobile.twitter.com\/iubbyon?fbclid=IwAR3ESC3FDAPadPypuJTBj7OFOsN8vk4Dpl_ORB6XgZEn5EgDCcWxEkw8QXs\" target=\"_blank\" rel=\"nofollow noopener\" data-lynx-mode=\"hover\" data-lynx-uri=\"https:\/\/l.facebook.com\/l.php?u=https%3A%2F%2Fmobile.twitter.com%2Fiubbyon%3Ffbclid%3DIwAR3ESC3FDAPadPypuJTBj7OFOsN8vk4Dpl_ORB6XgZEn5EgDCcWxEkw8QXs&amp;h=AT3GDns2JKAxcXOzbuE0vsuOltfammO0zUhUtF8pahl48Lozz43nAcot4Akg7m6az5voXVZLUtGXKW7xdjaeW1GNYPaJNAgEafS8vWMfAU1OYbwDAdyddocidqhNkbwIMgpcOw\">https:\/\/mobile.twitter.com\/iubbyon<\/a><\/p>\n<p>YouTube; <a href=\"https:\/\/www.youtube.com\/channel\/UC9JcCNMldHdGDRBtQ0CEqFg?fbclid=IwAR3cRgfEG-nnKs08ERlrLFB0QBCHoDbbbTtoKB3EnSd2Yjkjxhy54htXsGM\" target=\"_blank\" rel=\"nofollow noopener\" data-lynx-mode=\"hover\" data-lynx-uri=\"https:\/\/l.facebook.com\/l.php?u=https%3A%2F%2Fwww.youtube.com%2Fchannel%2FUC9JcCNMldHdGDRBtQ0CEqFg%3Ffbclid%3DIwAR3cRgfEG-nnKs08ERlrLFB0QBCHoDbbbTtoKB3EnSd2Yjkjxhy54htXsGM&amp;h=AT3GDns2JKAxcXOzbuE0vsuOltfammO0zUhUtF8pahl48Lozz43nAcot4Akg7m6az5voXVZLUtGXKW7xdjaeW1GNYPaJNAgEafS8vWMfAU1OYbwDAdyddocidqhNkbwIMgpcOw\">https:\/\/www.youtube.com\/channel\/UC9JcCNMldHdGDRBtQ0CEqFg<\/a><\/p>\n<p>Mail adresimiz: bbyontoplulugu@gmail.com<\/p>\n","protected":false},"excerpt":{"rendered":"<p>Uzun zamand\u0131r planlad\u0131\u011f\u0131m\u0131z yedi b\u00f6lgede yedi karde\u015f k\u00fct\u00fcphane projesi kapsam\u0131nda \u201cMarmara&#8217;dan G\u00fcneydo\u011fu&#8217;ya Dek Karde\u015f K\u00fct\u00fcphaneler \u0130\u00e7in El Ele\u201d ismiyle ger\u00e7ekle\u015ftirdi\u011fimiz projemize \u00fc\u00e7 y\u0131l \u00f6nce ilk aya\u011f\u0131na Marmara B\u00f6lgesi Yalova ili \u015eehit Abd\u00fclhamit Kaya \u0130mamhatip Ortaokulu ile ba\u015flad\u0131k. Ge\u00e7en y\u0131l ikinci dura\u011f\u0131m\u0131z Do\u011fu Anadolu B\u00f6lgesi Bitlis iliydi. Bu y\u0131l da projemizin \u00fc\u00e7\u00fcnc\u00fc dura\u011f\u0131 Karadeniz B\u00f6lgesi Trabzon [&hellip;]<\/p>\n","protected":false},"author":1,"featured_media":28096,"comment_status":"open","ping_status":"open","sticky":false,"template":"","format":"standard","meta":{"footnotes":""},"categories":[1,1498],"tags":[],"class_list":["post-28088","post","type-post","status-publish","format-standard","has-post-thumbnail","hentry","category-genel","category-koy-kutuphaneleri"],"_links":{"self":[{"href":"https:\/\/www.bbyhaber.com\/bby\/wp-json\/wp\/v2\/posts\/28088"}],"collection":[{"href":"https:\/\/www.bbyhaber.com\/bby\/wp-json\/wp\/v2\/posts"}],"about":[{"href":"https:\/\/www.bbyhaber.com\/bby\/wp-json\/wp\/v2\/types\/post"}],"author":[{"embeddable":true,"href":"https:\/\/www.bbyhaber.com\/bby\/wp-json\/wp\/v2\/users\/1"}],"replies":[{"embeddable":true,"href":"https:\/\/www.bbyhaber.com\/bby\/wp-json\/wp\/v2\/comments?post=28088"}],"version-history":[{"count":2,"href":"https:\/\/www.bbyhaber.com\/bby\/wp-json\/wp\/v2\/posts\/28088\/revisions"}],"predecessor-version":[{"id":28098,"href":"https:\/\/www.bbyhaber.com\/bby\/wp-json\/wp\/v2\/posts\/28088\/revisions\/28098"}],"wp:featuredmedia":[{"embeddable":true,"href":"https:\/\/www.bbyhaber.com\/bby\/wp-json\/wp\/v2\/media\/28096"}],"wp:attachment":[{"href":"https:\/\/www.bbyhaber.com\/bby\/wp-json\/wp\/v2\/media?parent=28088"}],"wp:term":[{"taxonomy":"category","embeddable":true,"href":"https:\/\/www.bbyhaber.com\/bby\/wp-json\/wp\/v2\/categories?post=28088"},{"taxonomy":"post_tag","embeddable":true,"href":"https:\/\/www.bbyhaber.com\/bby\/wp-json\/wp\/v2\/tags?post=28088"}],"curies":[{"name":"wp","href":"https:\/\/api.w.org\/{rel}","templated":true}]}}