{"id":28038,"date":"2020-02-12T16:12:52","date_gmt":"2020-02-12T13:12:52","guid":{"rendered":"http:\/\/www.bbyhaber.com\/bby\/?p=28038"},"modified":"2020-10-02T16:07:04","modified_gmt":"2020-10-02T13:07:04","slug":"unak2020-sempozyumu-akademik-yayincilik-acik-bilim-ve-kutuphaneciler-1-2-ekim-2020-izmir-yasar-universitesi","status":"publish","type":"post","link":"https:\/\/www.bbyhaber.com\/bby\/2020\/02\/12\/unak2020-sempozyumu-akademik-yayincilik-acik-bilim-ve-kutuphaneciler-1-2-ekim-2020-izmir-yasar-universitesi","title":{"rendered":"\u00dcNAK2020 Sempozyumu \u201cAkademik Yay\u0131nc\u0131l\u0131k, A\u00e7\u0131k Bilim ve K\u00fct\u00fcphane(ci)ler-1-2 Ekim 2020, \u0130zmir-Ya\u015far \u00dcniversitesi"},"content":{"rendered":"<p><a href=\"http:\/\/www.bbyhaber.com\/bby\/wp-content\/uploads\/2020\/02\/unak2020-1.jpg\"><img loading=\"lazy\" decoding=\"async\" class=\"alignleft size-full wp-image-28040\" src=\"http:\/\/www.bbyhaber.com\/bby\/wp-content\/uploads\/2020\/07\/unak2020-online.jpg\" alt=\"\" width=\"390\" height=\"180\" \/><\/a>UNAK2020 Sempozyumu \u201cAkademik Yay\u0131nc\u0131l\u0131k, Ac\u0327\u0131k Bilim ve Ku\u0308tu\u0308phane(ci)ler\u201d ana temas\u0131 ile <strong><span style=\"color: #ff0000;\">1 &#8211; 2 Ekim 2020<\/span> <\/strong>tarihlerinde Yas\u0327ar U\u0308niversitesi is\u0327birlig\u0306i ile<span style=\"color: #ff0000;\"><strong> c\u0327evrimic\u0327i olarak U\u0308NAK Kurumsal Youtube sayfas\u0131 u\u0308zerinden canl\u0131 yay\u0131n<\/strong><\/span> ile gerc\u0327ekles\u0327tirilecektir.<\/p>\n<p>\u00dcNAK2020 Sempozyumunda, \u201cAkademik Yay\u0131nc\u0131l\u0131k, A\u00e7\u0131k Bilim ve K\u00fct\u00fcphane(ci)ler\u201d temas\u0131yla Akademik yay\u0131nc\u0131l\u0131k, A\u00e7\u0131k Bilim v konusunda fark\u0131ndal\u0131k yaratmak ve konunun t\u00fcm payda\u015flar\u0131n ortak kat\u0131l\u0131m\u0131 ile tart\u0131\u015f\u0131lmas\u0131 hedeflenmi\u015ftir. Bu ama\u00e7la s\u00fcrd\u00fcr\u00fclebilir i\u015f birli\u011fi ve kaliteli hizmet \u00e7\u00f6z\u00fcmlerini \u00fcretmek \u00fczere akademisyenlerimizi, meslekta\u015flar\u0131m\u0131z\u0131 ve t\u00fcm payda\u015flar\u0131m\u0131z\u0131 katk\u0131 sunmaya davet ediyoruz.<!--more--><\/p>\n<p>Sempozyumda dengeli bir program \u00e7er\u00e7evesinde k\u00fct\u00fcphanelerimizdeki uygulamalar\u0131 aktaracak meslekta\u015flar\u0131m\u0131z\u0131n sunumlar\u0131na, konular\u0131 akademik yakla\u015f\u0131mla ele alacak olan akademisyenlerimizin bildirilerine ve konu ile ilgili sekt\u00f6r firmalar\u0131n\u0131n sunumlar\u0131na yer verilecektir.<\/p>\n<p><a href=\"https:\/\/unak2020.unak.org.tr\/kayit\/\" target=\"_blank\" rel=\"noopener noreferrer\"><strong>KAYIT \u0130\u00c7\u0130N TIKLAYINIZ<\/strong><\/a><\/p>\n<p>\u00dcNAK olarak bu y\u0131l da gelece\u011fin meslekta\u015flar\u0131m\u0131z\u0131 da UNAK2020 Sempozyumuna bekliyoruz. Bu ama\u00e7la Bilgi ve Belge Y\u00f6netimi B\u00f6l\u00fcm\u00fc \u00f6\u011frencilerinin kat\u0131laca\u011f\u0131 bir Poster Yar\u0131\u015fmas\u0131 d\u00fczenlenmi\u015ftir.<\/p>\n<p>Poster Yar\u0131\u015fmas\u0131 ile ilgili detaylar unak2020.unak.org.tr adresinde ilan edilmi\u015ftir<\/p>\n<p>\u201c\u00dcNAK2020 Sempozyumuna g\u00f6nderilen ve bildiri \u015fablonuna uygun olan *t\u00fcm bildiri ve sunumlar e-kitap olarak elektronik ortamda yay\u0131mlanacakt\u0131r.<\/p>\n<p>\u00dcNAK2020 Sempozyum web sitesi unak2020.unak.org.tr adresinde yay\u0131mlanm\u0131\u015f ve kay\u0131tlar a\u00e7\u0131lm\u0131\u015ft\u0131r.<\/p>\n<p>\u0130lk Duyuru: 27 Ocak 2020<br \/>\n\u0130kinci Duyuru: 25 Nisan 2020<br \/>\n\u00dc\u00e7\u00fcnc\u00fc Duyuru: 29 Nisan 2020<br \/>\nBildiri ve Sunum \u00d6zetleri ve Poster G\u00f6nderimi: 1 Temmuz 2020<br \/>\nBildiri ve Sunum \u00d6zetleri ve Poster Kabul\u00fc: 12 A\u011fustos 2020<\/p>\n<p>Bildiri ve Sunumlar\u0131n Tam Metinlerinin G\u00f6nderilmesi: 9 Eyl\u00fcl 2020<\/p>\n<p>Sempozyum: 1-2 Ekim 2020<\/p>\n<p>\u00dcNAK2020 Sempozyumu davet yaz\u0131s\u0131 Y\u00fcksek\u00f6\u011fretim Kurulu Ba\u015fkanl\u0131\u011f\u0131 (Y\u00d6K) taraf\u0131ndan \u00fcniversitelerimize ilerleyen g\u00fcnlerde g\u00f6nderilecektir<\/p>\n<p>Daha \u00f6nce yap\u0131lan \u00dcNAK toplant\u0131lar\u0131na kat\u0131l\u0131mlar\u0131n\u0131z ve destekleriniz i\u00e7in te\u015fekk\u00fcr eder, \u00dcNAK2020 Sempozyumu\u2019na sizleri davet etmekten b\u00fcy\u00fck mutluluk duyar\u0131z.<\/p>\n<p>\u00dcNAK2020 Sempozyumu\u2019nda g\u00f6r\u00fc\u015fmek \u00fczere..<br \/>\n\u00dcNAK Derne\u011fi<\/p>\n","protected":false},"excerpt":{"rendered":"<p>UNAK2020 Sempozyumu \u201cAkademik Yay\u0131nc\u0131l\u0131k, Ac\u0327\u0131k Bilim ve Ku\u0308tu\u0308phane(ci)ler\u201d ana temas\u0131 ile 1 &#8211; 2 Ekim 2020 tarihlerinde Yas\u0327ar U\u0308niversitesi is\u0327birlig\u0306i ile c\u0327evrimic\u0327i olarak U\u0308NAK Kurumsal Youtube sayfas\u0131 u\u0308zerinden canl\u0131 yay\u0131n ile gerc\u0327ekles\u0327tirilecektir. \u00dcNAK2020 Sempozyumunda, \u201cAkademik Yay\u0131nc\u0131l\u0131k, A\u00e7\u0131k Bilim ve K\u00fct\u00fcphane(ci)ler\u201d temas\u0131yla Akademik yay\u0131nc\u0131l\u0131k, A\u00e7\u0131k Bilim v konusunda fark\u0131ndal\u0131k yaratmak ve konunun t\u00fcm payda\u015flar\u0131n ortak kat\u0131l\u0131m\u0131 [&hellip;]<\/p>\n","protected":false},"author":1,"featured_media":28559,"comment_status":"open","ping_status":"open","sticky":false,"template":"","format":"standard","meta":{"footnotes":""},"categories":[1507],"tags":[1395,1232],"class_list":["post-28038","post","type-post","status-publish","format-standard","has-post-thumbnail","hentry","category-unak","tag-bby-mesleki-etkinlikler-arsivi","tag-unak2020"],"_links":{"self":[{"href":"https:\/\/www.bbyhaber.com\/bby\/wp-json\/wp\/v2\/posts\/28038"}],"collection":[{"href":"https:\/\/www.bbyhaber.com\/bby\/wp-json\/wp\/v2\/posts"}],"about":[{"href":"https:\/\/www.bbyhaber.com\/bby\/wp-json\/wp\/v2\/types\/post"}],"author":[{"embeddable":true,"href":"https:\/\/www.bbyhaber.com\/bby\/wp-json\/wp\/v2\/users\/1"}],"replies":[{"embeddable":true,"href":"https:\/\/www.bbyhaber.com\/bby\/wp-json\/wp\/v2\/comments?post=28038"}],"version-history":[{"count":4,"href":"https:\/\/www.bbyhaber.com\/bby\/wp-json\/wp\/v2\/posts\/28038\/revisions"}],"predecessor-version":[{"id":28763,"href":"https:\/\/www.bbyhaber.com\/bby\/wp-json\/wp\/v2\/posts\/28038\/revisions\/28763"}],"wp:featuredmedia":[{"embeddable":true,"href":"https:\/\/www.bbyhaber.com\/bby\/wp-json\/wp\/v2\/media\/28559"}],"wp:attachment":[{"href":"https:\/\/www.bbyhaber.com\/bby\/wp-json\/wp\/v2\/media?parent=28038"}],"wp:term":[{"taxonomy":"category","embeddable":true,"href":"https:\/\/www.bbyhaber.com\/bby\/wp-json\/wp\/v2\/categories?post=28038"},{"taxonomy":"post_tag","embeddable":true,"href":"https:\/\/www.bbyhaber.com\/bby\/wp-json\/wp\/v2\/tags?post=28038"}],"curies":[{"name":"wp","href":"https:\/\/api.w.org\/{rel}","templated":true}]}}