{"id":27956,"date":"2020-01-12T12:13:30","date_gmt":"2020-01-12T09:13:30","guid":{"rendered":"http:\/\/www.bbyhaber.com\/bby\/?p=27956"},"modified":"2020-01-12T12:13:30","modified_gmt":"2020-01-12T09:13:30","slug":"baskentte-bebek-kutuphanesi-acilacak","status":"publish","type":"post","link":"https:\/\/www.bbyhaber.com\/bby\/2020\/01\/12\/baskentte-bebek-kutuphanesi-acilacak","title":{"rendered":"Ba\u015fkentte &#8220;Bebek K\u00fct\u00fcphanesi&#8221; a\u00e7\u0131lacak"},"content":{"rendered":"<p><a href=\"http:\/\/www.bbyhaber.com\/bby\/wp-content\/uploads\/2019\/10\/bebek-ve-cocuk-kutuphanesi.jpg\"><img loading=\"lazy\" decoding=\"async\" class=\"alignleft size-full wp-image-27189\" src=\"http:\/\/www.bbyhaber.com\/bby\/wp-content\/uploads\/2019\/10\/bebek-ve-cocuk-kutuphanesi.jpg\" alt=\"\" width=\"390\" height=\"180\" \/><\/a>Ba\u015fkentte aileler, &#8220;<strong><a href=\"https:\/\/www.bbyhaber.com\/bby\/tag\/bebek-kutuphanesi\" target=\"_blank\" rel=\"noopener\">Bebek K\u00fct\u00fcphanesi<\/a><\/strong>&#8221; projesi kapsam\u0131nda, 0-3 ya\u015f grubundaki \u00e7ocuklar\u0131n\u0131 kitaplarla bulu\u015fturma f\u0131rsat\u0131 yakalayacak. Mamak Belediyesince, ilki \u00f6n\u00fcm\u00fczdeki iki ay i\u00e7erisinde Ye\u015filbay\u0131r Aile Merkezi&#8217;nde iki s\u0131n\u0131f olarak hayata ge\u00e7irilecek &#8220;Bebek K\u00fct\u00fcphanesi&#8221; Ankara&#8217;da ilk olma \u00f6zelli\u011fi ta\u015f\u0131yacak.<!--more--><\/p>\n<p>Belediyenin il\u00e7e genelinde yayg\u0131nla\u015ft\u0131rmay\u0131 planlad\u0131\u011f\u0131 k\u00fct\u00fcphanelerde, \u00e7ocuklar\u0131n fiziksel, bili\u015fsel ve kavramsal geli\u015fimlerinin desteklenmesi amac\u0131yla etkinlikler d\u00fczenlenecek.<\/p>\n<p>Bebeklere okunacak masallarla, de\u011ferler e\u011fitimine sa\u011fl\u0131kl\u0131 bir temel olu\u015fturulmas\u0131, bilin\u00e7siz teknoloji kullan\u0131m\u0131n\u0131n en aza indirilmesi hedefleniyor.<\/p>\n<p>&#8211; Ailelere ki\u015fisel geli\u015fim e\u011fitimleri verilecek<\/p>\n<p>K\u00fct\u00fcphanede, bebeklerin g\u00f6rsel okuma d\u00f6nemlerinde faydalanacaklar\u0131 oyuncaklar ve dokunmatik kitaplar\u0131n yan\u0131 s\u0131ra uzmanlar taraf\u0131ndan ebeveynlere ki\u015fisel geli\u015fim e\u011fitimleri verilecek.<\/p>\n<p>E\u011fitsel, ara\u00e7 ve gere\u00e7lerle desteklenecek k\u00fct\u00fcphanenin i\u00e7 mimarisinde, bebeklerin hayal g\u00fcc\u00fcn\u00fc geni\u015fletmek i\u00e7in yery\u00fcz\u00fc ve g\u00f6ky\u00fcz\u00fc gibi farkl\u0131 motifler yer alacak.<\/p>\n<p>Randevu sistemi ile hizmet verecek k\u00fct\u00fcphane, hafta i\u00e7i 09.00-17.00 aras\u0131nda ailelere ve bebeklerine kap\u0131lar\u0131n\u0131 a\u00e7acak.<\/p>\n<p><a href=\"https:\/\/www.pusulahaber.com.tr\/\" target=\"_blank\" rel=\"noopener\">Kaynak<\/a><\/p>\n","protected":false},"excerpt":{"rendered":"<p>Ba\u015fkentte aileler, &#8220;Bebek K\u00fct\u00fcphanesi&#8221; projesi kapsam\u0131nda, 0-3 ya\u015f grubundaki \u00e7ocuklar\u0131n\u0131 kitaplarla bulu\u015fturma f\u0131rsat\u0131 yakalayacak. Mamak Belediyesince, ilki \u00f6n\u00fcm\u00fczdeki iki ay i\u00e7erisinde Ye\u015filbay\u0131r Aile Merkezi&#8217;nde iki s\u0131n\u0131f olarak hayata ge\u00e7irilecek &#8220;Bebek K\u00fct\u00fcphanesi&#8221; Ankara&#8217;da ilk olma \u00f6zelli\u011fi ta\u015f\u0131yacak.<\/p>\n","protected":false},"author":1,"featured_media":27189,"comment_status":"open","ping_status":"open","sticky":false,"template":"","format":"standard","meta":{"footnotes":""},"categories":[1],"tags":[1095],"class_list":["post-27956","post","type-post","status-publish","format-standard","has-post-thumbnail","hentry","category-genel","tag-bebek-kutuphanesi"],"_links":{"self":[{"href":"https:\/\/www.bbyhaber.com\/bby\/wp-json\/wp\/v2\/posts\/27956"}],"collection":[{"href":"https:\/\/www.bbyhaber.com\/bby\/wp-json\/wp\/v2\/posts"}],"about":[{"href":"https:\/\/www.bbyhaber.com\/bby\/wp-json\/wp\/v2\/types\/post"}],"author":[{"embeddable":true,"href":"https:\/\/www.bbyhaber.com\/bby\/wp-json\/wp\/v2\/users\/1"}],"replies":[{"embeddable":true,"href":"https:\/\/www.bbyhaber.com\/bby\/wp-json\/wp\/v2\/comments?post=27956"}],"version-history":[{"count":1,"href":"https:\/\/www.bbyhaber.com\/bby\/wp-json\/wp\/v2\/posts\/27956\/revisions"}],"predecessor-version":[{"id":27957,"href":"https:\/\/www.bbyhaber.com\/bby\/wp-json\/wp\/v2\/posts\/27956\/revisions\/27957"}],"wp:featuredmedia":[{"embeddable":true,"href":"https:\/\/www.bbyhaber.com\/bby\/wp-json\/wp\/v2\/media\/27189"}],"wp:attachment":[{"href":"https:\/\/www.bbyhaber.com\/bby\/wp-json\/wp\/v2\/media?parent=27956"}],"wp:term":[{"taxonomy":"category","embeddable":true,"href":"https:\/\/www.bbyhaber.com\/bby\/wp-json\/wp\/v2\/categories?post=27956"},{"taxonomy":"post_tag","embeddable":true,"href":"https:\/\/www.bbyhaber.com\/bby\/wp-json\/wp\/v2\/tags?post=27956"}],"curies":[{"name":"wp","href":"https:\/\/api.w.org\/{rel}","templated":true}]}}