{"id":27946,"date":"2020-01-06T09:31:52","date_gmt":"2020-01-06T06:31:52","guid":{"rendered":"http:\/\/www.bbyhaber.com\/bby\/?p=27946"},"modified":"2020-01-31T17:20:01","modified_gmt":"2020-01-31T14:20:01","slug":"milli-savunma-bakanligi-kutuphaneci-is-ilani-son-basvuru-31-ocak-2020","status":"publish","type":"post","link":"https:\/\/www.bbyhaber.com\/bby\/2020\/01\/06\/milli-savunma-bakanligi-kutuphaneci-is-ilani-son-basvuru-31-ocak-2020","title":{"rendered":"Milli Savunma Bakanl\u0131\u011f\u0131 K\u00fct\u00fcphaneci \u0130\u015f \u0130lan\u0131-Son Ba\u015fvuru-31 Ocak 2020"},"content":{"rendered":"<div><b><a href=\"http:\/\/www.bbyhaber.com\/bby\/wp-content\/uploads\/2020\/01\/milli-savunma-bakanligi.jpg\"><img loading=\"lazy\" decoding=\"async\" class=\"alignleft size-full wp-image-27947\" src=\"http:\/\/www.bbyhaber.com\/bby\/wp-content\/uploads\/2020\/01\/milli-savunma-bakanligi.jpg\" alt=\"\" width=\"390\" height=\"180\" \/><\/a>1.<\/b>\u00a0Mill\u00ee Savunma Bakanl\u0131\u011f\u0131, Kuvvet Komutanl\u0131klar\u0131 ve Milli Savunma \u00dcniversitesinde memur olarak istihdam edilmek \u00fczere; &#8220;657 say\u0131l\u0131 Devlet Memurlar\u0131 Kanunu&#8221; ile &#8220;Mill\u00ee Savunma Bakanl\u0131\u011f\u0131, Genelkurmay Ba\u015fkanl\u0131\u011f\u0131 ve Kuvvet Komutanl\u0131klar\u0131nda \u0130lk Defa Devlet Memurlu\u011funa Atanacaklar \u0130\u00e7in Yap\u0131lacak S\u0131navlar Hakk\u0131nda Y\u00f6netmelik&#8221; esaslar\u0131na g\u00f6re personel al\u0131m\u0131 yap\u0131lacakt\u0131r.<\/div>\n<div><b>2.<\/b>\u00a0\u0130dare gerek g\u00f6rd\u00fc\u011f\u00fc takdirde al\u0131m yap\u0131lacak unvanlar\u0131, kadrolar\u0131 ve illeri de\u011fi\u015ftirebilecektir. Ba\u015fvuru s\u00fcresince adaylar\u0131n ilanda yap\u0131lacak g\u00fcncellemeleri takip etmeleri gerekmektedir.<\/div>\n<div><b>3.\u00a0<\/b>Her aday\u0131n sadece bir tercih hakk\u0131 bulunmaktad\u0131r.<\/div>\n<p><!--more--><\/p>\n<div><b>4.<\/b>\u00a0Adaylar ba\u015fvuru \u015fartlar\u0131nda istenen; diploma (sadece lise mezunu adaylar diplomalar\u0131n\u0131 y\u00fckleyecek olup; \u00f6n lisans ve lisans mezunu adaylar\u0131n diplomalar\u0131 Y\u00d6K&#8217;ten \u00e7ekilecektir.), ustal\u0131k-kalfal\u0131k belgesi, pedagojik formasyon belgesi, yabanc\u0131 \u00fcniversitelerden mezun olunmas\u0131 halinde Y\u00fcksek\u00f6\u011fretim Kurulu onayl\u0131 denklik belgesi ve bilgisayar sertifikas\u0131n\u0131 sisteme y\u00fckleyeceklerdir. Belgelerini y\u00fcklemeyen adaylar\u0131n ba\u015fvurusu kabul edilmeyecektir.<\/div>\n<div><b>5.<\/b>\u00a0\u015eehit\/Gazi yak\u0131nl\u0131k belgesini sisteme y\u00fcklemeyen adaylara %10 puan eklemesi yap\u0131lmayacakt\u0131r. (VAZ\u0130FE MALULU KABUL ED\u0130LMEYECEKT\u0130R.)<\/div>\n<div><b>6.<\/b>\u00a0Ba\u015fvuru \u015fartlar\u0131n\u0131 ta\u015f\u0131mad\u0131klar\u0131 anla\u015f\u0131lan veya evraklar\u0131n\u0131n eksik\/yanl\u0131\u015f oldu\u011fu tespit edilen adaylar\u0131n ba\u015fvurular\u0131 hangi a\u015famada olursa olsun ge\u00e7ersiz say\u0131lacakt\u0131r.<\/div>\n<div><\/div>\n<div><strong>Bilgi ve Belge Y\u00f6netimi B\u00f6l\u00fcm\u00fc&#8217;ne a\u00e7\u0131lan <span style=\"color: #ff0000;\">1 ki\u015filik<\/span> <span style=\"color: #ff0000;\">K\u00fct\u00fcphaneci<\/span> kadrosu detay\u0131 a\u015fa\u011f\u0131daki gibidir:<\/strong><\/div>\n<ul>\n<li><strong>Kadro:<\/strong> K\u00fct\u00fcphaneci-Teknik Hizmetler S\u0131n\u0131f\u0131 (THS),<\/li>\n<li><strong>Derece:<\/strong> 9.derece,<\/li>\n<li><strong>KPSS t\u00fcr\u00fc:\u00a0<\/strong>KPSSP03,<\/li>\n<li><strong>Al\u0131nacak \u015fehir:<\/strong> ANKARA,<\/li>\n<li><strong>Nitelik:<\/strong>K\u00fct\u00fcphanecilik, Bilgi ve Belge Y\u00f6netimi, Dok\u00fcmantasyon ve enformasyon, ar\u015fivcilik lisans programlar\u0131ndan mezun olmak<\/li>\n<\/ul>\n<div>Ba\u015fvuru k\u0131lavuzu i\u00e7in\u00a0<u><b><a href=\"https:\/\/pertemin.msb.gov.tr\/Formlar\/2019MemurKlavuz.pdf\" target=\"_blank\" rel=\"noopener\">t\u0131klay\u0131n\u0131z&#8230;<\/a><\/b><\/u><\/div>\n<div>Ba\u015fvuru yapmak i\u00e7in\u00a0<b><u><a href=\"https:\/\/personeltemin.msb.gov.tr\/Anasayfa\/EDevletGiris\" target=\"_blank\" rel=\"noopener\">t\u0131klay\u0131n\u0131z&#8230;<\/a><\/u><\/b><\/div>\n<div>G\u00fcvenlik Soru\u015fturmas\u0131 Formu \u0130\u00e7in\u00a0<u><b><a href=\"https:\/\/pertemin.msb.gov.tr\/Formlar\/2019MemurGuvArsFormu.xlsx\" target=\"_blank\" rel=\"noopener\">t\u0131klay\u0131n\u0131z&#8230;<\/a><\/b><\/u><\/div>\n<div><\/div>\n<div>Al\u0131m ba\u015fvurular\u0131 <a href=\"https:\/\/personeltemin.msb.gov.tr\" target=\"_blank\" rel=\"noopener\">https:\/\/personeltemin.msb.gov.tr<\/a> Genel A\u011f adreslerinden<strong><span style=\"color: #ff0000;\"> 30 Aral\u0131k 2019- 31 Ocak 2020<\/span><\/strong> tarihleri aras\u0131nda yap\u0131lacakt\u0131r. Genel A\u011f haricinde yap\u0131lan ba\u015fvurular (Dilek\u00e7e, mektup vb. y\u00f6ntemlerle) kabul edilmeyecek ve bu dilek\u00e7elere cevap verilmeyecektir.<\/div>\n<div><\/div>\n","protected":false},"excerpt":{"rendered":"<p>1.\u00a0Mill\u00ee Savunma Bakanl\u0131\u011f\u0131, Kuvvet Komutanl\u0131klar\u0131 ve Milli Savunma \u00dcniversitesinde memur olarak istihdam edilmek \u00fczere; &#8220;657 say\u0131l\u0131 Devlet Memurlar\u0131 Kanunu&#8221; ile &#8220;Mill\u00ee Savunma Bakanl\u0131\u011f\u0131, Genelkurmay Ba\u015fkanl\u0131\u011f\u0131 ve Kuvvet Komutanl\u0131klar\u0131nda \u0130lk Defa Devlet Memurlu\u011funa Atanacaklar \u0130\u00e7in Yap\u0131lacak S\u0131navlar Hakk\u0131nda Y\u00f6netmelik&#8221; esaslar\u0131na g\u00f6re personel al\u0131m\u0131 yap\u0131lacakt\u0131r. 2.\u00a0\u0130dare gerek g\u00f6rd\u00fc\u011f\u00fc takdirde al\u0131m yap\u0131lacak unvanlar\u0131, kadrolar\u0131 ve illeri de\u011fi\u015ftirebilecektir. Ba\u015fvuru [&hellip;]<\/p>\n","protected":false},"author":1,"featured_media":27947,"comment_status":"open","ping_status":"open","sticky":false,"template":"","format":"standard","meta":{"footnotes":""},"categories":[],"tags":[1393],"class_list":["post-27946","post","type-post","status-publish","format-standard","has-post-thumbnail","hentry","tag-bby-is-ilanlari-arsivi"],"_links":{"self":[{"href":"https:\/\/www.bbyhaber.com\/bby\/wp-json\/wp\/v2\/posts\/27946"}],"collection":[{"href":"https:\/\/www.bbyhaber.com\/bby\/wp-json\/wp\/v2\/posts"}],"about":[{"href":"https:\/\/www.bbyhaber.com\/bby\/wp-json\/wp\/v2\/types\/post"}],"author":[{"embeddable":true,"href":"https:\/\/www.bbyhaber.com\/bby\/wp-json\/wp\/v2\/users\/1"}],"replies":[{"embeddable":true,"href":"https:\/\/www.bbyhaber.com\/bby\/wp-json\/wp\/v2\/comments?post=27946"}],"version-history":[{"count":2,"href":"https:\/\/www.bbyhaber.com\/bby\/wp-json\/wp\/v2\/posts\/27946\/revisions"}],"predecessor-version":[{"id":29244,"href":"https:\/\/www.bbyhaber.com\/bby\/wp-json\/wp\/v2\/posts\/27946\/revisions\/29244"}],"wp:featuredmedia":[{"embeddable":true,"href":"https:\/\/www.bbyhaber.com\/bby\/wp-json\/wp\/v2\/media\/27947"}],"wp:attachment":[{"href":"https:\/\/www.bbyhaber.com\/bby\/wp-json\/wp\/v2\/media?parent=27946"}],"wp:term":[{"taxonomy":"category","embeddable":true,"href":"https:\/\/www.bbyhaber.com\/bby\/wp-json\/wp\/v2\/categories?post=27946"},{"taxonomy":"post_tag","embeddable":true,"href":"https:\/\/www.bbyhaber.com\/bby\/wp-json\/wp\/v2\/tags?post=27946"}],"curies":[{"name":"wp","href":"https:\/\/api.w.org\/{rel}","templated":true}]}}