{"id":27926,"date":"2020-01-03T11:46:26","date_gmt":"2020-01-03T08:46:26","guid":{"rendered":"http:\/\/www.bbyhaber.com\/bby\/?p=27926"},"modified":"2020-01-03T11:46:26","modified_gmt":"2020-01-03T08:46:26","slug":"tren-kutuphane-yeni-yerine-tasindi","status":"publish","type":"post","link":"https:\/\/www.bbyhaber.com\/bby\/2020\/01\/03\/tren-kutuphane-yeni-yerine-tasindi","title":{"rendered":"Tren K\u00fct\u00fcphane yeni yerine ta\u015f\u0131nd\u0131"},"content":{"rendered":"<p><a href=\"http:\/\/www.bbyhaber.com\/bby\/wp-content\/uploads\/2020\/01\/tren-kutuphane-yeni-yerine-tasindi.jpg\"><img loading=\"lazy\" decoding=\"async\" class=\"alignleft size-full wp-image-27927\" src=\"http:\/\/www.bbyhaber.com\/bby\/wp-content\/uploads\/2020\/01\/tren-kutuphane-yeni-yerine-tasindi.jpg\" alt=\"\" width=\"390\" height=\"180\" \/><\/a>\u00c7ank\u0131r\u0131&#8217;da lokomotif ve vagondan olu\u015fan &#8220;Tren k\u00fct\u00fcphane&#8221;, yap\u0131m\u0131 devam eden TCDD Park\u0131 ve A\u00e7\u0131k Hava M\u00fczesi i\u00e7indeki yeni yerine nakledildi. \u00c7ank\u0131r\u0131&#8217;da \u0130stasyon Kav\u015fa\u011f\u0131&#8217;nda yer alan ve 2016 y\u0131l\u0131nda k\u00fct\u00fcphane olarak hizmete sunulan lokomotif ve vagonun, Abd\u00fclhalik Renda Mahallesi&#8217;nde bulunan TCDD Park\u0131 ve A\u00e7\u0131k Hava M\u00fczesi&#8217;ne ta\u015f\u0131nmas\u0131na karar verildi.<!--more-->Yeni yerine g\u00f6t\u00fcr\u00fclmek i\u00e7in vin\u00e7 deste\u011fiyle t\u0131rlara y\u00fcklenen lokomotif ve vagonun ta\u015f\u0131nmas\u0131 i\u015flemi vatanda\u015flar taraf\u0131ndan ilgiyle takip edildi.<\/p>\n<p>Bir s\u00fcre ula\u015f\u0131m\u0131n tek \u015feritten s\u00fcrd\u00fcr\u00fcld\u00fc\u011f\u00fc \u00c7ank\u0131r\u0131-Ankara kara yolu, ta\u015f\u0131ma i\u015flemi sonras\u0131 normale seyrine d\u00f6nd\u00fc.<\/p>\n<p><a href=\"https:\/\/www.haber365.com.tr\/\" target=\"_blank\" rel=\"noopener\">Kaynak<\/a><\/p>\n","protected":false},"excerpt":{"rendered":"<p>\u00c7ank\u0131r\u0131&#8217;da lokomotif ve vagondan olu\u015fan &#8220;Tren k\u00fct\u00fcphane&#8221;, yap\u0131m\u0131 devam eden TCDD Park\u0131 ve A\u00e7\u0131k Hava M\u00fczesi i\u00e7indeki yeni yerine nakledildi. \u00c7ank\u0131r\u0131&#8217;da \u0130stasyon Kav\u015fa\u011f\u0131&#8217;nda yer alan ve 2016 y\u0131l\u0131nda k\u00fct\u00fcphane olarak hizmete sunulan lokomotif ve vagonun, Abd\u00fclhalik Renda Mahallesi&#8217;nde bulunan TCDD Park\u0131 ve A\u00e7\u0131k Hava M\u00fczesi&#8217;ne ta\u015f\u0131nmas\u0131na karar verildi.<\/p>\n","protected":false},"author":1,"featured_media":27927,"comment_status":"open","ping_status":"open","sticky":false,"template":"","format":"standard","meta":{"footnotes":""},"categories":[1],"tags":[959,715],"class_list":["post-27926","post","type-post","status-publish","format-standard","has-post-thumbnail","hentry","category-genel","tag-gemi-kutuphane","tag-tren-kutuphaneleri"],"_links":{"self":[{"href":"https:\/\/www.bbyhaber.com\/bby\/wp-json\/wp\/v2\/posts\/27926"}],"collection":[{"href":"https:\/\/www.bbyhaber.com\/bby\/wp-json\/wp\/v2\/posts"}],"about":[{"href":"https:\/\/www.bbyhaber.com\/bby\/wp-json\/wp\/v2\/types\/post"}],"author":[{"embeddable":true,"href":"https:\/\/www.bbyhaber.com\/bby\/wp-json\/wp\/v2\/users\/1"}],"replies":[{"embeddable":true,"href":"https:\/\/www.bbyhaber.com\/bby\/wp-json\/wp\/v2\/comments?post=27926"}],"version-history":[{"count":1,"href":"https:\/\/www.bbyhaber.com\/bby\/wp-json\/wp\/v2\/posts\/27926\/revisions"}],"predecessor-version":[{"id":27928,"href":"https:\/\/www.bbyhaber.com\/bby\/wp-json\/wp\/v2\/posts\/27926\/revisions\/27928"}],"wp:featuredmedia":[{"embeddable":true,"href":"https:\/\/www.bbyhaber.com\/bby\/wp-json\/wp\/v2\/media\/27927"}],"wp:attachment":[{"href":"https:\/\/www.bbyhaber.com\/bby\/wp-json\/wp\/v2\/media?parent=27926"}],"wp:term":[{"taxonomy":"category","embeddable":true,"href":"https:\/\/www.bbyhaber.com\/bby\/wp-json\/wp\/v2\/categories?post=27926"},{"taxonomy":"post_tag","embeddable":true,"href":"https:\/\/www.bbyhaber.com\/bby\/wp-json\/wp\/v2\/tags?post=27926"}],"curies":[{"name":"wp","href":"https:\/\/api.w.org\/{rel}","templated":true}]}}