{"id":27923,"date":"2020-01-03T11:41:58","date_gmt":"2020-01-03T08:41:58","guid":{"rendered":"http:\/\/www.bbyhaber.com\/bby\/?p=27923"},"modified":"2020-01-03T11:41:58","modified_gmt":"2020-01-03T08:41:58","slug":"iste-kutuphanesi-icin-acilis-toreni-duzenlendi","status":"publish","type":"post","link":"https:\/\/www.bbyhaber.com\/bby\/2020\/01\/03\/iste-kutuphanesi-icin-acilis-toreni-duzenlendi","title":{"rendered":"\u0130STE K\u00fct\u00fcphanesi i\u00e7in a\u00e7\u0131l\u0131\u015f t\u00f6reni d\u00fczenlendi"},"content":{"rendered":"<p><a href=\"http:\/\/www.bbyhaber.com\/bby\/wp-content\/uploads\/2020\/01\/iste-kutuphane-acilisi.jpg\"><img loading=\"lazy\" decoding=\"async\" class=\"alignleft size-full wp-image-27924\" src=\"http:\/\/www.bbyhaber.com\/bby\/wp-content\/uploads\/2020\/01\/iste-kutuphane-acilisi.jpg\" alt=\"\" width=\"390\" height=\"180\" \/><\/a>Bir dizi inceleme ve temaslarda bulunmak \u00fczere \u0130skenderun\u2019a te\u015frif eden Gen\u00e7lik ve Spor Bakan\u0131 Dr. Muharrem Kasapo\u011flu, \u0130skenderun Teknik \u00dcniversitesi (\u0130STE) Merkez K\u00fct\u00fcphanesi a\u00e7\u0131l\u0131\u015f t\u00f6renine kat\u0131ld\u0131.<!--more--><\/p>\n<p>A\u00e7\u0131l\u0131\u015f t\u00f6renine; Bakan Kasapo\u011flu\u2019nun yan\u0131 s\u0131ra \u0130limiz Valisi Rahmi Do\u011fan, Ak Parti Hatay Milletvekilleri Abdulkadir \u00d6zel, H\u00fcseyin \u015eanverdi ve Sabahat \u00d6zg\u00fcrsoy \u00c7elik, Tosyal\u0131 Holding Y\u00f6netim Kurulu Ba\u015fkan\u0131 ve T\u00fcrkiye Varl\u0131k Fonu Y\u00f6netim Kurulu \u00dcyesi Fuat Tosyal\u0131, \u0130skenderun Kaymakam\u0131 \u0130skender Y\u00f6nden, \u0130skenderun Belediye Ba\u015fkan\u0131 M. Fatih Tosyal\u0131, \u0130STE Rekt\u00f6r Vekili Prof. Dr. Tolga Dep\u00e7i, Gen\u00e7lik ve Spor Bakanl\u0131\u011f\u0131 yetkilileri, ilgili\/yetkili kurum m\u00fcd\u00fcrleri, \u0130STE Akademisyenleri, siyasi parti ve sivil toplum kurulu\u015flar\u0131n\u0131n temsilcileri ve \u0130STE \u00f6\u011frencileri de kat\u0131ld\u0131.<\/p>\n<p>\u0130STE Merkez K\u00fct\u00fcphanesi\u2019nin a\u00e7\u0131l\u0131\u015f kurdelesi kesimi esnas\u0131nda duygu ve d\u00fc\u015f\u00fcncelerini dile getiren Gen\u00e7lik ve Spor Bakan\u0131 Dr. Muharrem Kasapo\u011flu;\u00a0<strong>\u201cK\u00fct\u00fcphanelerin bizim i\u00e7in \u00e7ok \u00f6nemli bir vasf\u0131 var. Biliyorsunuz ki bizler kitap medeniyetinin \u00e7ocuklar\u0131y\u0131z ve bu kutsal topraklar\u0131m\u0131z Cemil Meri\u00e7\u2019i yeti\u015ftiren topraklar olmas\u0131 hasebiyle de d\u00fc\u015f\u00fcnce d\u00fcnyas\u0131 i\u00e7in, kitap i\u00e7in, \u00f6nemli bir misyonu ifade eden topraklar ve in\u015fallah bu k\u00fct\u00fcphanemizde nice milletvekillerin ve ayd\u0131nlar\u0131n yeti\u015fece\u011fine ve insanl\u0131\u011fa \u0131\u015f\u0131k sa\u00e7aca\u011f\u0131na inan\u0131yorum. Hatay\u2019\u0131m\u0131za, \u0130skenderun\u2019umuza, milletimize ve insanl\u0131\u011fa hay\u0131rl\u0131 olmas\u0131n\u0131 diliyorum\u201d<\/strong>\u00a0dedi.<\/p>\n<p>A\u00e7\u0131l\u0131\u015f kurdelesinin kesilmesinin m\u00fcteakibinde Bakan Kasapo\u011flu, Vali Do\u011fan ve beraberindeki heyet, k\u00fct\u00fcphane de incelemelerde bulunarak, yetkililerden bilgi ald\u0131.<\/p>\n<p><a href=\"https:\/\/www.iskenderungazetesi.com\/\" target=\"_blank\" rel=\"noopener\">Kaynak<\/a><\/p>\n","protected":false},"excerpt":{"rendered":"<p>Bir dizi inceleme ve temaslarda bulunmak \u00fczere \u0130skenderun\u2019a te\u015frif eden Gen\u00e7lik ve Spor Bakan\u0131 Dr. Muharrem Kasapo\u011flu, \u0130skenderun Teknik \u00dcniversitesi (\u0130STE) Merkez K\u00fct\u00fcphanesi a\u00e7\u0131l\u0131\u015f t\u00f6renine kat\u0131ld\u0131.<\/p>\n","protected":false},"author":1,"featured_media":27924,"comment_status":"open","ping_status":"open","sticky":false,"template":"","format":"standard","meta":{"footnotes":""},"categories":[1],"tags":[1437],"class_list":["post-27923","post","type-post","status-publish","format-standard","has-post-thumbnail","hentry","category-genel","tag-univ-arastirma-kutuphaneleri"],"_links":{"self":[{"href":"https:\/\/www.bbyhaber.com\/bby\/wp-json\/wp\/v2\/posts\/27923"}],"collection":[{"href":"https:\/\/www.bbyhaber.com\/bby\/wp-json\/wp\/v2\/posts"}],"about":[{"href":"https:\/\/www.bbyhaber.com\/bby\/wp-json\/wp\/v2\/types\/post"}],"author":[{"embeddable":true,"href":"https:\/\/www.bbyhaber.com\/bby\/wp-json\/wp\/v2\/users\/1"}],"replies":[{"embeddable":true,"href":"https:\/\/www.bbyhaber.com\/bby\/wp-json\/wp\/v2\/comments?post=27923"}],"version-history":[{"count":1,"href":"https:\/\/www.bbyhaber.com\/bby\/wp-json\/wp\/v2\/posts\/27923\/revisions"}],"predecessor-version":[{"id":27925,"href":"https:\/\/www.bbyhaber.com\/bby\/wp-json\/wp\/v2\/posts\/27923\/revisions\/27925"}],"wp:featuredmedia":[{"embeddable":true,"href":"https:\/\/www.bbyhaber.com\/bby\/wp-json\/wp\/v2\/media\/27924"}],"wp:attachment":[{"href":"https:\/\/www.bbyhaber.com\/bby\/wp-json\/wp\/v2\/media?parent=27923"}],"wp:term":[{"taxonomy":"category","embeddable":true,"href":"https:\/\/www.bbyhaber.com\/bby\/wp-json\/wp\/v2\/categories?post=27923"},{"taxonomy":"post_tag","embeddable":true,"href":"https:\/\/www.bbyhaber.com\/bby\/wp-json\/wp\/v2\/tags?post=27923"}],"curies":[{"name":"wp","href":"https:\/\/api.w.org\/{rel}","templated":true}]}}