{"id":27919,"date":"2020-01-02T14:43:45","date_gmt":"2020-01-02T11:43:45","guid":{"rendered":"http:\/\/www.bbyhaber.com\/bby\/?p=27919"},"modified":"2020-01-02T14:44:15","modified_gmt":"2020-01-02T11:44:15","slug":"solhanda-ornek-calisma-kurum-mudurleri-kutuphane-nobeti-tutuyor","status":"publish","type":"post","link":"https:\/\/www.bbyhaber.com\/bby\/2020\/01\/02\/solhanda-ornek-calisma-kurum-mudurleri-kutuphane-nobeti-tutuyor","title":{"rendered":"Solhan&#8217;da \u00f6rnek \u00e7al\u0131\u015fma kurum m\u00fcd\u00fcrleri, k\u00fct\u00fcphane n\u00f6beti tutuyor"},"content":{"rendered":"<p><a href=\"http:\/\/www.bbyhaber.com\/bby\/wp-content\/uploads\/2020\/01\/solhanda-ornek-calisma-kurum-mudurleri-kutuphane-nobeti-tutuyor.jpg\"><img loading=\"lazy\" decoding=\"async\" class=\"alignleft size-full wp-image-27920\" src=\"http:\/\/www.bbyhaber.com\/bby\/wp-content\/uploads\/2020\/01\/solhanda-ornek-calisma-kurum-mudurleri-kutuphane-nobeti-tutuyor.jpg\" alt=\"\" width=\"390\" height=\"180\" \/><\/a>Bing\u00f6l&#8217;\u00fcn Solhan il\u00e7esinde k\u00fct\u00fcphanenin ak\u015fam saatlerinde de a\u00e7\u0131k kalabilmesi i\u00e7in ba\u015flat\u0131lan \u00f6rnek uygulamada kurum m\u00fcd\u00fcrleri g\u00f6n\u00fcll\u00fc olarak s\u0131ras\u0131yla n\u00f6bet tutmaya ba\u015flad\u0131.\u00a0\u0130l\u00e7e k\u00fct\u00fcphanesinin daha etkin, verimli kullan\u0131labilmesi, b\u00fct\u00fcn vatanda\u015flar\u0131n ve \u00f6zellikle \u00fcniversiteye haz\u0131rl\u0131k yapanlar ile s\u0131navlar\u0131na \u00e7al\u0131\u015fan \u00f6\u011frencilerin k\u00fct\u00fcphaneden ak\u015fam saatlerinde de yararlanabilmesi \u00f6rnek bir uygulama ba\u015flat\u0131ld\u0131. \u0130l\u00e7e Kaymakam\u0131 Mustafa Hamit K\u0131y\u0131c\u0131&#8217;n\u0131n giri\u015fimiyle ba\u015flat\u0131lan uygulamada, t\u00fcm kurum m\u00fcd\u00fcrleri s\u0131ras\u0131yla saat: 21.00&#8217;a kadar n\u00f6bet tutarak k\u00fct\u00fcphanenin a\u00e7\u0131k kalmas\u0131n\u0131 sa\u011fl\u0131yor.Ba\u015flat\u0131lan uygulama kapsam\u0131nda ilk n\u00f6beti ise Kaymakam\u0131 Mustafa Hamit K\u0131y\u0131c\u0131 ve il\u00e7e Emniyet M\u00fcd\u00fcr\u00fc \u0130dris Seyman tuttu, \u0130l\u00e7e Milli E\u011fitim M\u00fcd\u00fcr\u00fc Ali \u0130hsan Yan\u0131lmaz&#8217;da onlara e\u015flik etti.<!--more--><\/p>\n<p>Yap\u0131lan bu uygulama ile k\u00fct\u00fcphanenin kapan\u0131\u015f s\u00fcresinin uzat\u0131ld\u0131\u011f\u0131n\u0131 aktaran Kaymakam Mustafa Hamit K\u0131y\u0131c\u0131, \u00f6zellikle s\u0131navlara haz\u0131rlanan \u00f6\u011frencilerin zaman s\u0131k\u0131nt\u0131s\u0131 ya\u015famadan \u00e7al\u0131\u015fmalar\u0131na olanak sa\u011flamaya \u00e7al\u0131\u015ft\u0131klar\u0131n\u0131 s\u00f6yledi. \u00d6te yandan uygulama kapsam\u0131nda, ak\u015fam k\u00fct\u00fcphaneye gelenlerin belediye taraf\u0131ndan servisle evlerine b\u0131rak\u0131laca\u011f\u0131 belirtildi.<\/p>\n<p><a href=\"http:\/\/www.habergazetesi.com.tr\/\" target=\"_blank\" rel=\"noopener\">Kaynak<\/a><\/p>\n","protected":false},"excerpt":{"rendered":"<p>Bing\u00f6l&#8217;\u00fcn Solhan il\u00e7esinde k\u00fct\u00fcphanenin ak\u015fam saatlerinde de a\u00e7\u0131k kalabilmesi i\u00e7in ba\u015flat\u0131lan \u00f6rnek uygulamada kurum m\u00fcd\u00fcrleri g\u00f6n\u00fcll\u00fc olarak s\u0131ras\u0131yla n\u00f6bet tutmaya ba\u015flad\u0131.\u00a0\u0130l\u00e7e k\u00fct\u00fcphanesinin daha etkin, verimli kullan\u0131labilmesi, b\u00fct\u00fcn vatanda\u015flar\u0131n ve \u00f6zellikle \u00fcniversiteye haz\u0131rl\u0131k yapanlar ile s\u0131navlar\u0131na \u00e7al\u0131\u015fan \u00f6\u011frencilerin k\u00fct\u00fcphaneden ak\u015fam saatlerinde de yararlanabilmesi \u00f6rnek bir uygulama ba\u015flat\u0131ld\u0131. \u0130l\u00e7e Kaymakam\u0131 Mustafa Hamit K\u0131y\u0131c\u0131&#8217;n\u0131n giri\u015fimiyle ba\u015flat\u0131lan uygulamada, t\u00fcm [&hellip;]<\/p>\n","protected":false},"author":1,"featured_media":27920,"comment_status":"open","ping_status":"open","sticky":false,"template":"","format":"standard","meta":{"footnotes":""},"categories":[1],"tags":[],"class_list":["post-27919","post","type-post","status-publish","format-standard","has-post-thumbnail","hentry","category-genel"],"_links":{"self":[{"href":"https:\/\/www.bbyhaber.com\/bby\/wp-json\/wp\/v2\/posts\/27919"}],"collection":[{"href":"https:\/\/www.bbyhaber.com\/bby\/wp-json\/wp\/v2\/posts"}],"about":[{"href":"https:\/\/www.bbyhaber.com\/bby\/wp-json\/wp\/v2\/types\/post"}],"author":[{"embeddable":true,"href":"https:\/\/www.bbyhaber.com\/bby\/wp-json\/wp\/v2\/users\/1"}],"replies":[{"embeddable":true,"href":"https:\/\/www.bbyhaber.com\/bby\/wp-json\/wp\/v2\/comments?post=27919"}],"version-history":[{"count":2,"href":"https:\/\/www.bbyhaber.com\/bby\/wp-json\/wp\/v2\/posts\/27919\/revisions"}],"predecessor-version":[{"id":27922,"href":"https:\/\/www.bbyhaber.com\/bby\/wp-json\/wp\/v2\/posts\/27919\/revisions\/27922"}],"wp:featuredmedia":[{"embeddable":true,"href":"https:\/\/www.bbyhaber.com\/bby\/wp-json\/wp\/v2\/media\/27920"}],"wp:attachment":[{"href":"https:\/\/www.bbyhaber.com\/bby\/wp-json\/wp\/v2\/media?parent=27919"}],"wp:term":[{"taxonomy":"category","embeddable":true,"href":"https:\/\/www.bbyhaber.com\/bby\/wp-json\/wp\/v2\/categories?post=27919"},{"taxonomy":"post_tag","embeddable":true,"href":"https:\/\/www.bbyhaber.com\/bby\/wp-json\/wp\/v2\/tags?post=27919"}],"curies":[{"name":"wp","href":"https:\/\/api.w.org\/{rel}","templated":true}]}}