{"id":27911,"date":"2019-12-31T00:05:46","date_gmt":"2019-12-30T21:05:46","guid":{"rendered":"http:\/\/www.bbyhaber.com\/bby\/?p=27911"},"modified":"2020-01-14T23:51:03","modified_gmt":"2020-01-14T20:51:03","slug":"hacettepe-universitesi-bby-bolumu-ogretim-uyesi-alim-ilani-son-basvuru-14-ocak-2020","status":"publish","type":"post","link":"https:\/\/www.bbyhaber.com\/bby\/2019\/12\/31\/hacettepe-universitesi-bby-bolumu-ogretim-uyesi-alim-ilani-son-basvuru-14-ocak-2020","title":{"rendered":"Hacettepe \u00dcniversitesi BBY B\u00f6l\u00fcm\u00fc \u00d6\u011fretim \u00dcyesi Al\u0131m \u0130lan\u0131 &#8211; Son Ba\u015fvuru &#8211; 14 Ocak 2020"},"content":{"rendered":"<p><img loading=\"lazy\" decoding=\"async\" class=\"alignleft size-medium wp-image-27912\" src=\"http:\/\/www.bbyhaber.com\/bby\/wp-content\/uploads\/2019\/12\/hacettepe-logo-300x225.jpg\" alt=\"\" width=\"300\" height=\"225\" srcset=\"https:\/\/www.bbyhaber.com\/bby\/wp-content\/uploads\/2019\/12\/hacettepe-logo-300x225.jpg 300w, https:\/\/www.bbyhaber.com\/bby\/wp-content\/uploads\/2019\/12\/hacettepe-logo-768x576.jpg 768w, https:\/\/www.bbyhaber.com\/bby\/wp-content\/uploads\/2019\/12\/hacettepe-logo.jpg 866w\" sizes=\"(max-width: 300px) 100vw, 300px\" \/><\/p>\n<p>Hacettepe \u00dcniversitesi birimlerinde a\u00e7\u0131k bulunan anabilim dallar\u0131 ile unvan ve ko\u015fullar\u0131 belirtilen kadrolara 2547 Say\u0131l\u0131 Y\u00fcksek\u00f6\u011fretim Kanununun ilgili maddelerine g\u00f6re \u00f6\u011fretim \u00fcyesi al\u0131nacakt\u0131r.<!--more--><\/p>\n<p><span style=\"color: #000000;\">S\u00f6z konusu al\u0131m i\u00e7erisinde <strong><span style=\"color: #ff0000;\">Bilgi ve Belge Y\u00f6netimi alan\u0131nda Doktora<\/span> <span style=\"color: #ff0000;\">derecesi<\/span><\/strong>ne sahip olmak \u015fart\u0131yla\u00a0<strong><span style=\"color: #ff0000;\">1 ki\u015filik Dr. \u00d6\u011fr. \u00dcyesi<\/span><\/strong> al\u0131m\u0131 yap\u0131lacakt\u0131r.<\/span><\/p>\n<p>Adaylar\u0131n, ba\u015fvurular\u0131n\u0131 30 Aral\u0131k 2019 &#8211; 14 Ocak 2020 tarihleri aras\u0131nda a\u015fa\u011f\u0131daki a\u00e7\u0131klamalar do\u011frultusunda yapmalar\u0131 gerekmekte olup, Doktor \u00d6\u011fretim \u00dcyesi kadrolar\u0131na ba\u015fvurular kadronun ilan edildi\u011fi birime, Profes\u00f6r ve Do\u00e7ent kadrolar\u0131na ba\u015fvurular ise Rekt\u00f6rl\u00fc\u011f\u00fcm\u00fcze (Yaz\u0131 \u0130\u015fleri M\u00fcd\u00fcrl\u00fc\u011f\u00fcne) yap\u0131lacakt\u0131r.<\/p>\n<aside>\n<div>\u0130lanla ilgili ayr\u0131nt\u0131l\u0131 bilgi i\u00e7in <a href=\"https:\/\/www.hacettepe.edu.tr\/duyuru\/rekduy\/ogretimelemanialimi301219.pdf\" target=\"_blank\" rel=\"noopener\"><strong>TIKLAYINIZ.<\/strong><\/a><\/div>\n<\/aside>\n<p>Adaylar\u0131n, Hacettepe \u00dcniversi<a href=\"https:\/\/www.hacettepe.edu.tr\/duyuru\/rekduy\/ogretimelemanialimi301219.pdf\">t<\/a>esi Senatosu taraf\u0131ndan kabul edilmi\u015f ve Y\u00fcksek\u00f6\u011fretim Kurulunca onaylanm\u0131\u015f ba\u015fvuru ko\u015fullar\u0131n\u0131 <a href=\"https:\/\/www.hacettepe.edu.tr\/akademik\/atama- kriterleri 2019basvurukosullari\" target=\"_blank\" rel=\"noopener\">https:\/\/www.hacettepe.edu.tr\/akademik\/atama- kriterleri 2019basvurukosullari<\/a>) ve atama kriterlerini (<a href=\"https:\/\/www.hacettepe.edu.tr\/akademik\/atama-kriterleri 2019\" target=\"_blank\" rel=\"noopener\">https:\/\/www.hacettepe.edu.tr\/akademik\/atama-kriterleri 2019<\/a>) sa\u011flamalar\u0131 gerekmektedir. Ancak, Hacettepe \u00dcniversitesi Atama Kriterlerini kar\u015f\u0131lam\u0131\u015f olmak kadro ilan\u0131na ba\u015fvurmak i\u00e7in asgari ko\u015fuldur, kadroya atanma hakk\u0131 sa\u011flamaz.<\/p>\n<p>&nbsp;<\/p>\n<p>&nbsp;<\/p>\n","protected":false},"excerpt":{"rendered":"<p>Hacettepe \u00dcniversitesi birimlerinde a\u00e7\u0131k bulunan anabilim dallar\u0131 ile unvan ve ko\u015fullar\u0131 belirtilen kadrolara 2547 Say\u0131l\u0131 Y\u00fcksek\u00f6\u011fretim Kanununun ilgili maddelerine g\u00f6re \u00f6\u011fretim \u00fcyesi al\u0131nacakt\u0131r.<\/p>\n","protected":false},"author":129,"featured_media":27912,"comment_status":"open","ping_status":"open","sticky":false,"template":"","format":"standard","meta":{"footnotes":""},"categories":[],"tags":[1393],"class_list":["post-27911","post","type-post","status-publish","format-standard","has-post-thumbnail","hentry","tag-bby-is-ilanlari-arsivi"],"_links":{"self":[{"href":"https:\/\/www.bbyhaber.com\/bby\/wp-json\/wp\/v2\/posts\/27911"}],"collection":[{"href":"https:\/\/www.bbyhaber.com\/bby\/wp-json\/wp\/v2\/posts"}],"about":[{"href":"https:\/\/www.bbyhaber.com\/bby\/wp-json\/wp\/v2\/types\/post"}],"author":[{"embeddable":true,"href":"https:\/\/www.bbyhaber.com\/bby\/wp-json\/wp\/v2\/users\/129"}],"replies":[{"embeddable":true,"href":"https:\/\/www.bbyhaber.com\/bby\/wp-json\/wp\/v2\/comments?post=27911"}],"version-history":[{"count":2,"href":"https:\/\/www.bbyhaber.com\/bby\/wp-json\/wp\/v2\/posts\/27911\/revisions"}],"predecessor-version":[{"id":27931,"href":"https:\/\/www.bbyhaber.com\/bby\/wp-json\/wp\/v2\/posts\/27911\/revisions\/27931"}],"wp:featuredmedia":[{"embeddable":true,"href":"https:\/\/www.bbyhaber.com\/bby\/wp-json\/wp\/v2\/media\/27912"}],"wp:attachment":[{"href":"https:\/\/www.bbyhaber.com\/bby\/wp-json\/wp\/v2\/media?parent=27911"}],"wp:term":[{"taxonomy":"category","embeddable":true,"href":"https:\/\/www.bbyhaber.com\/bby\/wp-json\/wp\/v2\/categories?post=27911"},{"taxonomy":"post_tag","embeddable":true,"href":"https:\/\/www.bbyhaber.com\/bby\/wp-json\/wp\/v2\/tags?post=27911"}],"curies":[{"name":"wp","href":"https:\/\/api.w.org\/{rel}","templated":true}]}}