{"id":27895,"date":"2019-12-30T20:09:07","date_gmt":"2019-12-30T17:09:07","guid":{"rendered":"http:\/\/www.bbyhaber.com\/bby\/?p=27895"},"modified":"2020-01-11T20:05:07","modified_gmt":"2020-01-11T17:05:07","slug":"yalova-universitesi-ogr-gor-ilani-son-basvuru-10-ocak-2020","status":"publish","type":"post","link":"https:\/\/www.bbyhaber.com\/bby\/2019\/12\/30\/yalova-universitesi-ogr-gor-ilani-son-basvuru-10-ocak-2020","title":{"rendered":"Yalova \u00dcniversitesi \u00d6\u011fr. G\u00f6r. \u0130lan\u0131 &#8211; Son Ba\u015fvuru &#8211; 10 Ocak 2020"},"content":{"rendered":"<p><img loading=\"lazy\" decoding=\"async\" class=\"alignleft size-full wp-image-27903\" src=\"http:\/\/www.bbyhaber.com\/bby\/wp-content\/uploads\/2019\/12\/yalova-\u00fcniversitesi.png\" alt=\"\" width=\"250\" height=\"250\" srcset=\"https:\/\/www.bbyhaber.com\/bby\/wp-content\/uploads\/2019\/12\/yalova-\u00fcniversitesi.png 250w, https:\/\/www.bbyhaber.com\/bby\/wp-content\/uploads\/2019\/12\/yalova-\u00fcniversitesi-150x150.png 150w\" sizes=\"(max-width: 250px) 100vw, 250px\" \/>\u00dcniversitemizin a\u015fa\u011f\u0131da belirtilen birimlerine 2547 say\u0131l\u0131 Y\u00fcksek\u00f6\u011fretim Kanunun 31. ve 50\/d maddeleri ile &#8220;\u00d6\u011fretim \u00dcyesi D\u0131\u015f\u0131ndaki \u00d6\u011fretim Eleman\u0131 Kadrolar\u0131na Yap\u0131lacak Atamalarda Uygulanacak Merkezi S\u0131nav \u0130le Giri\u015f S\u0131navlar\u0131na \u0130li\u015fkin Usul ve Esaslar Hakk\u0131nda Y\u00f6netmelik&#8221; h\u00fck\u00fcmleri uyar\u0131nca \u00d6\u011fretim G\u00f6revlisi al\u0131nacakt\u0131r.<!--more--><\/p>\n<table style=\"color: #000000; font-family: Arial, Tahoma, Verdana; font-size: 15px; line-height: 18px;\" border=\"1\" width=\"344\" cellspacing=\"0\" cellpadding=\"0\">\n<colgroup>\n<col width=\"233\" \/>\n<col width=\"111\" \/> <\/colgroup>\n<tbody>\n<tr>\n<td width=\"233\" height=\"20\">Kadro Unvan<\/td>\n<td width=\"111\"><strong>\u00d6\u011eRET\u0130M G\u00d6REVL\u0130S\u0130<br \/>\n<\/strong><\/td>\n<\/tr>\n<tr>\n<td height=\"20\">ALES<\/td>\n<td><strong>70<\/strong><\/td>\n<\/tr>\n<tr>\n<td height=\"20\">YDS veya e\u015fde\u011feri<\/td>\n<td>50<\/td>\n<\/tr>\n<tr>\n<td height=\"20\">Kadro Say\u0131s\u0131<\/td>\n<td><span style=\"color: #ff0000;\"><strong>1<\/strong><\/span><\/td>\n<\/tr>\n<tr>\n<td height=\"20\">Kadro Derecesi<\/td>\n<td>6<\/td>\n<\/tr>\n<tr>\n<td height=\"20\"><\/td>\n<td><\/td>\n<\/tr>\n<tr>\n<td height=\"20\">\u015eartlar<\/td>\n<td>\u00dcniversitelerin K\u00fct\u00fcphanecilik<br \/>\nB\u00f6l\u00fcm\u00fc veya Bilgi ve Belge<br \/>\nY\u00f6netimi B\u00f6l\u00fcm\u00fc lisans mezunu<br \/>\nolmak. Bu alanlar\u0131n birinde tezli<br \/>\nY\u00fcksek lisans yapm\u0131\u015f olmak.<\/td>\n<\/tr>\n<tr>\n<td height=\"20\"><strong style=\"color: #ff0000; font-family: Arial, Tahoma, Verdana; font-size: 15px; line-height: 18px;\">Son Ba\u015fvuru Tarihi<\/strong><\/td>\n<td>10 Ocak 2020<\/td>\n<\/tr>\n<tr>\n<td height=\"20\"><\/td>\n<td><\/td>\n<\/tr>\n<tr>\n<td height=\"20\"><\/td>\n<td><\/td>\n<\/tr>\n<tr>\n<td height=\"20\"><\/td>\n<td><\/td>\n<\/tr>\n<\/tbody>\n<\/table>\n<p><a href=\"http:\/\/personel.hitit.edu.tr\/Duyurular\/2019\/12\/20\/universitemiz-egitim-birimlerine-ogretim-elemani-alinacaktir\" target=\"_blank\" rel=\"noopener\"><span style=\"color: #0000ff;\"><strong>Daha fazla bilgi ve belge i\u00e7in t\u0131klay\u0131n\u0131z<\/strong><\/span><\/a><\/p>\n","protected":false},"excerpt":{"rendered":"<p>\u00dcniversitemizin a\u015fa\u011f\u0131da belirtilen birimlerine 2547 say\u0131l\u0131 Y\u00fcksek\u00f6\u011fretim Kanunun 31. ve 50\/d maddeleri ile &#8220;\u00d6\u011fretim \u00dcyesi D\u0131\u015f\u0131ndaki \u00d6\u011fretim Eleman\u0131 Kadrolar\u0131na Yap\u0131lacak Atamalarda Uygulanacak Merkezi S\u0131nav \u0130le Giri\u015f S\u0131navlar\u0131na \u0130li\u015fkin Usul ve Esaslar Hakk\u0131nda Y\u00f6netmelik&#8221; h\u00fck\u00fcmleri uyar\u0131nca \u00d6\u011fretim G\u00f6revlisi al\u0131nacakt\u0131r.<\/p>\n","protected":false},"author":129,"featured_media":27906,"comment_status":"open","ping_status":"open","sticky":false,"template":"","format":"standard","meta":{"footnotes":""},"categories":[],"tags":[1393],"class_list":["post-27895","post","type-post","status-publish","format-standard","has-post-thumbnail","hentry","tag-bby-is-ilanlari-arsivi"],"_links":{"self":[{"href":"https:\/\/www.bbyhaber.com\/bby\/wp-json\/wp\/v2\/posts\/27895"}],"collection":[{"href":"https:\/\/www.bbyhaber.com\/bby\/wp-json\/wp\/v2\/posts"}],"about":[{"href":"https:\/\/www.bbyhaber.com\/bby\/wp-json\/wp\/v2\/types\/post"}],"author":[{"embeddable":true,"href":"https:\/\/www.bbyhaber.com\/bby\/wp-json\/wp\/v2\/users\/129"}],"replies":[{"embeddable":true,"href":"https:\/\/www.bbyhaber.com\/bby\/wp-json\/wp\/v2\/comments?post=27895"}],"version-history":[{"count":4,"href":"https:\/\/www.bbyhaber.com\/bby\/wp-json\/wp\/v2\/posts\/27895\/revisions"}],"predecessor-version":[{"id":27905,"href":"https:\/\/www.bbyhaber.com\/bby\/wp-json\/wp\/v2\/posts\/27895\/revisions\/27905"}],"wp:featuredmedia":[{"embeddable":true,"href":"https:\/\/www.bbyhaber.com\/bby\/wp-json\/wp\/v2\/media\/27906"}],"wp:attachment":[{"href":"https:\/\/www.bbyhaber.com\/bby\/wp-json\/wp\/v2\/media?parent=27895"}],"wp:term":[{"taxonomy":"category","embeddable":true,"href":"https:\/\/www.bbyhaber.com\/bby\/wp-json\/wp\/v2\/categories?post=27895"},{"taxonomy":"post_tag","embeddable":true,"href":"https:\/\/www.bbyhaber.com\/bby\/wp-json\/wp\/v2\/tags?post=27895"}],"curies":[{"name":"wp","href":"https:\/\/api.w.org\/{rel}","templated":true}]}}