{"id":27891,"date":"2019-12-30T20:05:10","date_gmt":"2019-12-30T17:05:10","guid":{"rendered":"http:\/\/www.bbyhaber.com\/bby\/?p=27891"},"modified":"2020-01-10T19:56:05","modified_gmt":"2020-01-10T16:56:05","slug":"kahramanmaras-istiklal-universitesi-ogr-gor-ilani-son-basvuru-09-ocak-2020","status":"publish","type":"post","link":"https:\/\/www.bbyhaber.com\/bby\/2019\/12\/30\/kahramanmaras-istiklal-universitesi-ogr-gor-ilani-son-basvuru-09-ocak-2020","title":{"rendered":"Kahramanmara\u015f \u0130stiklal \u00dcniversitesi \u00d6\u011fr. G\u00f6r. \u0130lan\u0131 \u2013 Son Ba\u015fvuru \u2013 09 Ocak 2020"},"content":{"rendered":"<p><a href=\"http:\/\/www.bbyhaber.com\/bby\/wp-content\/uploads\/2020\/01\/kahramanmaras-istiklal-universitesi.jpg\"><img loading=\"lazy\" decoding=\"async\" class=\"alignleft size-full wp-image-27932\" src=\"http:\/\/www.bbyhaber.com\/bby\/wp-content\/uploads\/2020\/01\/kahramanmaras-istiklal-universitesi.jpg\" alt=\"\" width=\"390\" height=\"180\" srcset=\"https:\/\/www.bbyhaber.com\/bby\/wp-content\/uploads\/2020\/01\/kahramanmaras-istiklal-universitesi.jpg 390w, https:\/\/www.bbyhaber.com\/bby\/wp-content\/uploads\/2020\/01\/kahramanmaras-istiklal-universitesi-300x138.jpg 300w\" sizes=\"(max-width: 390px) 100vw, 390px\" \/><\/a>\u00dcniversitemizin a\u015fa\u011f\u0131da belirtilen birimlerine; 10.07.2018 tarihli Resm\u00ee Gazete\u2019de yay\u0131mlanan Genel Kadro ve Usul\u00fc Hakk\u0131nda 2 Say\u0131l\u0131<br \/>\nCumhurba\u015fkanl\u0131\u011f\u0131 Kararnamesi, 2547 Say\u0131l\u0131 Y\u00fcksek\u00f6\u011fretim Kanunu\u2019nun 31inci maddesi, 657 Say\u0131l\u0131 Devlet Memurlar\u0131 Kanununun 48. maddesi ile 09.11.2018 tarih ve 30590 say\u0131l\u0131 Resmi Gazete\u2019de yay\u0131mlanan \u00d6\u011fretim \u00dcyesi D\u0131\u015f\u0131ndaki \u00d6\u011fretim Eleman\u0131 Kadrolar\u0131na Yap\u0131lacak Atamalarda Uygulanacak Merkezi S\u0131nav ile Giri\u015f S\u0131navlar\u0131na \u0130li\u015fkin Usul ve Esaslar Hakk\u0131nda Y\u00f6netmeli\u011finin ilgili maddeleri uyar\u0131nca \u00d6\u011fretim G\u00f6revlisi al\u0131nacakt\u0131r.<!--more--><\/p>\n<table style=\"color: #000000; font-family: Arial, Tahoma, Verdana; font-size: 15px; line-height: 18px;\" border=\"1\" width=\"344\" cellspacing=\"0\" cellpadding=\"0\">\n<colgroup>\n<col width=\"233\" \/>\n<col width=\"111\" \/> <\/colgroup>\n<tbody>\n<tr>\n<td width=\"233\" height=\"20\">Kadro Unvan<\/td>\n<td width=\"111\"><strong>\u00d6\u011eRET\u0130M G\u00d6REVL\u0130S\u0130<br \/>\n<\/strong><\/td>\n<\/tr>\n<tr>\n<td height=\"20\">ALES<\/td>\n<td><strong>70<\/strong><\/td>\n<\/tr>\n<tr>\n<td height=\"20\">YDS veya e\u015fde\u011feri<\/td>\n<td>50<\/td>\n<\/tr>\n<tr>\n<td height=\"20\">Kadro Say\u0131s\u0131<\/td>\n<td><span style=\"color: #ff0000;\"><strong>1<\/strong><\/span><\/td>\n<\/tr>\n<tr>\n<td height=\"20\">Kadro Derecesi<\/td>\n<td>6<\/td>\n<\/tr>\n<tr>\n<td height=\"20\"><\/td>\n<td><\/td>\n<\/tr>\n<tr>\n<td height=\"20\">\u015eartlar<\/td>\n<td><strong>K\u00fct\u00fcphanecilik, Bilgi ve Belge Y\u00f6netimi veya Tarih B\u00f6l\u00fcm\u00fc lisans<br \/>\nmezunu olmak ve bu alanlar\u0131n birinde tezli y\u00fcksek lisans yapm\u0131\u015f<br \/>\nolmak ve k\u00fct\u00fcphane veya ar\u015fivde belgelendirmek \u015fart\u0131yla lisans<br \/>\nsonras\u0131 en az 10 y\u0131l \u00e7al\u0131\u015fm\u0131\u015f olmak<\/strong><\/td>\n<\/tr>\n<tr>\n<td height=\"20\"><strong style=\"color: #ff0000; font-family: Arial, Tahoma, Verdana; font-size: 15px; line-height: 18px;\">Son Ba\u015fvuru Tarihi<\/strong><\/td>\n<td>09 Ocak 2020<\/td>\n<\/tr>\n<tr>\n<td height=\"20\"><\/td>\n<td><\/td>\n<\/tr>\n<tr>\n<td height=\"20\"><\/td>\n<td><\/td>\n<\/tr>\n<tr>\n<td height=\"20\"><\/td>\n<td><\/td>\n<\/tr>\n<\/tbody>\n<\/table>\n<p><span style=\"color: #0000ff;\"><strong><a href=\"https:\/\/www.istiklal.edu.tr\/default.aspx?DId=38283\" target=\"_blank\" rel=\"noopener\">Daha fazla bilgi ve belge i\u00e7in t\u0131klay\u0131n\u0131z<\/a><\/strong><\/span><\/p>\n<p>&nbsp;<\/p>\n","protected":false},"excerpt":{"rendered":"<p>\u00dcniversitemizin a\u015fa\u011f\u0131da belirtilen birimlerine; 10.07.2018 tarihli Resm\u00ee Gazete\u2019de yay\u0131mlanan Genel Kadro ve Usul\u00fc Hakk\u0131nda 2 Say\u0131l\u0131 Cumhurba\u015fkanl\u0131\u011f\u0131 Kararnamesi, 2547 Say\u0131l\u0131 Y\u00fcksek\u00f6\u011fretim Kanunu\u2019nun 31inci maddesi, 657 Say\u0131l\u0131 Devlet Memurlar\u0131 Kanununun 48. maddesi ile 09.11.2018 tarih ve 30590 say\u0131l\u0131 Resmi Gazete\u2019de yay\u0131mlanan \u00d6\u011fretim \u00dcyesi D\u0131\u015f\u0131ndaki \u00d6\u011fretim Eleman\u0131 Kadrolar\u0131na Yap\u0131lacak Atamalarda Uygulanacak Merkezi S\u0131nav ile Giri\u015f S\u0131navlar\u0131na \u0130li\u015fkin [&hellip;]<\/p>\n","protected":false},"author":129,"featured_media":27932,"comment_status":"open","ping_status":"open","sticky":false,"template":"","format":"standard","meta":{"footnotes":""},"categories":[],"tags":[1393],"class_list":["post-27891","post","type-post","status-publish","format-standard","has-post-thumbnail","hentry","tag-bby-is-ilanlari-arsivi"],"_links":{"self":[{"href":"https:\/\/www.bbyhaber.com\/bby\/wp-json\/wp\/v2\/posts\/27891"}],"collection":[{"href":"https:\/\/www.bbyhaber.com\/bby\/wp-json\/wp\/v2\/posts"}],"about":[{"href":"https:\/\/www.bbyhaber.com\/bby\/wp-json\/wp\/v2\/types\/post"}],"author":[{"embeddable":true,"href":"https:\/\/www.bbyhaber.com\/bby\/wp-json\/wp\/v2\/users\/129"}],"replies":[{"embeddable":true,"href":"https:\/\/www.bbyhaber.com\/bby\/wp-json\/wp\/v2\/comments?post=27891"}],"version-history":[{"count":3,"href":"https:\/\/www.bbyhaber.com\/bby\/wp-json\/wp\/v2\/posts\/27891\/revisions"}],"predecessor-version":[{"id":27933,"href":"https:\/\/www.bbyhaber.com\/bby\/wp-json\/wp\/v2\/posts\/27891\/revisions\/27933"}],"wp:featuredmedia":[{"embeddable":true,"href":"https:\/\/www.bbyhaber.com\/bby\/wp-json\/wp\/v2\/media\/27932"}],"wp:attachment":[{"href":"https:\/\/www.bbyhaber.com\/bby\/wp-json\/wp\/v2\/media?parent=27891"}],"wp:term":[{"taxonomy":"category","embeddable":true,"href":"https:\/\/www.bbyhaber.com\/bby\/wp-json\/wp\/v2\/categories?post=27891"},{"taxonomy":"post_tag","embeddable":true,"href":"https:\/\/www.bbyhaber.com\/bby\/wp-json\/wp\/v2\/tags?post=27891"}],"curies":[{"name":"wp","href":"https:\/\/api.w.org\/{rel}","templated":true}]}}