{"id":27884,"date":"2019-12-30T11:14:39","date_gmt":"2019-12-30T08:14:39","guid":{"rendered":"http:\/\/www.bbyhaber.com\/bby\/?p=27884"},"modified":"2019-12-30T11:14:39","modified_gmt":"2019-12-30T08:14:39","slug":"turk-kutuphaneciligi-dergisi-cilt-33-sayi-4-2019-yayinlandi","status":"publish","type":"post","link":"https:\/\/www.bbyhaber.com\/bby\/2019\/12\/30\/turk-kutuphaneciligi-dergisi-cilt-33-sayi-4-2019-yayinlandi","title":{"rendered":"T\u00fcrk K\u00fct\u00fcphanecili\u011fi Dergisi: Cilt 33, Say\u0131 4 (2019) yay\u0131nland\u0131"},"content":{"rendered":"<p><a href=\"http:\/\/www.bbyhaber.com\/bby\/wp-content\/uploads\/2019\/12\/tk2019-33-4.png\"><img loading=\"lazy\" decoding=\"async\" class=\"alignleft size-full wp-image-27886\" src=\"http:\/\/www.bbyhaber.com\/bby\/wp-content\/uploads\/2019\/12\/tk2019-33-4.png\" alt=\"\" width=\"390\" height=\"180\" \/><\/a>T\u00fcrk K\u00fct\u00fcphanecili\u011fi (TK) Dergisi\u2019nin\u00a0<span style=\"color: #ff0000;\"><strong>Prof. Dr. Meral Alpay<\/strong><\/span>&#8216;a <span style=\"color: #ff0000;\">arma\u011fan olarak haz\u0131rlad\u0131\u011f\u0131\u00a0<strong>2019<\/strong> y\u0131l\u0131 <strong>son\u00a0say\u0131s\u0131<\/strong><\/span> yay\u0131nland\u0131. TK dergisi\u00a0<strong>DergiPark<\/strong> \u00fczerinden yay\u0131n hayat\u0131na devam etmektedir.\u00a0 \u201c<a href=\"https:\/\/dergipark.org.tr\/tr\/pub\/tk\/issue\/50920\" target=\"_blank\" rel=\"noopener\"><strong>Cilt 33, Say\u0131 4 (2019)<\/strong><\/a>\u201d<!--more--><\/p>\n<p style=\"text-align: justify;\">Yeni say\u0131y\u0131 okumak i\u00e7in <a href=\"https:\/\/dergipark.org.tr\/tr\/pub\/tk\/issue\/50920\" target=\"_blank\" rel=\"noopener\"><strong>l\u00fctfen t\u0131klay\u0131n\u0131z.<\/strong><\/a><\/p>\n","protected":false},"excerpt":{"rendered":"<p>T\u00fcrk K\u00fct\u00fcphanecili\u011fi (TK) Dergisi\u2019nin\u00a0Prof. Dr. Meral Alpay&#8216;a arma\u011fan olarak haz\u0131rlad\u0131\u011f\u0131\u00a02019 y\u0131l\u0131 son\u00a0say\u0131s\u0131 yay\u0131nland\u0131. TK dergisi\u00a0DergiPark \u00fczerinden yay\u0131n hayat\u0131na devam etmektedir.\u00a0 \u201cCilt 33, Say\u0131 4 (2019)\u201d<\/p>\n","protected":false},"author":1,"featured_media":27886,"comment_status":"open","ping_status":"open","sticky":false,"template":"","format":"standard","meta":{"footnotes":""},"categories":[1],"tags":[1416],"class_list":["post-27884","post","type-post","status-publish","format-standard","has-post-thumbnail","hentry","category-genel","tag-turk-kutuphaneciligi"],"_links":{"self":[{"href":"https:\/\/www.bbyhaber.com\/bby\/wp-json\/wp\/v2\/posts\/27884"}],"collection":[{"href":"https:\/\/www.bbyhaber.com\/bby\/wp-json\/wp\/v2\/posts"}],"about":[{"href":"https:\/\/www.bbyhaber.com\/bby\/wp-json\/wp\/v2\/types\/post"}],"author":[{"embeddable":true,"href":"https:\/\/www.bbyhaber.com\/bby\/wp-json\/wp\/v2\/users\/1"}],"replies":[{"embeddable":true,"href":"https:\/\/www.bbyhaber.com\/bby\/wp-json\/wp\/v2\/comments?post=27884"}],"version-history":[{"count":1,"href":"https:\/\/www.bbyhaber.com\/bby\/wp-json\/wp\/v2\/posts\/27884\/revisions"}],"predecessor-version":[{"id":27887,"href":"https:\/\/www.bbyhaber.com\/bby\/wp-json\/wp\/v2\/posts\/27884\/revisions\/27887"}],"wp:featuredmedia":[{"embeddable":true,"href":"https:\/\/www.bbyhaber.com\/bby\/wp-json\/wp\/v2\/media\/27886"}],"wp:attachment":[{"href":"https:\/\/www.bbyhaber.com\/bby\/wp-json\/wp\/v2\/media?parent=27884"}],"wp:term":[{"taxonomy":"category","embeddable":true,"href":"https:\/\/www.bbyhaber.com\/bby\/wp-json\/wp\/v2\/categories?post=27884"},{"taxonomy":"post_tag","embeddable":true,"href":"https:\/\/www.bbyhaber.com\/bby\/wp-json\/wp\/v2\/tags?post=27884"}],"curies":[{"name":"wp","href":"https:\/\/api.w.org\/{rel}","templated":true}]}}