{"id":27855,"date":"2020-01-23T14:13:47","date_gmt":"2020-01-23T11:13:47","guid":{"rendered":"http:\/\/www.bbyhaber.com\/bby\/?p=27855"},"modified":"2020-01-25T12:52:48","modified_gmt":"2020-01-25T09:52:48","slug":"500-sozlesmeli-kutuphaneci-mulakat-sonuclari-aciklandi","status":"publish","type":"post","link":"https:\/\/www.bbyhaber.com\/bby\/2020\/01\/23\/500-sozlesmeli-kutuphaneci-mulakat-sonuclari-aciklandi","title":{"rendered":"500 S\u00f6zle\u015fmeli K\u00fct\u00fcphaneci M\u00fclakat Sonu\u00e7lar\u0131 A\u00e7\u0131kland\u0131"},"content":{"rendered":"<p><img loading=\"lazy\" decoding=\"async\" class=\"alignleft size-medium wp-image-27857\" src=\"http:\/\/www.bbyhaber.com\/bby\/wp-content\/uploads\/2017\/04\/S\u00f6zle\u015fmeli-500--300x167.png\" alt=\"\" width=\"300\" height=\"167\" srcset=\"https:\/\/www.bbyhaber.com\/bby\/wp-content\/uploads\/2017\/04\/S\u00f6zle\u015fmeli-500--300x167.png 300w, https:\/\/www.bbyhaber.com\/bby\/wp-content\/uploads\/2017\/04\/S\u00f6zle\u015fmeli-500--768x427.png 768w, https:\/\/www.bbyhaber.com\/bby\/wp-content\/uploads\/2017\/04\/S\u00f6zle\u015fmeli-500--240x135.png 240w, https:\/\/www.bbyhaber.com\/bby\/wp-content\/uploads\/2017\/04\/S\u00f6zle\u015fmeli-500-.png 810w\" sizes=\"(max-width: 300px) 100vw, 300px\" \/><\/p>\n<p>K\u00fclt\u00fcr ve Turizm Bakanl\u0131\u011f\u0131 taraf\u0131ndan\u00a0<strong>09-20 Aral\u0131k 2019<\/strong> tarihlerinde yap\u0131lan m\u00fclakatlar\u0131n sonu\u00e7lar\u0131 a\u00e7\u0131klanm\u0131\u015ft\u0131r.<!--more--><\/p>\n<p>&nbsp;<\/p>\n<p><span style=\"color: #ff0000;\"><strong>Sorgulama yapmak i\u00e7in t\u0131klay\u0131n\u0131z:\u00a0<a style=\"color: #ff0000;\" href=\"https:\/\/sbs.ktb.gov.tr\" target=\"_blank\" rel=\"noopener\">https:\/\/sbs.ktb.gov.tr<\/a>\/<\/strong><\/span><\/p>\n<p><span style=\"color: #339966;\"><strong><em>Gelen ekranda soldaki panelden &#8220;Kazand\u0131\u011f\u0131m Ba\u015fvurular\u0131m&#8221; alan\u0131na t\u0131klaman\u0131z gerekmektedir.<\/em><\/strong><\/span><\/p>\n<figure id=\"attachment_27984\" aria-describedby=\"caption-attachment-27984\" style=\"width: 192px\" class=\"wp-caption aligncenter\"><img loading=\"lazy\" decoding=\"async\" class=\"size-medium wp-image-27984\" src=\"http:\/\/www.bbyhaber.com\/bby\/wp-content\/uploads\/2020\/01\/basvurusonuc-192x300.png\" alt=\"\" width=\"192\" height=\"300\" srcset=\"https:\/\/www.bbyhaber.com\/bby\/wp-content\/uploads\/2020\/01\/basvurusonuc-192x300.png 192w, https:\/\/www.bbyhaber.com\/bby\/wp-content\/uploads\/2020\/01\/basvurusonuc.png 225w\" sizes=\"(max-width: 192px) 100vw, 192px\" \/><figcaption id=\"caption-attachment-27984\" class=\"wp-caption-text\">Gelen ekranda soldaki panelden kazand\u0131\u011f\u0131m s\u0131navlar alan\u0131na t\u0131klaman\u0131z gerekmektedir.<\/figcaption><\/figure>\n<p>Bakanl\u0131\u011f\u0131m\u0131z ta\u015fra te\u015fkilat\u0131nda,\u00a0657 say\u0131l\u0131 Devlet Memurlar\u0131 Kanunu\u2019nun 4 \u00fcnc\u00fc maddesinin (B) f\u0131kras\u0131 kapsam\u0131nda istihdam edilmek ve 06\/06\/1978 tarihli ve 7\/15754 say\u0131l\u0131 Bakanlar Kurulu Karar\u0131 ile y\u00fcr\u00fcrl\u00fc\u011fe konulan S\u00f6zle\u015fmeli Personel \u00c7al\u0131\u015ft\u0131r\u0131lmas\u0131na \u0130li\u015fkin Esaslara g\u00f6re \u00e7al\u0131\u015ft\u0131r\u0131lmak \u00fczere, K\u00fclt\u00fcr ve Turizm Bakanl\u0131\u011f\u0131 S\u00f6zle\u015fmeli Personel Al\u0131m Usul ve Esaslar\u0131\u00a0h\u00fck\u00fcmleri \u00e7er\u00e7evesinde, duyuruda belirtilen aran\u0131lan nitelikleri ta\u015f\u0131yan adaylar aras\u0131ndan KPSS puan en y\u00fcksek alan adaydan ba\u015flamak \u00fczere yap\u0131lan s\u0131ralama sonucu s\u00f6zl\u00fc s\u0131nava kat\u0131lmaya hak kazanan adaylar s\u00f6zl\u00fc s\u0131nava tabi tutulmu\u015flard\u0131r.<\/p>\n<p>S\u00f6z konusu s\u00f6zl\u00fc s\u0131nav sonucu ba\u015far\u0131l\u0131 olup asil ve yedek adaylar aras\u0131nda yer alanlar, a\u015fa\u011f\u0131da belirtilen giri\u015f ekran\u0131na T.C. Kimlik Numaralar\u0131 ile giri\u015f yapmak suretiyle \u00f6\u011frenebileceklerdir. Adaylara ayr\u0131ca yaz\u0131l\u0131 tebligat yap\u0131lmayacakt\u0131r.<\/p>\n<p><strong>As\u0131l listede yer alan adaylar\u0131n a\u015fa\u011f\u0131da belirtilen form dilek\u00e7eyi ve Arkeolog, M\u00fcze Ara\u015ft\u0131rmac\u0131s\u0131, Mimar, M\u00fchendis, \u015eehir Planc\u0131s\u0131, Tekniker pozisyon unvan\u0131ndan asil listede yer alanlar\u0131n \u201cArazi ve \u015fantiye \u015fartlar\u0131nda \u00e7al\u0131\u015fmaya engel hali bulunmamaktad\u0131r.\u201d ibaresinin, K\u00fct\u00fcphaneci ve M\u00fctercim-Terc\u00fcman pozisyon unvan\u0131ndan asil listede yer alanlar\u0131n \u201cG\u00f6revini devaml\u0131 olarak yapmas\u0131na engel bir hali bulunmamaktad\u0131r.\u201d ibaresinin, yer ald\u0131\u011f\u0131 aile sa\u011fl\u0131\u011f\u0131 merkezlerinden, hastanelerden veya Ortak Sa\u011fl\u0131k G\u00fcvenlik Birimlerinden (OSGB) alacaklar\u0131 sa\u011fl\u0131k raporunu, \u0131slak imzal\u0131 ve tarihli Mal Bildirimini ve d\u00f6rt adet vesikal\u0131k foto\u011fraf\u0131n\u0131, 06<\/strong><strong>\/02\/2020<\/strong><strong>\u00a0tarihi mesai saati bitimine kadar,<\/strong>\u00a0kendileri ile ilgili sonuca itiraz edecek adaylar\u0131n ise itiraz dilek\u00e7elerini 29\/01\/2020\u00a0tarihi mesai saati bitimine kadar; \u201c\u0130\u015f\u00e7i Bloklar\u0131 Mahallesi Muhsin Yaz\u0131c\u0131o\u011flu Caddesi No:50 \u00c7ankaya\/ANKARA\u201d adresinde bulunan Bakanl\u0131\u011f\u0131m\u0131z Personel Dairesi Ba\u015fkanl\u0131\u011f\u0131na, elden veya posta yolu ile teslim etmesi gerekmektedir. Postadaki gecikmeler dikkate al\u0131nmayacakt\u0131r. Dilek\u00e7elerin ve sa\u011fl\u0131k raporunun belirtilen tarihe kadar verilmemesi ya da belirtilen adrese g\u00f6nderilerek Bakanl\u0131k genel evrak kay\u0131t sistemine kayd\u0131n\u0131n yap\u0131lmamas\u0131 halinde, ba\u015fvuru yap\u0131lmam\u0131\u015f kabul edilecektir.<\/p>\n<p>Adaylar, kendileri ile ilgili s\u0131nav sonucuna, Personel Dairesi Ba\u015fkanl\u0131\u011f\u0131na hitapl\u0131 bir dilek\u00e7e ile (Giri\u015f S\u0131nav Komisyonuna) 29\/01\/2020 tarihi mesai saati bitimine kadar itiraz edebilecektir. \u0130tirazlar, itiraz s\u00fcresinin bitiminden itibaren Giri\u015f S\u0131nav Komisyonunca en fazla 15 (onbe\u015f) g\u00fcn i\u00e7inde incelenip karara ba\u011flanarak ilgililere yaz\u0131l\u0131 olarak bildirilecektir. T.C. Kimlik numaras\u0131, ad\u0131, soyad\u0131, imza ve adresi ile itiraz gerek\u00e7esinden herhangi biri olmayan dilek\u00e7eyle yap\u0131lan itirazlar ile s\u00fcresi ge\u00e7tikten sonra yap\u0131lan itirazlar dikkate al\u0131nmayacakt\u0131r.<\/p>\n<p>Ba\u015far\u0131 s\u0131ras\u0131na g\u00f6re atamalar\u0131 yap\u0131lan adaylardan ikamet ettikleri yere atananlar atanma onaylar\u0131n\u0131n kendilerine tebli\u011fi tarihini izleyen i\u015f g\u00fcn\u00fc, ikamet ettikleri yer d\u0131\u015f\u0131na atananlar ise atanma onaylar\u0131n\u0131n kendilerine tebli\u011f tarihinden itibaren 15 g\u00fcn i\u00e7inde, g\u00f6revlerine ba\u015flamak zorundad\u0131rlar.<\/p>\n<p>S\u00f6zl\u00fc s\u0131navda ba\u015far\u0131l\u0131 olup asil aday listesine girenlerden 06\/02\/2020 tarihine kadar \u0131slak imzal\u0131 form dilek\u00e7elerini, yukar\u0131da belirtilen ibarenin yer ald\u0131\u011f\u0131 sa\u011fl\u0131k raporunu, \u0131slak imzal\u0131 ve tarihli Mal Bildirimini, d\u00f6rt adet vesikal\u0131k foto\u011fraf\u0131n\u0131 teslim etmeyenlerin, atamas\u0131 yap\u0131l\u0131p da herhangi bir sebeple g\u00f6revden ayr\u0131lanlardan veya g\u00f6reve ba\u015flamayanlardan, ba\u015fka pozisyon veya ba\u015fka yerde ayn\u0131 pozisyona ya da ba\u015fka bir kuruma atanma gibi sebeplerle g\u00f6revden ayr\u0131lanlardan bo\u015falan\/atama yap\u0131lamayan kadrolara, yedek aday listesinden ba\u015far\u0131 s\u0131ras\u0131na g\u00f6re alt\u0131 ay i\u00e7erisinde atama yap\u0131labilecektir.<\/p>\n<p>Ba\u015fvuru ve i\u015flemler s\u0131ras\u0131nda\u00a0ger\u00e7e\u011fe ayk\u0131r\u0131 beyanda bulundu\u011fu veya belge verdi\u011fi tespit edilenlerin s\u0131nav sonu\u00e7lar\u0131 ge\u00e7ersiz say\u0131larak atamalar\u0131 yap\u0131lmayacakt\u0131r. Bu durumda olup atamas\u0131 yap\u0131lm\u0131\u015f olanlar\u0131n atamalar\u0131 ve hizmet s\u00f6zle\u015fmeleri iptal edilecektir. Bunlar hi\u00e7bir hak talep edemezler. Kendilerine bir bedel \u00f6denmi\u015f ise bu bedel yasal faizi ile birlikte tazmin edilecek, ayr\u0131ca bu adaylar hakk\u0131nda su\u00e7 duyurusunda bulunulacak, kamu g\u00f6revlisi iseler durumlar\u0131 \u00e7al\u0131\u015ft\u0131klar\u0131 kurumlara da bildirilecektir.<\/p>\n<p><a href=\"https:\/\/pdb.ktb.gov.tr\/Eklenti\/68738,atamaistemdilekcesidoc.doc?0\" target=\"_blank\" rel=\"noopener\">Dilek\u00e7e \u00d6rne\u011fi i\u00e7in t\u0131klay\u0131n\u0131z&#8230;<\/a><br \/>\n<a href=\"https:\/\/pdb.ktb.gov.tr\/Eklenti\/68737,atamaistemdilekcesiaskerdeolandoc.doc?0\" target=\"_blank\" rel=\"noopener\">Askerde olanlar i\u00e7in dilek\u00e7e \u00f6rne\u011fi i\u00e7in t\u0131klay\u0131n\u0131z&#8230;<\/a><\/p>\n<p>BU DUYURU TEBL\u0130\u011e MAH\u0130YET\u0130NDE OLUP, ADAYLARA AYRICA YAZILI DUYURU YAPILMAYACAKTIR.<\/p>\n<p>DUYURULUR<\/p>\n","protected":false},"excerpt":{"rendered":"<p>K\u00fclt\u00fcr ve Turizm Bakanl\u0131\u011f\u0131 taraf\u0131ndan\u00a009-20 Aral\u0131k 2019 tarihlerinde yap\u0131lan m\u00fclakatlar\u0131n sonu\u00e7lar\u0131 a\u00e7\u0131klanm\u0131\u015ft\u0131r.<\/p>\n","protected":false},"author":129,"featured_media":27857,"comment_status":"open","ping_status":"open","sticky":false,"template":"","format":"standard","meta":{"footnotes":""},"categories":[1521,31,1604],"tags":[1187,1230,1214],"class_list":["post-27855","post","type-post","status-publish","format-standard","has-post-thumbnail","hentry","category-500-kutuphaneci","category-bbykpss","category-sozlesmeli-kutuphaneci","tag-500-kutuphaneci-alimi","tag-soz","tag-sozlesmeli-kutuphaneci-alimi"],"_links":{"self":[{"href":"https:\/\/www.bbyhaber.com\/bby\/wp-json\/wp\/v2\/posts\/27855"}],"collection":[{"href":"https:\/\/www.bbyhaber.com\/bby\/wp-json\/wp\/v2\/posts"}],"about":[{"href":"https:\/\/www.bbyhaber.com\/bby\/wp-json\/wp\/v2\/types\/post"}],"author":[{"embeddable":true,"href":"https:\/\/www.bbyhaber.com\/bby\/wp-json\/wp\/v2\/users\/129"}],"replies":[{"embeddable":true,"href":"https:\/\/www.bbyhaber.com\/bby\/wp-json\/wp\/v2\/comments?post=27855"}],"version-history":[{"count":12,"href":"https:\/\/www.bbyhaber.com\/bby\/wp-json\/wp\/v2\/posts\/27855\/revisions"}],"predecessor-version":[{"id":27986,"href":"https:\/\/www.bbyhaber.com\/bby\/wp-json\/wp\/v2\/posts\/27855\/revisions\/27986"}],"wp:featuredmedia":[{"embeddable":true,"href":"https:\/\/www.bbyhaber.com\/bby\/wp-json\/wp\/v2\/media\/27857"}],"wp:attachment":[{"href":"https:\/\/www.bbyhaber.com\/bby\/wp-json\/wp\/v2\/media?parent=27855"}],"wp:term":[{"taxonomy":"category","embeddable":true,"href":"https:\/\/www.bbyhaber.com\/bby\/wp-json\/wp\/v2\/categories?post=27855"},{"taxonomy":"post_tag","embeddable":true,"href":"https:\/\/www.bbyhaber.com\/bby\/wp-json\/wp\/v2\/tags?post=27855"}],"curies":[{"name":"wp","href":"https:\/\/api.w.org\/{rel}","templated":true}]}}