{"id":27796,"date":"2019-12-21T13:45:07","date_gmt":"2019-12-21T10:45:07","guid":{"rendered":"http:\/\/www.bbyhaber.com\/bby\/?p=27796"},"modified":"2020-01-03T13:35:09","modified_gmt":"2020-01-03T10:35:09","slug":"hitit-universitesi-ogr-gor-ilani-son-basvuru-03-ocak-2020","status":"publish","type":"post","link":"https:\/\/www.bbyhaber.com\/bby\/2019\/12\/21\/hitit-universitesi-ogr-gor-ilani-son-basvuru-03-ocak-2020","title":{"rendered":"Hitit \u00dcniversitesi \u00d6\u011fr. G\u00f6r. \u0130lan\u0131 &#8211; Son Ba\u015fvuru &#8211; 03 Ocak 2020"},"content":{"rendered":"<p><a href=\"http:\/\/www.bbyhaber.com\/bby\/wp-content\/uploads\/2019\/12\/60df9fc781daa8aa35e9376c56ac1b70.jpg\"><img loading=\"lazy\" decoding=\"async\" class=\"alignleft wp-image-27798 size-thumbnail\" src=\"http:\/\/www.bbyhaber.com\/bby\/wp-content\/uploads\/2019\/12\/60df9fc781daa8aa35e9376c56ac1b70-150x150.jpg\" alt=\"\" width=\"150\" height=\"150\" srcset=\"https:\/\/www.bbyhaber.com\/bby\/wp-content\/uploads\/2019\/12\/60df9fc781daa8aa35e9376c56ac1b70-150x150.jpg 150w, https:\/\/www.bbyhaber.com\/bby\/wp-content\/uploads\/2019\/12\/60df9fc781daa8aa35e9376c56ac1b70.jpg 297w\" sizes=\"(max-width: 150px) 100vw, 150px\" \/><\/a>\u00dcniversitemizin a\u015fa\u011f\u0131da belirtilen birimlerine, 10.07.2018 tarihli Resmi Gazete\u2019de yay\u0131mlanan Genel Kadro ve Usul\u00fc Hakk\u0131nda 2 Say\u0131l\u0131 Cumhurba\u015fkanl\u0131\u011f\u0131 Kararnamesi, 2547 Say\u0131l\u0131 Kanunun ilgili maddeleri ve 09.11.2018 tarihli Resmi Gazete\u2019de yay\u0131mlanarak y\u00fcr\u00fcrl\u00fc\u011fe giren &#8220;\u00d6\u011fretim \u00dcyesi D\u0131\u015f\u0131ndaki \u00d6\u011fretim Eleman\u0131 Kadrolar\u0131na Yap\u0131lacak Atamalarda Uygulanacak Merkezi S\u0131nav ile Giri\u015f S\u0131navlar\u0131na \u0130li\u015fkin Usul ve Esaslar Hakk\u0131nda Y\u00f6netmelik&#8221;in ilgili maddelerine g\u00f6re \u00f6\u011fretim eleman\u0131 al\u0131nacakt\u0131r.<!--more--><\/p>\n<table style=\"color: #000000; font-family: Arial, Tahoma, Verdana; font-size: 15px; line-height: 18px;\" border=\"1\" width=\"344\" cellspacing=\"0\" cellpadding=\"0\">\n<colgroup>\n<col width=\"233\" \/>\n<col width=\"111\" \/> <\/colgroup>\n<tbody>\n<tr>\n<td width=\"233\" height=\"20\">Kadro Unvan<\/td>\n<td width=\"111\"><strong>\u00d6\u011eRET\u0130M G\u00d6REVL\u0130S\u0130<br \/>\n<\/strong><\/td>\n<\/tr>\n<tr>\n<td height=\"20\">ALES<\/td>\n<td><strong>70<\/strong><\/td>\n<\/tr>\n<tr>\n<td height=\"20\">YDS veya e\u015fde\u011feri<\/td>\n<td>50<\/td>\n<\/tr>\n<tr>\n<td height=\"20\">Kadro Say\u0131s\u0131<\/td>\n<td><span style=\"color: #ff0000;\"><strong>1<\/strong><\/span><\/td>\n<\/tr>\n<tr>\n<td height=\"20\">Kadro Derecesi<\/td>\n<td>7<\/td>\n<\/tr>\n<tr>\n<td height=\"20\"><\/td>\n<td><\/td>\n<\/tr>\n<tr>\n<td height=\"20\">\u015eartlar<\/td>\n<td><strong>\u00dcniversitemiz\u00a0\u00a0 K\u00fct\u00fcphane\u00a0\u00a0 ve\u00a0\u00a0 Dok\u00fcmantasyon\u00a0\u00a0 Daire\u00a0\u00a0 Ba\u015fkanl\u0131\u011f\u0131nda g\u00f6revlendirilmek\u00a0 \u00fczere\u00a0 K\u00fct\u00fcphanecilik\u00a0 veya\u00a0 Bilgi\u00a0 ve\u00a0 Belge\u00a0 Y\u00f6netimi Lisans\u00a0 mezunu\u00a0 olmak\u00a0 ve\u00a0 bu\u00a0 alanlar\u0131n\u00a0 birinde\u00a0 Tezli\u00a0 Y\u00fcksek\u00a0 Lisans<br \/>\nyapm\u0131\u015f olmak.<\/strong><\/td>\n<\/tr>\n<tr>\n<td height=\"20\"><strong style=\"color: #ff0000; font-family: Arial, Tahoma, Verdana; font-size: 15px; line-height: 18px;\">Son Ba\u015fvuru Tarihi<\/strong><\/td>\n<td>03 Ocak 2020<\/td>\n<\/tr>\n<tr>\n<td height=\"20\"><\/td>\n<td><\/td>\n<\/tr>\n<tr>\n<td height=\"20\"><\/td>\n<td><\/td>\n<\/tr>\n<tr>\n<td height=\"20\"><\/td>\n<td><\/td>\n<\/tr>\n<\/tbody>\n<\/table>\n<p><a href=\"http:\/\/personel.hitit.edu.tr\/Duyurular\/2019\/12\/20\/universitemiz-egitim-birimlerine-ogretim-elemani-alinacaktir\" target=\"_blank\" rel=\"noopener\"><span style=\"color: #0000ff;\"><strong><span style=\"color: #0000ff;\">Daha fazla bilgi ve belge i\u00e7in t\u0131klay\u0131n\u0131z<\/span><\/strong><\/span><\/a><\/p>\n","protected":false},"excerpt":{"rendered":"<p>\u00dcniversitemizin a\u015fa\u011f\u0131da belirtilen birimlerine, 10.07.2018 tarihli Resmi Gazete\u2019de yay\u0131mlanan Genel Kadro ve Usul\u00fc Hakk\u0131nda 2 Say\u0131l\u0131 Cumhurba\u015fkanl\u0131\u011f\u0131 Kararnamesi, 2547 Say\u0131l\u0131 Kanunun ilgili maddeleri ve 09.11.2018 tarihli Resmi Gazete\u2019de yay\u0131mlanarak y\u00fcr\u00fcrl\u00fc\u011fe giren &#8220;\u00d6\u011fretim \u00dcyesi D\u0131\u015f\u0131ndaki \u00d6\u011fretim Eleman\u0131 Kadrolar\u0131na Yap\u0131lacak Atamalarda Uygulanacak Merkezi S\u0131nav ile Giri\u015f S\u0131navlar\u0131na \u0130li\u015fkin Usul ve Esaslar Hakk\u0131nda Y\u00f6netmelik&#8221;in ilgili maddelerine g\u00f6re \u00f6\u011fretim [&hellip;]<\/p>\n","protected":false},"author":1,"featured_media":27798,"comment_status":"open","ping_status":"open","sticky":false,"template":"","format":"standard","meta":{"footnotes":""},"categories":[],"tags":[1393],"class_list":["post-27796","post","type-post","status-publish","format-standard","has-post-thumbnail","hentry","tag-bby-is-ilanlari-arsivi"],"_links":{"self":[{"href":"https:\/\/www.bbyhaber.com\/bby\/wp-json\/wp\/v2\/posts\/27796"}],"collection":[{"href":"https:\/\/www.bbyhaber.com\/bby\/wp-json\/wp\/v2\/posts"}],"about":[{"href":"https:\/\/www.bbyhaber.com\/bby\/wp-json\/wp\/v2\/types\/post"}],"author":[{"embeddable":true,"href":"https:\/\/www.bbyhaber.com\/bby\/wp-json\/wp\/v2\/users\/1"}],"replies":[{"embeddable":true,"href":"https:\/\/www.bbyhaber.com\/bby\/wp-json\/wp\/v2\/comments?post=27796"}],"version-history":[{"count":7,"href":"https:\/\/www.bbyhaber.com\/bby\/wp-json\/wp\/v2\/posts\/27796\/revisions"}],"predecessor-version":[{"id":27861,"href":"https:\/\/www.bbyhaber.com\/bby\/wp-json\/wp\/v2\/posts\/27796\/revisions\/27861"}],"wp:featuredmedia":[{"embeddable":true,"href":"https:\/\/www.bbyhaber.com\/bby\/wp-json\/wp\/v2\/media\/27798"}],"wp:attachment":[{"href":"https:\/\/www.bbyhaber.com\/bby\/wp-json\/wp\/v2\/media?parent=27796"}],"wp:term":[{"taxonomy":"category","embeddable":true,"href":"https:\/\/www.bbyhaber.com\/bby\/wp-json\/wp\/v2\/categories?post=27796"},{"taxonomy":"post_tag","embeddable":true,"href":"https:\/\/www.bbyhaber.com\/bby\/wp-json\/wp\/v2\/tags?post=27796"}],"curies":[{"name":"wp","href":"https:\/\/api.w.org\/{rel}","templated":true}]}}