{"id":2779,"date":"2012-02-27T19:42:01","date_gmt":"2012-02-27T19:42:01","guid":{"rendered":"http:\/\/www.bbyhaber.com\/bby\/?p=2779"},"modified":"2013-03-06T12:01:32","modified_gmt":"2013-03-06T10:01:32","slug":"tkd-baskani-thsde-yasanan-son-gelismelere-dair-aciklama-yapti","status":"publish","type":"post","link":"https:\/\/www.bbyhaber.com\/bby\/2012\/02\/27\/tkd-baskani-thsde-yasanan-son-gelismelere-dair-aciklama-yapti","title":{"rendered":"TKD Ba\u015fkan\u0131 THS&#8217;de ya\u015fanan son geli\u015fmelere dair a\u00e7\u0131klama yapt\u0131"},"content":{"rendered":"<p style=\"text-align: justify;\">T\u00fcrk K\u00fct\u00fcphaneciler Derne\u011fi (TKD) Ba\u015fkan\u0131 Ali Fuat KARTAL, Teknik Hizmetler S\u0131n\u0131f\u0131&#8217;nda (THS) ya\u015fanan son geli\u015fmelere dair a\u00e7\u0131klama yapt\u0131. \u0130lgili a\u00e7\u0131klama:<!--more--><\/p>\n<p style=\"text-align: justify;\">Bildi\u011finiz \u00fczere yan \u00f6deme kararnamesi yay\u0131mlanmad\u0131\u011f\u0131 i\u00e7in birtak\u0131m s\u0131k\u0131nt\u0131lar ya\u015fanmakta. Hatta baz\u0131 kurumlar bunu f\u0131rsat bilip, adeta k\u00fct\u00fcphaneci d\u00fc\u015fmanl\u0131\u011f\u0131 yaparcas\u0131na kanunen hak etti\u011fimiz hakk\u0131 elimizden alma \u00e7abas\u0131 i\u00e7erisine girdiler. Bu konuda hakk\u0131m\u0131z\u0131 al\u0131ncaya kadar her t\u00fcrl\u00fc platformda hak m\u00fccadelesine devam edece\u011fiz.<\/p>\n<p style=\"text-align: justify;\">Cumartesi K\u00fclt\u00fcr Sanat Sen\u2019den ve k\u00fct\u00fcphaneci arkada\u015flar\u0131m\u0131z\u0131n da kat\u0131ld\u0131\u011f\u0131 bir toplant\u0131 yapt\u0131k. Ge\u00e7en hafta maliye ile g\u00f6r\u00fc\u015fmemden de ald\u0131\u011f\u0131m bilgiler do\u011frultusunda, art\u0131k yap\u0131lacak olan Bakanlar Kurulu Karar\u0131 ile yeni bir Yan \u00d6deme Kararnamesinin \u00e7\u0131kmas\u0131n\u0131 sa\u011flamak, ayn\u0131 zamanda K\u00fclt\u00fcr Sanat Sen ile birlikte gerekli hukuki m\u00fccadeleye ba\u015flama karar\u0131 ald\u0131k ve g\u00f6r\u00fc\u015fmelere ba\u015flad\u0131k.<\/p>\n<p style=\"text-align: justify;\">Sayg\u0131lar\u0131mla.<\/p>\n<p style=\"text-align: justify;\">Ali Fuat KARTAL<\/p>\n<p style=\"text-align: justify;\">Genel Ba\u015fkan<\/p>\n","protected":false},"excerpt":{"rendered":"<p>T\u00fcrk K\u00fct\u00fcphaneciler Derne\u011fi (TKD) Ba\u015fkan\u0131 Ali Fuat KARTAL, Teknik Hizmetler S\u0131n\u0131f\u0131&#8217;nda (THS) ya\u015fanan son geli\u015fmelere dair a\u00e7\u0131klama yapt\u0131. \u0130lgili a\u00e7\u0131klama:<\/p>\n","protected":false},"author":1,"featured_media":0,"comment_status":"open","ping_status":"open","sticky":false,"template":"","format":"standard","meta":{"footnotes":""},"categories":[1474,1505],"tags":[1398,51,50],"class_list":["post-2779","post","type-post","status-publish","format-standard","hentry","category-ali-fuat-kartal","category-teknik-kadro","tag-bby-ozluk-haklari","tag-teknik-kadro-kutuphaneci","tag-ths-kutuphaneci"],"_links":{"self":[{"href":"https:\/\/www.bbyhaber.com\/bby\/wp-json\/wp\/v2\/posts\/2779"}],"collection":[{"href":"https:\/\/www.bbyhaber.com\/bby\/wp-json\/wp\/v2\/posts"}],"about":[{"href":"https:\/\/www.bbyhaber.com\/bby\/wp-json\/wp\/v2\/types\/post"}],"author":[{"embeddable":true,"href":"https:\/\/www.bbyhaber.com\/bby\/wp-json\/wp\/v2\/users\/1"}],"replies":[{"embeddable":true,"href":"https:\/\/www.bbyhaber.com\/bby\/wp-json\/wp\/v2\/comments?post=2779"}],"version-history":[{"count":0,"href":"https:\/\/www.bbyhaber.com\/bby\/wp-json\/wp\/v2\/posts\/2779\/revisions"}],"wp:attachment":[{"href":"https:\/\/www.bbyhaber.com\/bby\/wp-json\/wp\/v2\/media?parent=2779"}],"wp:term":[{"taxonomy":"category","embeddable":true,"href":"https:\/\/www.bbyhaber.com\/bby\/wp-json\/wp\/v2\/categories?post=2779"},{"taxonomy":"post_tag","embeddable":true,"href":"https:\/\/www.bbyhaber.com\/bby\/wp-json\/wp\/v2\/tags?post=2779"}],"curies":[{"name":"wp","href":"https:\/\/api.w.org\/{rel}","templated":true}]}}