{"id":27781,"date":"2019-12-19T08:41:42","date_gmt":"2019-12-19T05:41:42","guid":{"rendered":"http:\/\/www.bbyhaber.com\/bby\/?p=27781"},"modified":"2020-01-05T17:33:01","modified_gmt":"2020-01-05T14:33:01","slug":"jandarma-genel-komutanligi-sozlesmeli-kutuphaneci-ilani-son-basvuru-05-ocak-2020","status":"publish","type":"post","link":"https:\/\/www.bbyhaber.com\/bby\/2019\/12\/19\/jandarma-genel-komutanligi-sozlesmeli-kutuphaneci-ilani-son-basvuru-05-ocak-2020","title":{"rendered":"Jandarma Genel Komutanl\u0131\u011f\u0131 S\u00f6zle\u015fmeli K\u00fct\u00fcphaneci \u0130lan\u0131-Son Ba\u015fvuru-05 Ocak 2020"},"content":{"rendered":"<p><a href=\"http:\/\/www.bbyhaber.com\/bby\/wp-content\/uploads\/2019\/12\/jandarma-genel-komutanligi.jpg\"><img loading=\"lazy\" decoding=\"async\" class=\"alignleft size-full wp-image-27782\" src=\"http:\/\/www.bbyhaber.com\/bby\/wp-content\/uploads\/2019\/12\/jandarma-genel-komutanligi.jpg\" alt=\"\" width=\"390\" height=\"180\" \/><\/a><strong>Jandarma Genel Komutanl\u0131\u011f\u0131<\/strong> karargah\u0131 ile ba\u011fl\u0131 birlik ve kurumlar\u0131n\u0131n ihtiyac\u0131 i\u00e7in a\u015fa\u011f\u0131da unvanlar\u0131 yaz\u0131l\u0131 s\u00f6zle\u015fmeli personel kadrolar\u0131na &#8220;S\u00f6zle\u015fmeli Personel \u00c7al\u0131\u015ft\u0131r\u0131lmas\u0131na \u0130li\u015fkin Esaslar&#8221; h\u00fck\u00fcmleri do\u011frultusunda 657 say\u0131l\u0131 Devlet Memurlar\u0131 Kanunu\u2019nun 4\u2019\u00fcnc\u00fc maddesinin B f\u0131kras\u0131 uyar\u0131nca (94) s\u00f6zle\u015fmeli personel al\u0131nacakt\u0131r.\u00a0<!--more--><\/p>\n<p>Yukar\u0131daki bilgi do\u011frultusunda alan\u0131m\u0131za\u00a0<strong><span style=\"color: #ff0000;\">1 ki\u015filik<\/span><\/strong> <strong>S\u00f6zle\u015fmeli K\u00fct\u00fcphaneci<\/strong> kadrosu a\u00e7\u0131lm\u0131\u015ft\u0131r. Detayl\u0131 bilgi a\u015fa\u011f\u0131daki gibidir:<\/p>\n<p><span style=\"color: #ff0000;\"><strong>K\u00fct\u00fcphaneci&#8211;&gt; Bursa (1)&#8211;&gt; 2018 KPSS KPSSP3 (En Az 60 Puan)&#8211;&gt;K\u00fct\u00fcphanecilik Lisans Program\u0131ndan Mezun Olmak.<\/strong><\/span><\/p>\n<ul>\n<li><span style=\"color: #ff0000;\"><strong>BA\u015eVURU \u0130\u015eLEMLER\u0130N\u0130N \u0130NTERNET ORTAMINDA ALINMASI:<\/strong><\/span>\u00a0<strong>20 ARALIK 2019 \u2013 05 OCAK 2020<\/strong><\/li>\n<li><strong><span style=\"color: #ff0000;\">Ba\u015fvuru Adresi:<\/span><\/strong>\u00a0<a href=\"https:\/\/vatandas.jandarma.gov.tr\/PTM\/Giris\" target=\"_blank\" rel=\"noopener\">https:\/\/vatandas.jandarma.gov.tr\/PTM\/Giris<\/a><\/li>\n<li><span style=\"color: #ff0000;\"><strong>UYGULAMALI MESLEK B\u0130LG\u0130S\u0130 VE\/VEYA M\u00dcLAKAT SINAVI:<\/strong><\/span> \u015eUBAT AYINDA YAPILACAKTIR.<\/li>\n<\/ul>\n<p><a href=\"https:\/\/www.jandarma.gov.tr\/kurumlar\/jandarma.gov.tr\/Duyurular\/guncel\/2019-Yili-Aciktan-Sozlesmeli-Personel-Temini-Ilan-Metni.pdf\" target=\"_blank\" rel=\"noopener\"><strong>Daha fazla bilgi ve belge i\u00e7in t\u0131klay\u0131n\u0131z<\/strong><\/a><\/p>\n","protected":false},"excerpt":{"rendered":"<p>Jandarma Genel Komutanl\u0131\u011f\u0131 karargah\u0131 ile ba\u011fl\u0131 birlik ve kurumlar\u0131n\u0131n ihtiyac\u0131 i\u00e7in a\u015fa\u011f\u0131da unvanlar\u0131 yaz\u0131l\u0131 s\u00f6zle\u015fmeli personel kadrolar\u0131na &#8220;S\u00f6zle\u015fmeli Personel \u00c7al\u0131\u015ft\u0131r\u0131lmas\u0131na \u0130li\u015fkin Esaslar&#8221; h\u00fck\u00fcmleri do\u011frultusunda 657 say\u0131l\u0131 Devlet Memurlar\u0131 Kanunu\u2019nun 4\u2019\u00fcnc\u00fc maddesinin B f\u0131kras\u0131 uyar\u0131nca (94) s\u00f6zle\u015fmeli personel al\u0131nacakt\u0131r.\u00a0<\/p>\n","protected":false},"author":1,"featured_media":27782,"comment_status":"open","ping_status":"open","sticky":false,"template":"","format":"standard","meta":{"footnotes":""},"categories":[1604],"tags":[1393],"class_list":["post-27781","post","type-post","status-publish","format-standard","has-post-thumbnail","hentry","category-sozlesmeli-kutuphaneci","tag-bby-is-ilanlari-arsivi"],"_links":{"self":[{"href":"https:\/\/www.bbyhaber.com\/bby\/wp-json\/wp\/v2\/posts\/27781"}],"collection":[{"href":"https:\/\/www.bbyhaber.com\/bby\/wp-json\/wp\/v2\/posts"}],"about":[{"href":"https:\/\/www.bbyhaber.com\/bby\/wp-json\/wp\/v2\/types\/post"}],"author":[{"embeddable":true,"href":"https:\/\/www.bbyhaber.com\/bby\/wp-json\/wp\/v2\/users\/1"}],"replies":[{"embeddable":true,"href":"https:\/\/www.bbyhaber.com\/bby\/wp-json\/wp\/v2\/comments?post=27781"}],"version-history":[{"count":3,"href":"https:\/\/www.bbyhaber.com\/bby\/wp-json\/wp\/v2\/posts\/27781\/revisions"}],"predecessor-version":[{"id":27785,"href":"https:\/\/www.bbyhaber.com\/bby\/wp-json\/wp\/v2\/posts\/27781\/revisions\/27785"}],"wp:featuredmedia":[{"embeddable":true,"href":"https:\/\/www.bbyhaber.com\/bby\/wp-json\/wp\/v2\/media\/27782"}],"wp:attachment":[{"href":"https:\/\/www.bbyhaber.com\/bby\/wp-json\/wp\/v2\/media?parent=27781"}],"wp:term":[{"taxonomy":"category","embeddable":true,"href":"https:\/\/www.bbyhaber.com\/bby\/wp-json\/wp\/v2\/categories?post=27781"},{"taxonomy":"post_tag","embeddable":true,"href":"https:\/\/www.bbyhaber.com\/bby\/wp-json\/wp\/v2\/tags?post=27781"}],"curies":[{"name":"wp","href":"https:\/\/api.w.org\/{rel}","templated":true}]}}