{"id":27779,"date":"2019-12-18T14:51:26","date_gmt":"2019-12-18T11:51:26","guid":{"rendered":"http:\/\/www.bbyhaber.com\/bby\/?p=27779"},"modified":"2019-12-30T17:46:12","modified_gmt":"2019-12-30T14:46:12","slug":"istanbul-medeniyet-universitesi-aras-gor-ilani-son-basvuru-30-aralik-2019","status":"publish","type":"post","link":"https:\/\/www.bbyhaber.com\/bby\/2019\/12\/18\/istanbul-medeniyet-universitesi-aras-gor-ilani-son-basvuru-30-aralik-2019","title":{"rendered":"\u0130stanbul Medeniyet \u00dcniversitesi Ara\u015f. G\u00f6r. \u0130lan\u0131-Son Ba\u015fvuru-30 Aral\u0131k 2019"},"content":{"rendered":"<p><a href=\"http:\/\/www.bbyhaber.com\/bby\/wp-content\/uploads\/2017\/01\/istanbul-medeniyet.png\"><img loading=\"lazy\" decoding=\"async\" class=\"alignleft wp-image-20771 \" src=\"http:\/\/www.bbyhaber.com\/bby\/wp-content\/uploads\/2017\/01\/istanbul-medeniyet.png\" alt=\"\" width=\"248\" height=\"248\" srcset=\"https:\/\/www.bbyhaber.com\/bby\/wp-content\/uploads\/2017\/01\/istanbul-medeniyet.png 300w, https:\/\/www.bbyhaber.com\/bby\/wp-content\/uploads\/2017\/01\/istanbul-medeniyet-150x150.png 150w\" sizes=\"(max-width: 248px) 100vw, 248px\" \/><\/a>\u00dcniversitemiz M\u00fchendislik ve Do\u011fa Bilimleri, Di\u015f Hekimli\u011fi, Turizm, Edebiyat ve Siyasal Bilgiler Fak\u00fcltelerine 2547 say\u0131l\u0131 Kanun ile \u201c\u00d6\u011fretim \u00dcyesi D\u0131\u015f\u0131ndaki \u00d6\u011fretim Eleman\u0131 Kadrolar\u0131na Yap\u0131lacak Atamalarda Uygulanacak Merkezi S\u0131nav \u0130le Giri\u015f S\u0131navlar\u0131na \u0130li\u015fkin Usul ve Esaslar Hakk\u0131nda Y\u00f6netmelik\u201din ilgili maddeleri uyar\u0131nca \u00d6\u011fretim G\u00f6revlisi ve Ara\u015ft\u0131rma G\u00f6revlisi al\u0131nacakt\u0131r.<!--more--><\/p>\n<table style=\"height: 177px;\" border=\"1\" width=\"390\">\n<tbody>\n<tr>\n<td>FAK\u00dcLTE\/<\/p>\n<p>B\u00d6L\u00dcM\/<\/p>\n<p>ANAB\u0130L\u0130M DALI<\/td>\n<td>UNVAN<\/td>\n<td>KAD. DER.<\/td>\n<td>ADET<\/td>\n<td>ARANILAN N\u0130TEL\u0130KLER<\/td>\n<\/tr>\n<tr>\n<td>Edebiyat\/<\/p>\n<p>Bilgi ve<br \/>\nBelge<br \/>\nY\u00f6netimi<\/td>\n<td><strong>Ara\u015f.<\/strong><\/p>\n<p><strong>G\u00f6r.<\/strong><\/td>\n<td>5<\/td>\n<td><span style=\"color: #ff0000;\"><strong>1<\/strong><\/span><\/td>\n<td>Bilgi ve Belge Y\u00f6netimi b\u00f6l\u00fcm\u00fc lisans mezunu<br \/>\nolmak <span style=\"color: #ff0000;\"><strong>ve<\/strong><\/span> <strong>bu alanda doktora yap\u0131yor olmak.<\/strong><\/td>\n<\/tr>\n<\/tbody>\n<\/table>\n<p><span style=\"color: #ff0000;\"><b><a href=\"https:\/\/personel.medeniyet.edu.tr\/tr\/duyurular\/15122019-tarihli-akademik-ilan?fbclid=IwAR3o78UUJd-O8Mr-qzRS_uJ7RqhLUjZxjI2xxRzTEpbtLMYfyf5VvAP_OIs\" target=\"_blank\" rel=\"noopener\"><strong>Daha fazla bilgi ve belge i\u00e7in t\u0131klay\u0131n\u0131z<\/strong><\/a><\/b><\/span><\/p>\n<p><span style=\"color: #ff0000;\"><strong>BA\u015eVURU ADRES\u0130<\/strong><\/span><\/p>\n<p><strong>Edebiyat Fak\u00fcltesi:<\/strong><\/p>\n<p>G\u00fcney Kamp\u00fcs\u00fc<\/p>\n<p>Dumlup\u0131nar\u00a0Mahallesi D-100 Karayolu No:98<\/p>\n<p>Kad\u0131k\u00f6y\/\u0130STANBUL<\/p>\n<p><strong>Not:<\/strong>\u00a0\u00d6n de\u011ferlendirme sonucu, giri\u015f s\u0131nav\u0131 ve s\u0131nav sonu\u00e7 ilan tarihlerini i\u00e7eren takvim ilan\u0131m\u0131z yay\u0131mland\u0131ktan sonra\u00a0<a href=\"https:\/\/www.medeniyet.edu.tr\/tr\/duyurular\" target=\"_blank\" rel=\"noopener\">https:\/\/www.medeniyet.edu.tr\/tr\/duyurular<\/a>\u00a0adresinde ve ilgili fak\u00fcltelerin web adreslerinde duyurulacakt\u0131r.<\/p>\n<p>Ba\u015fvurular ilgili fak\u00fcltelere \u015fahsen\u00a0<strong>veya<\/strong>\u00a0posta yolu ile yap\u0131lacakt\u0131r.<\/p>\n<p>Postada meydana gelen gecikme nedeniyle ilanda belirtilen s\u00fcre i\u00e7erisinde yap\u0131lamayan ba\u015fvurular dikkate al\u0131nmayacakt\u0131r.<\/p>\n","protected":false},"excerpt":{"rendered":"<p>\u00dcniversitemiz M\u00fchendislik ve Do\u011fa Bilimleri, Di\u015f Hekimli\u011fi, Turizm, Edebiyat ve Siyasal Bilgiler Fak\u00fcltelerine 2547 say\u0131l\u0131 Kanun ile \u201c\u00d6\u011fretim \u00dcyesi D\u0131\u015f\u0131ndaki \u00d6\u011fretim Eleman\u0131 Kadrolar\u0131na Yap\u0131lacak Atamalarda Uygulanacak Merkezi S\u0131nav \u0130le Giri\u015f S\u0131navlar\u0131na \u0130li\u015fkin Usul ve Esaslar Hakk\u0131nda Y\u00f6netmelik\u201din ilgili maddeleri uyar\u0131nca \u00d6\u011fretim G\u00f6revlisi ve Ara\u015ft\u0131rma G\u00f6revlisi al\u0131nacakt\u0131r.<\/p>\n","protected":false},"author":1,"featured_media":20771,"comment_status":"open","ping_status":"open","sticky":false,"template":"","format":"standard","meta":{"footnotes":""},"categories":[],"tags":[1393],"class_list":["post-27779","post","type-post","status-publish","format-standard","has-post-thumbnail","hentry","tag-bby-is-ilanlari-arsivi"],"_links":{"self":[{"href":"https:\/\/www.bbyhaber.com\/bby\/wp-json\/wp\/v2\/posts\/27779"}],"collection":[{"href":"https:\/\/www.bbyhaber.com\/bby\/wp-json\/wp\/v2\/posts"}],"about":[{"href":"https:\/\/www.bbyhaber.com\/bby\/wp-json\/wp\/v2\/types\/post"}],"author":[{"embeddable":true,"href":"https:\/\/www.bbyhaber.com\/bby\/wp-json\/wp\/v2\/users\/1"}],"replies":[{"embeddable":true,"href":"https:\/\/www.bbyhaber.com\/bby\/wp-json\/wp\/v2\/comments?post=27779"}],"version-history":[{"count":1,"href":"https:\/\/www.bbyhaber.com\/bby\/wp-json\/wp\/v2\/posts\/27779\/revisions"}],"predecessor-version":[{"id":27780,"href":"https:\/\/www.bbyhaber.com\/bby\/wp-json\/wp\/v2\/posts\/27779\/revisions\/27780"}],"wp:featuredmedia":[{"embeddable":true,"href":"https:\/\/www.bbyhaber.com\/bby\/wp-json\/wp\/v2\/media\/20771"}],"wp:attachment":[{"href":"https:\/\/www.bbyhaber.com\/bby\/wp-json\/wp\/v2\/media?parent=27779"}],"wp:term":[{"taxonomy":"category","embeddable":true,"href":"https:\/\/www.bbyhaber.com\/bby\/wp-json\/wp\/v2\/categories?post=27779"},{"taxonomy":"post_tag","embeddable":true,"href":"https:\/\/www.bbyhaber.com\/bby\/wp-json\/wp\/v2\/tags?post=27779"}],"curies":[{"name":"wp","href":"https:\/\/api.w.org\/{rel}","templated":true}]}}