{"id":27739,"date":"2019-12-11T20:27:48","date_gmt":"2019-12-11T17:27:48","guid":{"rendered":"http:\/\/www.bbyhaber.com\/bby\/?p=27739"},"modified":"2019-12-12T08:43:27","modified_gmt":"2019-12-12T05:43:27","slug":"2020-icin-geri-sayim-baslamisken-kutuphanecilere-oneriler","status":"publish","type":"post","link":"https:\/\/www.bbyhaber.com\/bby\/2019\/12\/11\/2020-icin-geri-sayim-baslamisken-kutuphanecilere-oneriler","title":{"rendered":"2020 \u0130\u00e7in Geri Say\u0131m Ba\u015flam\u0131\u015fken K\u00fct\u00fcphanecilere \u00d6neriler&#8230;"},"content":{"rendered":"<p style=\"text-align: left;\"><a href=\"https:\/\/www.bbyhaber.com\/bby\/author\/merveyavuzdemir\" target=\"_blank\" rel=\"noopener\"><img loading=\"lazy\" decoding=\"async\" class=\"alignleft wp-image-27718\" src=\"http:\/\/www.bbyhaber.com\/bby\/wp-content\/uploads\/2019\/12\/merveydemir-300x300.jpg\" alt=\"\" width=\"117\" height=\"117\" srcset=\"https:\/\/www.bbyhaber.com\/bby\/wp-content\/uploads\/2019\/12\/merveydemir-300x300.jpg 300w, https:\/\/www.bbyhaber.com\/bby\/wp-content\/uploads\/2019\/12\/merveydemir-150x150.jpg 150w, https:\/\/www.bbyhaber.com\/bby\/wp-content\/uploads\/2019\/12\/merveydemir.jpg 511w\" sizes=\"(max-width: 117px) 100vw, 117px\" \/><\/a><\/p>\n<p style=\"text-align: left;\">Merve Yavuzdemir<br \/>\n<strong>T.C. K\u00fclt\u00fcr ve Turizm Bakanl\u0131\u011f\u0131<br \/>\n<\/strong><strong>K\u00fct\u00fcphaneler ve Yay\u0131mlar Genel M\u00fcd\u00fcrl\u00fc\u011f\u00fc<br \/>\n<\/strong><strong>D\u0131\u015f \u0130li\u015fkiler \u015eube M\u00fcd\u00fcr\u00fc Y.<\/strong><\/p>\n<p>&nbsp;<\/p>\n<hr \/>\n<p><img loading=\"lazy\" decoding=\"async\" class=\"alignleft wp-image-27740\" src=\"http:\/\/www.bbyhaber.com\/bby\/wp-content\/uploads\/2019\/12\/WhatsApp-Image-2019-12-11-at-19.53.35-1024x1024.jpeg\" alt=\"\" width=\"372\" height=\"372\" srcset=\"https:\/\/www.bbyhaber.com\/bby\/wp-content\/uploads\/2019\/12\/WhatsApp-Image-2019-12-11-at-19.53.35-1024x1024.jpeg 1024w, https:\/\/www.bbyhaber.com\/bby\/wp-content\/uploads\/2019\/12\/WhatsApp-Image-2019-12-11-at-19.53.35-150x150.jpeg 150w, https:\/\/www.bbyhaber.com\/bby\/wp-content\/uploads\/2019\/12\/WhatsApp-Image-2019-12-11-at-19.53.35-300x300.jpeg 300w, https:\/\/www.bbyhaber.com\/bby\/wp-content\/uploads\/2019\/12\/WhatsApp-Image-2019-12-11-at-19.53.35-768x768.jpeg 768w, https:\/\/www.bbyhaber.com\/bby\/wp-content\/uploads\/2019\/12\/WhatsApp-Image-2019-12-11-at-19.53.35.jpeg 1080w\" sizes=\"(max-width: 372px) 100vw, 372px\" \/>Google Trend ile T\u00fcrkiye\u2019de anl\u0131k olarak Google Arama Motoru \u00fczerinden arananlar\u0131 takip edebilirsiniz.<\/p>\n<p>Bug\u00fcn belirli aral\u0131klarla yap\u0131lan aramalar\u0131 izledim. Genelde futbol, diziler, hava durumu ve bug\u00fcne \u00f6zel deprem konular\u0131nda aramalar\u0131n yap\u0131ld\u0131\u011f\u0131n\u0131 g\u00f6rd\u00fcm.<!--more--><\/p>\n<p>(<a href=\"https:\/\/trends.google.com\/trends\/hottrends\/visualize?pn=p24&amp;nrow=5&amp;ncol=5\" target=\"_blank\" rel=\"noopener\">https:\/\/trends.google.com\/trends\/hottrends\/visualize?pn=p24&amp;nrow=5&amp;ncol=5<\/a>)<\/p>\n<p>Bir g\u00fcnl\u00fck bir g\u00f6zlem muhakkak ki genellenemez, ancak bunun gibi bir\u00e7ok g\u00f6zlemi g\u00fcnl\u00fck hayat\u0131m\u0131zda da yapt\u0131\u011f\u0131m\u0131zda sonu\u00e7lar\u0131n \u00e7ok farkl\u0131 olmayaca\u011f\u0131n\u0131 s\u00f6ylemek yanl\u0131\u015f olmaz. Bu konu \u00fczerinde ayr\u0131ca \u00e7al\u0131\u015f\u0131lmas\u0131 laz\u0131m \u015fimdilik burada b\u0131rakal\u0131m.<\/p>\n<p>K\u00fct\u00fcphanelerin, toplumu yeti\u015ftiren \u00e7ok k\u0131ymetli bir kamu hizmeti oldu\u011fundan bahsediyor ve bunu her platformda savunuyoruz. Ulusal kalk\u0131nmada k\u00fct\u00fcphanelerin ve k\u00fct\u00fcphanecilerin \u00f6neminin her f\u0131rsatta alt\u0131n\u0131 \u00e7iziyoruz.<\/p>\n<p>Bir y\u0131l biterken ve yeni ba\u015flang\u0131\u00e7lara haz\u0131rlan\u0131rken BBY \u00f6\u011frencilerine ve mesle\u011fe yeni ba\u015flayan\/ba\u015flayacak k\u00fct\u00fcphanecilere na\u00e7izane 5 \u00f6nerimi payla\u015fmak istiyorum:<\/p>\n<p><strong>2019 Y\u0131l\u0131 De\u011ferlendirmesi<\/strong><\/p>\n<ul>\n<li>2019 y\u0131l\u0131nda gerek mesle\u011finiz gerekse hizmet verdi\u011finiz\/verece\u011finiz hedef kitlenizi ilgilendiren hangi etkinlikler yap\u0131ld\u0131?<\/li>\n<li>Mevzuatlar, stratejiler, kalk\u0131nma planlar\u0131, yat\u0131r\u0131mlar k\u00fct\u00fcphanecilik ve ilgili alanlarda nas\u0131l \u015fekillendi?<\/li>\n<li>2019 y\u0131l\u0131na damgas\u0131n\u0131 vuran konular hangisi?<\/li>\n<li>2020 y\u0131l\u0131ndan beklentiler ve hali haz\u0131rda var olan politikalar\/hedefler neler?<\/li>\n<li>AnkosLink, Uluslararas\u0131 \u00c7ocuk K\u00fct\u00fcphaneleri Sempozyumu, \u00dcNAK, TeknoFest, Sosyal Fayda Zirvesi, Kitap Fuarlar\u0131\u2026 vb.<\/li>\n<\/ul>\n<p>T\u00fcm bu sorular\u0131n cevab\u0131 ve daha fazlas\u0131 i\u00e7in ara\u015ft\u0131rmalar\u0131n\u0131z\u0131 yap\u0131n, sonu\u00e7 raporlar\u0131, g\u00fcndem maddeleri, stratejileri inceleyin ve kendi ar\u015fivinize kaydedin.<\/p>\n<ul>\n<li><strong>2020 Y\u0131l\u0131 Organizasyonlar\u0131<\/strong><\/li>\n<\/ul>\n<p>\u0130lber Ortayl\u0131 \u201cBir \u00d6m\u00fcr Nas\u0131l Ya\u015fan\u0131r?\u201d kitab\u0131nda 12-25 ya\u015f\u0131 temel atma, 25-40 ya\u015f\u0131 hayata kar\u0131\u015fma, s\u00f6z s\u00f6yleme ve 40-55 aras\u0131 ya\u015f\u0131 olgunluk otorite olarak tan\u0131mlam\u0131\u015f, 25-40 aras\u0131nda ki\u015finin eser vermesi gereken d\u00f6nem oldu\u011funun alt\u0131n\u0131 \u00e7izmi\u015ftir.<\/p>\n<p>\u00d6yleyse sen de mesle\u011fini en iyi temsil edecek \u00e7al\u0131\u015fmalar\u0131 yapmak i\u00e7in her f\u0131rsat\u0131 de\u011ferlendirmelisin.<\/p>\n<p>Ulusal ve uluslararas\u0131 \u00e7al\u0131\u015fmalar\u0131 inceleyerek i\u015fe ba\u015flayabilirsin.<\/p>\n<p>Belki poster, belki bildiri, belki makale ya da g\u00f6n\u00fcll\u00fc olabilirsin (<a href=\"https:\/\/2020.ifla.org\/call-for-volunteers\/\" target=\"_blank\" rel=\"noopener\">https:\/\/2020.ifla.org\/call-for-volunteers\/<\/a>) belki sadece kat\u0131l\u0131mc\u0131, izleyici olabilirsin.<\/p>\n<p>Muhakkak kendine y\u0131ll\u0131k kat\u0131lmak istedi\u011fin programlar\u0131n yer ald\u0131\u011f\u0131 bir plan yapmay\u0131 unutma.<\/p>\n<ul>\n<li><strong>Gelecek Neler Getirecek<\/strong><\/li>\n<\/ul>\n<p>\u201c5 y\u0131l sonra olaca\u011f\u0131n ki\u015fi okudu\u011fun kitaplar\u0131n ve yan\u0131nda bulundu\u011fun insanlar\u0131n do\u011frultusunda \u015fekillenecek.\u201d s\u00f6z\u00fc son zamanlarda sosyal medyada s\u0131k\u00e7a kar\u015f\u0131m\u0131za \u00e7\u0131kar oldu.<\/p>\n<p>Zaman de\u011ferli! Unutma ki \u201c\u015eans, f\u0131rsatlar \u00f6n\u00fcne \u00e7\u0131kt\u0131\u011f\u0131nda ne kadar haz\u0131r oldu\u011fun ile ilgili\u201d. Bu nedenle okumalar\u0131n\u0131 hedeflerin ile ili\u015fkilendirerek s\u00fcrd\u00fcrmende fayda var.<\/p>\n<p>\u00d6zellikle \u201cde\u011fi\u015fen-d\u00f6n\u00fc\u015fen d\u00fcnyada\u201d sadece kendi alan\u0131nla s\u0131n\u0131rl\u0131 kalmay\u0131p okuma listende \u00e7ok y\u00f6nl\u00fc geli\u015fimini ve vizyonunu destekleyecek kitaplara da yer verebilirsin.<\/p>\n<p>Benim \u00f6nerilerim:<\/p>\n<ul>\n<li>Bir \u00d6m\u00fcr Nas\u0131l Ya\u015fan\u0131r? \u0130. Ortayl\u0131<\/li>\n<li>T-\u0130nsan, U.Tarhan<\/li>\n<li>Ad\u0131m Ad\u0131m \u0130novasyon, B.\u00d6zkent<\/li>\n<li>Torpil De\u011fil Networking, \u0130. T\u00fcrkmeno\u011flu, I. Taysever<\/li>\n<\/ul>\n<p>&nbsp;<\/p>\n<p><strong>S\u00fcrd\u00fcr\u00fclebilir Kalk\u0131nma Ama\u00e7lar\u0131<\/strong><\/p>\n<p>Birle\u015fmi\u015f Milletler 2030 G\u00fcndemi sadece kurumlar\u0131 ya da \u201cilgili uzmanl\u0131klar\u0131\u201d ba\u011flayan bir belge de\u011fildir.<\/p>\n<p>\u201cKimse geride kalmayacak!\u201d s\u00f6ylemi ile belirlenmi\u015f 17 kalk\u0131nma amac\u0131 her bir bireyin sorumlulu\u011fundad\u0131r.<\/p>\n<p>K\u00fct\u00fcphaneci olarak bu konuda yap\u0131lm\u0131\u015f \u00e7al\u0131\u015fmalar\u0131 inceleyebilir, kendi hedef kitlen ve imk\u00e2nlar\u0131n ile neler yapabilece\u011fini d\u00fc\u015f\u00fcnebilirsin. <a href=\"https:\/\/librarymap.ifla.org\/stories\" target=\"_blank\" rel=\"noopener\">https:\/\/librarymap.ifla.org\/stories<\/a><\/p>\n<p>K\u00fcresel hedefler i\u00e7in yerel \u00e7al\u0131\u015fmalar\u0131n \u00f6nemini k\u00fc\u00e7\u00fcmsememelisin.<\/p>\n<p><a href=\"https:\/\/www.ifla.org\/\" target=\"_blank\" rel=\"noopener\">IFLA<\/a> ve <a href=\"http:\/\/www.eblida.org\/\" target=\"_blank\" rel=\"noopener\">EBLIDA<\/a>&#8216;n\u0131n \u00f6ncelikli g\u00fcndeminde olan s\u00fcrd\u00fcr\u00fclebilir kalk\u0131nma ama\u00e7lar\u0131 ve k\u00fct\u00fcphaneler konusunda ilham almak i\u00e7in a\u015fa\u011f\u0131daki ba\u011flant\u0131lar\u0131 kullanabilirsin:<\/p>\n<p><a href=\"https:\/\/www.biblio2030.de\/beispielsammlung\/\" target=\"_blank\" rel=\"noopener\">https:\/\/www.biblio2030.de\/beispielsammlung\/<\/a><\/p>\n<p><a href=\"https:\/\/www.youtube.com\/user\/iflahq\/videos\" target=\"_blank\" rel=\"noopener\">https:\/\/www.youtube.com\/user\/iflahq\/videos<\/a><\/p>\n<p><a href=\"https:\/\/www.ifla.org\/files\/assets\/hq\/topics\/libraries-development\/documents\/sdg-storytelling-manual.pdf\" target=\"_blank\" rel=\"noopener\">https:\/\/www.ifla.org\/files\/assets\/hq\/topics\/libraries-development\/documents\/sdg-storytelling-manual.pdf<\/a><\/p>\n<ul>\n<li><strong>Mesleki A\u011f \u00d6nemlidir!<\/strong><\/li>\n<\/ul>\n<p>Hi\u00e7 gecikmeden bir LinkedIn hesab\u0131 olu\u015fturman\u0131 ve t\u00fcm \u00e7al\u0131\u015fmalar\u0131n\u0131 buraya d\u00fczenli aral\u0131klarla eklemeni tavsiye ederim.<\/p>\n<p>Ayr\u0131ca k\u00fct\u00fcphanecilik alan\u0131nda sana ilham olabilecek bir\u00e7ok ki\u015fiyi ya da firmay\u0131\/kurumu\/kurulu\u015fu takip edebilirsin.<\/p>\n<p>Linkedin do\u011fru kullan\u0131ld\u0131\u011f\u0131nda \u00e7ok \u00f6\u011fretici olabilir.<\/p>\n<p>Ayr\u0131ca kurdu\u011fun networklerin ideallerin ve \u00e7al\u0131\u015fmalar\u0131n i\u00e7in ne kadar faydal\u0131 olabilece\u011fine inanamayacaks\u0131n.<\/p>\n<ul>\n<li><strong>Adaptasyonun<\/strong><\/li>\n<\/ul>\n<p>\u201cBen sadece bu mesle\u011fi yapar\u0131m\u201d s\u0131n\u0131rlar\u0131n varsa 2020 ile ilk f\u0131rsatta bu s\u0131n\u0131rlardan kurtulmal\u0131s\u0131n.<\/p>\n<p>Teknoloji \u00e7a\u011f\u0131nday\u0131z ve her g\u00fcn daha yenisine adapte olmak art\u0131k tercihimiz de\u011fil zorunlulu\u011fumuz.<\/p>\n<p>Toplumu \u00e7ok y\u00f6nl\u00fc besleyen kamu kurumlar\u0131 olarak k\u00fct\u00fcphanelerin yenilikleri takip etme, sosyo-k\u00fclt\u00fcrel de\u011fi\u015fimlerde pozisyon alma, toplumsal konularda s\u00f6z sahibi olma, daha iyisi i\u00e7in politika geli\u015ftirme g\u00f6revi vard\u0131r, olmal\u0131d\u0131r.<\/p>\n<p>Bu nedenle, kendini buldu\u011fun her f\u0131rsatta geli\u015ftirmelisin demeyece\u011fim. Kendini geli\u015ftirmek i\u00e7in f\u0131rsat yaratmal\u0131, u\u011fra\u015fmal\u0131, \u00e7ok \u00e7al\u0131\u015fmal\u0131s\u0131n.<\/p>\n<ul>\n<li><strong>Motivasyon<\/strong><\/li>\n<\/ul>\n<p>2020 yeni ba\u015flang\u0131\u00e7lar, hedefler ve idealler i\u00e7in bir ad\u0131m olabilir.<\/p>\n<p>Unutma ki \u201c\u00f6nemli olan yumruk yemek de\u011fil, yumruk yedikten sonra tekrar aya\u011fa kalkabilmektir.\u201d<\/p>\n<p><em>\u201cThe world ain&#8217;t all sunshine and rainbows. It is a very mean and nasty place It will beat you to your knees and keep you there permanently if you let it. You, me or nobody is going to hit as hard as life. But it ain&#8217;t about how hard you hit, it is about how hard you can get hit and keep moving forward, how much can you take and keep moving forward. That&#8217;s how winning is done!\u201d Rocky Balboa (2006)<\/em><\/p>\n<p><em>\u0130zlemeyenler i\u00e7in<\/em><\/p>\n<p><iframe loading=\"lazy\" src=\"https:\/\/www.youtube.com\/embed\/_J0Ahh3UxbM\" width=\"560\" height=\"315\" frameborder=\"0\" allowfullscreen=\"allowfullscreen\"><\/iframe><\/p>\n<p>Unutma ki \u201cSadece bencil olmayan hayaller kanatlan\u0131p u\u00e7abilir.\u201d Dolly Parton\/Imagination Library<\/p>\n<p>Unutma ki \u201cBir i\u015fe ba\u015flamak i\u00e7in m\u00fckemmel olmas\u0131n\u0131 bekleme, m\u00fckemmel bir i\u015f yapmak i\u00e7in ba\u015fla!\u201d<\/p>\n<p>Unutma ki \u201cK\u00f6t\u00fcl\u00fcklerle sava\u015fman\u0131n en iyi yolu daha fazla iyilik yapmakt\u0131r!\u201d Bu da benden olsun.<\/p>\n<p><strong>\u015e\u0130MD\u0130DEN YEN\u0130 YILINIZI KUTLARIM. <\/strong><\/p>\n<p><strong>YOLUNUZ A\u00c7IK OLSUN.<\/strong><\/p>\n","protected":false},"excerpt":{"rendered":"<p>Merve Yavuzdemir T.C. K\u00fclt\u00fcr ve Turizm Bakanl\u0131\u011f\u0131 K\u00fct\u00fcphaneler ve Yay\u0131mlar Genel M\u00fcd\u00fcrl\u00fc\u011f\u00fc D\u0131\u015f \u0130li\u015fkiler \u015eube M\u00fcd\u00fcr\u00fc Y. &nbsp; Google Trend ile T\u00fcrkiye\u2019de anl\u0131k olarak Google Arama Motoru \u00fczerinden arananlar\u0131 takip edebilirsiniz. Bug\u00fcn belirli aral\u0131klarla yap\u0131lan aramalar\u0131 izledim. Genelde futbol, diziler, hava durumu ve bug\u00fcne \u00f6zel deprem konular\u0131nda aramalar\u0131n yap\u0131ld\u0131\u011f\u0131n\u0131 g\u00f6rd\u00fcm.<\/p>\n","protected":false},"author":155,"featured_media":27740,"comment_status":"open","ping_status":"open","sticky":false,"template":"","format":"standard","meta":{"footnotes":""},"categories":[],"tags":[1460],"class_list":["post-27739","post","type-post","status-publish","format-standard","has-post-thumbnail","hentry","tag-kose-yazarlari"],"_links":{"self":[{"href":"https:\/\/www.bbyhaber.com\/bby\/wp-json\/wp\/v2\/posts\/27739"}],"collection":[{"href":"https:\/\/www.bbyhaber.com\/bby\/wp-json\/wp\/v2\/posts"}],"about":[{"href":"https:\/\/www.bbyhaber.com\/bby\/wp-json\/wp\/v2\/types\/post"}],"author":[{"embeddable":true,"href":"https:\/\/www.bbyhaber.com\/bby\/wp-json\/wp\/v2\/users\/155"}],"replies":[{"embeddable":true,"href":"https:\/\/www.bbyhaber.com\/bby\/wp-json\/wp\/v2\/comments?post=27739"}],"version-history":[{"count":6,"href":"https:\/\/www.bbyhaber.com\/bby\/wp-json\/wp\/v2\/posts\/27739\/revisions"}],"predecessor-version":[{"id":27748,"href":"https:\/\/www.bbyhaber.com\/bby\/wp-json\/wp\/v2\/posts\/27739\/revisions\/27748"}],"wp:featuredmedia":[{"embeddable":true,"href":"https:\/\/www.bbyhaber.com\/bby\/wp-json\/wp\/v2\/media\/27740"}],"wp:attachment":[{"href":"https:\/\/www.bbyhaber.com\/bby\/wp-json\/wp\/v2\/media?parent=27739"}],"wp:term":[{"taxonomy":"category","embeddable":true,"href":"https:\/\/www.bbyhaber.com\/bby\/wp-json\/wp\/v2\/categories?post=27739"},{"taxonomy":"post_tag","embeddable":true,"href":"https:\/\/www.bbyhaber.com\/bby\/wp-json\/wp\/v2\/tags?post=27739"}],"curies":[{"name":"wp","href":"https:\/\/api.w.org\/{rel}","templated":true}]}}