{"id":2771,"date":"2012-02-27T14:21:38","date_gmt":"2012-02-27T14:21:38","guid":{"rendered":"http:\/\/www.bbyhaber.com\/bby\/?p=2771"},"modified":"2012-05-30T13:01:23","modified_gmt":"2012-05-30T13:01:23","slug":"tubitak-ulakbim-ekual-viii-yillik-toplantisi","status":"publish","type":"post","link":"https:\/\/www.bbyhaber.com\/bby\/2012\/02\/27\/tubitak-ulakbim-ekual-viii-yillik-toplantisi","title":{"rendered":"T\u00dcB\u0130TAK ULAKB\u0130M EKUAL VIII. Y\u0131ll\u0131k Toplant\u0131s\u0131"},"content":{"rendered":"<p style=\"text-align: justify;\">T\u00dcB\u0130TAK ULAKB\u0130M EKUAL (Elektronik Kaynaklar Ulusal Akademik Lisans\u0131) kapsam\u0131nda aboneli\u011fi yap\u0131lan veri tabanlar\u0131n\u0131n, T\u00fcrkiye ve D\u00fcnya bilim hayat\u0131na yapt\u0131\u011f\u0131 katk\u0131, bilimsel ara\u015ft\u0131rma ve \u00e7al\u0131\u015fmalar i\u00e7in sa\u011flad\u0131\u011f\u0131 kolayl\u0131klar,<!--more--> bu \u00fcr\u00fcnlerin \u00fclkemizin gerek sa\u011fl\u0131k gerekse akademik \u00e7evrelere yararlar\u0131 vb. noktalara de\u011finilmesi planlanan y\u0131ll\u0131k toplant\u0131lar ile; veri tabanlar\u0131 e\u011fitimi, bilgi payla\u015f\u0131m\u0131 ve i\u015fbirli\u011finin geli\u015ftirilmesi ama\u00e7lanmaktad\u0131r. Bu \u00e7er\u00e7evede planlanan T\u00dcB\u0130TAK ULAKB\u0130M EKUAL VIII. Y\u0131ll\u0131k Toplant\u0131s\u0131, 28-30 May\u0131s 2012 tarihleri aras\u0131nda Antalya&#8217;da ger\u00e7ekle\u015ftirilecektir; <strong><span style=\"color: #0000ff;\">detayl\u0131 bilgi i\u00e7in <a href=\"http:\/\/ekual.ulakbim.gov.tr\/toplanti\/ekual8\/index.uhtml\" target=\"_blank\"><span style=\"color: #0000ff;\">t\u0131klay\u0131n\u0131z.<\/span><\/a><\/span><\/strong><\/p>\n<ul>\n<li><strong>Ge\u00e7mi\u015f d\u00f6nem toplant\u0131lar i\u00e7in<\/strong> <a href=\"http:\/\/ekual.ulakbim.gov.tr\/toplanti\/\" target=\"_blank\">t\u0131klay\u0131n\u0131z.<\/a><strong><\/strong><\/li>\n<\/ul>\n","protected":false},"excerpt":{"rendered":"<p>T\u00dcB\u0130TAK ULAKB\u0130M EKUAL (Elektronik Kaynaklar Ulusal Akademik Lisans\u0131) kapsam\u0131nda aboneli\u011fi yap\u0131lan veri tabanlar\u0131n\u0131n, T\u00fcrkiye ve D\u00fcnya bilim hayat\u0131na yapt\u0131\u011f\u0131 katk\u0131, bilimsel ara\u015ft\u0131rma ve \u00e7al\u0131\u015fmalar i\u00e7in sa\u011flad\u0131\u011f\u0131 kolayl\u0131klar,<\/p>\n","protected":false},"author":1,"featured_media":0,"comment_status":"open","ping_status":"open","sticky":false,"template":"","format":"standard","meta":{"footnotes":""},"categories":[1570,1],"tags":[267,1395,266,201,247],"class_list":["post-2771","post","type-post","status-publish","format-standard","hentry","category-e-kaynaklar","category-genel","tag-akademik-veri-tabanlari","tag-bby-mesleki-etkinlikler-arsivi","tag-ekual","tag-tubitak","tag-ulakbim"],"_links":{"self":[{"href":"https:\/\/www.bbyhaber.com\/bby\/wp-json\/wp\/v2\/posts\/2771"}],"collection":[{"href":"https:\/\/www.bbyhaber.com\/bby\/wp-json\/wp\/v2\/posts"}],"about":[{"href":"https:\/\/www.bbyhaber.com\/bby\/wp-json\/wp\/v2\/types\/post"}],"author":[{"embeddable":true,"href":"https:\/\/www.bbyhaber.com\/bby\/wp-json\/wp\/v2\/users\/1"}],"replies":[{"embeddable":true,"href":"https:\/\/www.bbyhaber.com\/bby\/wp-json\/wp\/v2\/comments?post=2771"}],"version-history":[{"count":0,"href":"https:\/\/www.bbyhaber.com\/bby\/wp-json\/wp\/v2\/posts\/2771\/revisions"}],"wp:attachment":[{"href":"https:\/\/www.bbyhaber.com\/bby\/wp-json\/wp\/v2\/media?parent=2771"}],"wp:term":[{"taxonomy":"category","embeddable":true,"href":"https:\/\/www.bbyhaber.com\/bby\/wp-json\/wp\/v2\/categories?post=2771"},{"taxonomy":"post_tag","embeddable":true,"href":"https:\/\/www.bbyhaber.com\/bby\/wp-json\/wp\/v2\/tags?post=2771"}],"curies":[{"name":"wp","href":"https:\/\/api.w.org\/{rel}","templated":true}]}}