{"id":27707,"date":"2019-12-06T13:56:05","date_gmt":"2019-12-06T10:56:05","guid":{"rendered":"http:\/\/www.bbyhaber.com\/bby\/?p=27707"},"modified":"2019-12-06T21:45:26","modified_gmt":"2019-12-06T18:45:26","slug":"sirinler-kutuphanecilikte-orgutlenme-ustune-yeniden-dusunme-muslum-yurtseven","status":"publish","type":"post","link":"https:\/\/www.bbyhaber.com\/bby\/2019\/12\/06\/sirinler-kutuphanecilikte-orgutlenme-ustune-yeniden-dusunme-muslum-yurtseven","title":{"rendered":"\u015eirinler: K\u00fct\u00fcphanecilikte \u00d6rg\u00fctlenme \u00dcst\u00fcne Yeniden D\u00fc\u015f\u00fcnme | M\u00fcsl\u00fcm Yurtseven"},"content":{"rendered":"<p>[avatar user=&#8221;muslumyurtseven&#8221; \/]<a href=\"http:\/\/www.bbyhaber.com\/bby\/author\/muslumyurtseven\"><br \/>\nM\u00fcsl\u00fcm YURTSEVEN<\/a><br \/>\n<strong>\u0130skenderun Teknik \u00dcniversitesi K\u00fct\u00fcphane ve Dok\u00fcmantasyon Daire Ba\u015fkanl\u0131\u011f\u0131, K\u00fct\u00fcphaneci<\/strong><\/p>\n<p><em><a href=\"http:\/\/www.bbyhaber.com\/bby\/wp-content\/uploads\/2019\/12\/muslum-yurtseven-sirinler.jpg\"><img loading=\"lazy\" decoding=\"async\" class=\"alignleft size-full wp-image-27713\" src=\"http:\/\/www.bbyhaber.com\/bby\/wp-content\/uploads\/2019\/12\/muslum-yurtseven-sirinler.jpg\" alt=\"\" width=\"390\" height=\"180\" \/><\/a>\u201cUzun uzun y\u0131llar \u00f6nce orman\u0131n derinliklerinde k\u00fc\u00e7\u00fck yarat\u0131klar\u0131n ya\u015fad\u0131\u011f\u0131 gizli bir k\u00f6y vard\u0131. Onlar kendilerine \u015firin derlerdi. \u00c7ok iyiydiler. Ve sonra korkun\u00e7 b\u00fcy\u00fcc\u00fc Gargamel vard\u0131. O k\u00f6t\u00fcyd\u00fc!\u00a0 <\/em><\/p>\n<p><em>(Gargamel:) Aaaa \u015firinlerden nefret ediyorum! Sizi yakalayacam! Y\u0131llarca u\u011fra\u015fmam gerekse bile hepinizi yakalayacam! Hepinizi! Elbet bir g\u00fcn k\u00f6y\u00fcn\u00fcz\u00fc bulacam! \u00c7ok pi\u015fman olacaks\u0131n\u0131z. <\/em><\/p>\n<p><em>Orman\u0131 gezmeye gitti\u011finizde etraf\u0131 dikkatle dinlerseniz Gargamel\u2019in \u00e7\u0131\u011fl\u0131klar\u0131n\u0131 duyabilirsiniz. <strong>Ve iyi bir \u00e7ocuk olursan\u0131z \u015firinleri bile g\u00f6rebilirsiniz!\u201d<\/strong><\/em><!--more--><\/p>\n<p><span style=\"color: #ff0000;\"><strong><em>*<\/em><\/strong><\/span><br \/>\nBu s\u00f6zleri an\u0131msad\u0131n\u0131z de\u011fil mi?<\/p>\n<p>Evet evet \u201c<strong>\u015eirinler\u201d<\/strong>den bahsediyorum.<\/p>\n<p>Kendilerine \u00f6zg\u00fc ya\u015fam tarzlar\u0131yla, D\u00fcnya\u2019da ve T\u00fcrkiye\u2019de bir d\u00f6neme damgas\u0131n\u0131 vuran, \u00a0\u00e7ocuklar\u0131 ve hatta yeti\u015fkinleri kendisine hayran b\u0131rakan mavi yarat\u0131klar!<\/p>\n<p><span style=\"color: #ff0000;\">*<\/span><\/p>\n<p>\u00c7izgi filmin temel karakterleri; \u015eirin Baba, \u015eirine, G\u00f6zl\u00fckl\u00fc \u015eirin, Tembel \u015eirin, Usta \u015eirin, Hayalci \u015eirin, Huysuz \u015eirin, Somurtkan \u015eirin, G\u00fc\u00e7l\u00fc \u015eirin, Sakar \u015eirin, Kibirli \u015eirin, Korkak \u015eirin, Ressam \u015eirin, \u015eair \u015eirin, Gargamel ve Azman\u2019dan olu\u015fuyordu.<\/p>\n<p>Gargamel ve Azman\u2019\u0131n sabiteli\u011fine kar\u015f\u0131n \u00e7izgi film \u00f6yle devingendi ki yeni bir \u015eirin karakteriyle tan\u0131\u015fmam\u0131z an meselesiydi.<\/p>\n<p>Hangi \u015eirin karakteriydiniz? Ya da hangi \u015eirin karakterinin hayran\u0131yd\u0131n\u0131z? sorusunu \u015furaya ili\u015ftirerek devam edelim. (Yok yok, Gargamel veya Azman olman\u0131z ihtimal d\u00e2hilinde de\u011fil (!) )<\/p>\n<p>\u00c7izgi diziyi an\u0131msayanlar dizinin karakterleri hakk\u0131nda zaten bilgi sahibidirler; ancak dizinin karakterleri \u00fcst\u00fcne k\u0131sac\u0131k da olsa \u015funu s\u00f6yleyebiliriz:<\/p>\n<p><strong>\u015eirinler:<\/strong> Birbirinden farkl\u0131 yeteneklere ve karakterlere sahip olmalar\u0131na ra\u011fmen birbirleriyle ayn\u0131 \u00e7at\u0131 alt\u0131nda mutlu bi\u00e7imde ya\u015fayan, zorluklar kar\u015f\u0131s\u0131nda birlikte m\u00fccadele vererek zorluklar\u0131n \u00fcstesinden gelen, bilge bir \u00f6nc\u00fc etraf\u0131nda k\u00fcmelenen yarat\u0131klard\u0131r.<\/p>\n<p><strong>Gargamel:<\/strong> \u201cB\u00fcy\u00fcc\u00fc Gargamel, \u015eirinlerin ba\u015f d\u00fc\u015fman\u0131d\u0131r. \u015eeytani bir b\u00fcy\u00fcc\u00fc olmakla birlikte b\u00fcy\u00fc yetenekleri \u00e7ok k\u0131s\u0131tl\u0131d\u0131r, daha \u00e7ok bir simyac\u0131d\u0131r. Gargamel genellikle \u015eirinlerden \u00e7orba yap\u0131p karn\u0131n\u0131 doyurmak ya da \u015eirinleri b\u00fcy\u00fcyle alt\u0131na d\u00f6n\u00fc\u015ft\u00fcrmek i\u00e7in u\u011fra\u015f\u0131r. Siyah, eski ve yamal\u0131 bir c\u00fcppe giyer. Di\u015fleri d\u00f6k\u00fclm\u00fc\u015ft\u00fcr. \u00c7at\u0131s\u0131 samanlardan olu\u015fan bak\u0131ms\u0131z bir kul\u00fcbede, pirelerin \u0131s\u0131rd\u0131\u011f\u0131 kedisi Azman&#8217;la birlikte ya\u015far.\u201d<a href=\"#_ftn1\" name=\"_ftnref1\">[1]<\/a><\/p>\n<p><strong>Azman:<\/strong> \u201cGargamel&#8217;in kedisidir. Gargamel ona asla sevgi g\u00f6stermese de, Azman daima sahibinin yan\u0131ndad\u0131r. Azman&#8217;\u0131n en \u00f6nemli amac\u0131 \u015eirinleri yemektir ama asla ba\u015far\u0131l\u0131 olamam\u0131\u015ft\u0131r. Gargamel&#8217;in \u015feytan\u00ee g\u00fcl\u00fc\u015f\u00fcn\u00fc ondan sonra taklit eder.\u201d<a href=\"#_ftn2\" name=\"_ftnref2\">[2]<\/a><\/p>\n<p><span style=\"color: #ff0000;\">*<\/span><\/p>\n<p>\u00c7izgi film ve karakterleri \u00fcst\u00fcne y\u0131llarca t\u00fcrl\u00fc t\u00fcrl\u00fc spek\u00fclasyonlar yarat\u0131ld\u0131. Bu spek\u00fclasyonlar\u0131n en \u00e7ok bilineni de \u00e7izgi filmin, konsept itibariyle kom\u00fcn bir ya\u015fam\u0131n propagandas\u0131n\u0131 yaparak toplumda politik bir g\u00fcdeleme yaratt\u0131\u011f\u0131 iddias\u0131yd\u0131.<\/p>\n<p>Bu iddiay\u0131 destekleyen unsurlar aras\u0131nda;<\/p>\n<p>\u015eirinler\u2019in yarat\u0131c\u0131s\u0131 Bel\u00e7ikal\u0131 \u00e7izgi romanc\u0131 Pierre Culliford\u2019un (bilinen ad\u0131yla Peyo) politik tutumu, ki Peyo\u2019nun kom\u00fcnist olarak bilinmesi,<\/p>\n<p>\u015eirinleri\u2019in so\u011fuk sava\u015f d\u00f6neminde ortaya \u00e7\u0131kmas\u0131, ki 1958 y\u0131l\u0131nda iki kutuplu bir d\u00fcnya vard\u0131. Bir tarafta ABD di\u011fer tarafta SSCB.,<\/p>\n<p>\u015eirinler\u2019in \u0130ngilizce ismi Smurf\u2019un <strong>&#8220;small men under red flag&#8221;<\/strong> &#8216;k\u0131z\u0131l bayrak alt\u0131nda ya\u015fayan k\u00fc\u00e7\u00fck adamlar&#8217; ya da <strong>\u201csocialist men under red father\u201d<\/strong> &#8216;k\u0131rm\u0131z\u0131 baba alt\u0131ndaki sosyalist adamlar&#8217; diye a\u00e7\u0131l\u0131mlar yap\u0131lmas\u0131,<\/p>\n<p>\u015eirinler k\u00f6y\u00fcnde para kullan\u0131lmamas\u0131, \u015eirinler\u2019in ortak bir \u00fcretim alan\u0131na sahip olmas\u0131 ve <strong>ismiyle m\u00fcsemma \u015eirin karakterlerin bir arada ya\u015famas\u0131<\/strong> olarak g\u00f6sterildi.<\/p>\n<p>Bunun yan\u0131 s\u0131ra \u015eirin Baba\u2019n\u0131n sakal\u0131 ve k\u0131rm\u0131z\u0131 \u015fapkas\u0131 Karl Marx\u2019\u0131; Gargemel\u2019in kara c\u00fcbbesi g\u00fc\u00e7, din ve kapitalizmi; Gargamel\u2019in kedisi Azman da g\u00fcce tapan ve g\u00fc\u00e7l\u00fcn\u00fcn yanda\u015f\u0131 olarak tasvir edildi.<\/p>\n<p>\u015eirinler, bu gerek\u00e7elerle \u00f6zg\u00fcrl\u00fckler \u00fclkesi (!) Amerika\u2019da epey bir s\u00fcre yasakland\u0131. Tabii di\u011fer \u201c\u00f6zg\u00fcr\u201d \u00fclkeler de bu yasa\u011f\u0131 es ge\u00e7medi\u2026<\/p>\n<p><span style=\"color: #ff0000;\">*<\/span><\/p>\n<p>\u0130ddialar\u0131n do\u011frulu\u011fu yanl\u0131\u015fl\u0131\u011f\u0131, \u00e7izgi film konseptinin politik tutum ve amac\u0131 ba\u015fl\u0131 ba\u015f\u0131na sosyolojik bir ara\u015ft\u0131rma konusu olsa da <strong>\u00e7ocuksu masumiyetle;<\/strong> <strong>benzer \u00f6zelliklerin yan\u0131 s\u0131ra t\u00fcm farkl\u0131l\u0131klara ra\u011fmen, birlik, beraberlik ve dayan\u0131\u015fma ile her t\u00fcrl\u00fc zorlu\u011fun, k\u00f6t\u00fcl\u00fc\u011f\u00fcn \u00fcstesinden gelinebilece\u011fi mesaj\u0131ndan \u00f6te de\u011fildi alg\u0131lad\u0131\u011f\u0131m\u0131z\u2026 <\/strong><\/p>\n<p><strong>\u00a0<\/strong>Evet, \u015eirinler bize birlik olmay\u0131 \u00f6\u011f\u00fctl\u00fcyordu\u2026 <strong>Hatta t\u00fcm farkl\u0131l\u0131klar\u0131m\u0131za, ayk\u0131r\u0131l\u0131klar\u0131m\u0131za ra\u011fmen\u2026 <\/strong><\/p>\n<p><strong>\u00a0<\/strong><strong>\u00c7ocuklu\u011fumuz nice birliklerimize \u015fahitlik etti\u2026 B\u00fcy\u00fcd\u00fck\u2026 B\u00fcy\u00fcd\u00fck\u00e7e da\u011f\u0131ld\u0131k\u2026 Da\u011f\u0131ld\u0131k\u00e7a uzakla\u015ft\u0131k\u2026 Uzakla\u015ft\u0131k\u00e7a\u2026<\/strong><\/p>\n<p><strong>Ah! \u00d6yk\u00fcnesi \u015eirinler!<\/strong><\/p>\n<p><span style=\"color: #ff0000;\"><strong>*<\/strong><\/span><\/p>\n<p>\u015eirinler\u2019in, toplumsal model olmalar\u0131 olanakl\u0131 m\u0131d\u0131r bilemiyorum; ancak bir\u00e7ok toplulu\u011fa ilham kayna\u011f\u0131 olabilir.<\/p>\n<p>Biz K\u00fct\u00fcphanecilere mesela\u2026 T\u00fcrkiye\u2019deki K\u00fct\u00fcphanecilere\u2026 T\u00fcrk K\u00fct\u00fcphanecilerine\u2026<\/p>\n<p><span style=\"color: #ff0000;\">*<\/span><\/p>\n<p>T\u00fcrkiye\u2019de ekseriyeti politik atmosfere ba\u011fl\u0131 olu\u015fan toplumsal kutupla\u015fma, g\u00fcndelik hayat\u0131n i\u00e7inde giderek daha fazla hissedilir hale geliyor. \u00c7at\u0131\u015fma, gerilme iklimi benli\u011fimizi esir al\u0131yor\u2026<\/p>\n<p>Kutupla\u015f\u0131yoruz! \u00c7at\u0131\u015f\u0131yoruz! Geriliyoruz!<\/p>\n<p>Hem de hi\u00e7 yere! Ama\u00e7s\u0131zca\u2026<\/p>\n<p>D\u00fcn \u00f6yleydi\u2026 Bug\u00fcn de\u2026 Yar\u0131na dair umutlar\u0131m olmasa\u2026<\/p>\n<p><span style=\"color: #ff0000;\">*<\/span><\/p>\n<p>K\u00fct\u00fcphane camias\u0131 da bu kutupla\u015fmadan nasibi al\u0131yor do\u011fal olarak, her topluluk gibi.<\/p>\n<p>Ki\u015filere, fikirlere, ayk\u0131r\u0131l\u0131klara, farkl\u0131l\u0131klara tahamm\u00fcl s\u0131n\u0131rlar\u0131m\u0131z\u0131 \u015f\u00f6yle bir d\u00fc\u015f\u00fcn\u00fcn?<\/p>\n<p>Evet. Tam da d\u00fc\u015f\u00fcnd\u00fc\u011f\u00fcn\u00fcz gibi de\u011fil mi?<\/p>\n<p>Tart\u0131\u015fma listelerine, forumlara \u015f\u00f6yle bir g\u00f6z at\u0131n \u201cfikirler\u201d yerine, \u201cfikri \u00f6ne s\u00fcren ki\u015fi\/ler \u00fcst\u00fcnden fikirler\u201d ya da \u201cki\u015filer\u201d \u00e7at\u0131\u015fm\u0131yor mu?<\/p>\n<p>K\u0131s\u0131r d\u00f6ng\u00fcde s\u00fcren tart\u0131\u015fmalarda, \u00f6ne s\u00fcr\u00fclen fikir\/ler \u00e7oktan dijital ar\u015fivde yerini alm\u0131\u015f oluyor\u2026<\/p>\n<p>Ge\u00e7enlerde kat\u0131ld\u0131\u011f\u0131m mesleki bir toplant\u0131da \u00e7ok gen\u00e7 bir meslekta\u015f\u0131mdan duyduklar\u0131m\u0131n ne kadar ac\u0131 oldu\u011funu tahmin bile edemezsiniz?<\/p>\n<p>\u201cA\u011fabey. Tart\u0131\u015fma listelerine (kutup-l \u2013 mail) bazen \u00e7ok \u015fey yazas\u0131m geliyor; ama \u00e7ekiniyorum. Her an lin\u00e7 edilece\u011fim korkusu var!\u201d<\/p>\n<p>Korkun\u00e7 bir durum de\u011fil de nedir?<\/p>\n<p>Ya takdiri hak eden ba\u015far\u0131lar hakk\u0131nda ne yap\u0131yoruz? Bizden olmayan\u0131n ba\u015far\u0131s\u0131n\u0131 takdir etmiyoruz\/edemiyoruz.<\/p>\n<p>Uzun uzad\u0131ya anlatmaya ne hacet. Farkl\u0131l\u0131klar\u0131m\u0131zdan, ayk\u0131r\u0131l\u0131klar\u0131m\u0131zdan beslenemiyoruz\u2026<\/p>\n<p>Tanr\u0131 a\u015fk\u0131na \u00e7ok mu abartt\u0131m? Abartt\u0131ysam af ola\u2026<\/p>\n<p><span style=\"color: #ff0000;\">*<\/span><\/p>\n<p>Ve biz k\u00fct\u00fcphaneciler, bilgiyi toplumsalla\u015ft\u0131rmak i\u00e7in \u00e7aba g\u00f6steren emek\u00e7iler;<\/p>\n<p>Kendi farkl\u0131l\u0131klar\u0131m\u0131z\u0131n bilinciyle, en ayk\u0131r\u0131 d\u00fc\u015f\u00fcncelerde bile birbirimizi sahiplenip, fikirlerden beslenerek, yaln\u0131z bir toplulu\u011fun de\u011fil belki de Can\u2019\u0131m \u00fclkemin makus talihini bile de\u011fi\u015ftirebiliriz!<\/p>\n<p>Gargamel ve Azman\u2019\u0131n; k\u00f6t\u00fcl\u00fc\u011f\u00fcn sesini duydunuz mu? Hmmm\u2026<\/p>\n<p><strong>Oysa bir g\u00fcn iyi bir k\u00fct\u00fcphaneci olursak \u015eirinler\u2019i bile g\u00f6rebiliriz\u2026 \u00a0<\/strong><\/p>\n<p><a href=\"#_ftnref1\" name=\"_ftn1\">[1]<\/a> <a href=\"https:\/\/www.wikizero.com\/tr\/%C5%9Eirinler_karakterleri_listesi\" target=\"_blank\" rel=\"noopener\">https:\/\/www.wikizero.com\/tr\/%C5%9Eirinler_karakterleri_listesi<\/a><\/p>\n<p><a href=\"#_ftnref2\" name=\"_ftn2\">[2]<\/a> <a href=\"https:\/\/www.wikizero.com\/tr\/%C5%9Eirinler_karakterleri_listesi\" target=\"_blank\" rel=\"noopener\">https:\/\/www.wikizero.com\/tr\/%C5%9Eirinler_karakterleri_listesi<\/a><\/p>\n","protected":false},"excerpt":{"rendered":"<p>[avatar user=&#8221;muslumyurtseven&#8221; \/] M\u00fcsl\u00fcm YURTSEVEN \u0130skenderun Teknik \u00dcniversitesi K\u00fct\u00fcphane ve Dok\u00fcmantasyon Daire Ba\u015fkanl\u0131\u011f\u0131, K\u00fct\u00fcphaneci \u201cUzun uzun y\u0131llar \u00f6nce orman\u0131n derinliklerinde k\u00fc\u00e7\u00fck yarat\u0131klar\u0131n ya\u015fad\u0131\u011f\u0131 gizli bir k\u00f6y vard\u0131. Onlar kendilerine \u015firin derlerdi. \u00c7ok iyiydiler. Ve sonra korkun\u00e7 b\u00fcy\u00fcc\u00fc Gargamel vard\u0131. O k\u00f6t\u00fcyd\u00fc!\u00a0 (Gargamel:) Aaaa \u015firinlerden nefret ediyorum! Sizi yakalayacam! Y\u0131llarca u\u011fra\u015fmam gerekse bile hepinizi yakalayacam! Hepinizi! [&hellip;]<\/p>\n","protected":false},"author":147,"featured_media":27713,"comment_status":"open","ping_status":"open","sticky":false,"template":"","format":"standard","meta":{"footnotes":""},"categories":[],"tags":[1460,1055],"class_list":["post-27707","post","type-post","status-publish","format-standard","has-post-thumbnail","hentry","tag-kose-yazarlari","tag-muslum-yurtseven"],"_links":{"self":[{"href":"https:\/\/www.bbyhaber.com\/bby\/wp-json\/wp\/v2\/posts\/27707"}],"collection":[{"href":"https:\/\/www.bbyhaber.com\/bby\/wp-json\/wp\/v2\/posts"}],"about":[{"href":"https:\/\/www.bbyhaber.com\/bby\/wp-json\/wp\/v2\/types\/post"}],"author":[{"embeddable":true,"href":"https:\/\/www.bbyhaber.com\/bby\/wp-json\/wp\/v2\/users\/147"}],"replies":[{"embeddable":true,"href":"https:\/\/www.bbyhaber.com\/bby\/wp-json\/wp\/v2\/comments?post=27707"}],"version-history":[{"count":5,"href":"https:\/\/www.bbyhaber.com\/bby\/wp-json\/wp\/v2\/posts\/27707\/revisions"}],"predecessor-version":[{"id":27714,"href":"https:\/\/www.bbyhaber.com\/bby\/wp-json\/wp\/v2\/posts\/27707\/revisions\/27714"}],"wp:featuredmedia":[{"embeddable":true,"href":"https:\/\/www.bbyhaber.com\/bby\/wp-json\/wp\/v2\/media\/27713"}],"wp:attachment":[{"href":"https:\/\/www.bbyhaber.com\/bby\/wp-json\/wp\/v2\/media?parent=27707"}],"wp:term":[{"taxonomy":"category","embeddable":true,"href":"https:\/\/www.bbyhaber.com\/bby\/wp-json\/wp\/v2\/categories?post=27707"},{"taxonomy":"post_tag","embeddable":true,"href":"https:\/\/www.bbyhaber.com\/bby\/wp-json\/wp\/v2\/tags?post=27707"}],"curies":[{"name":"wp","href":"https:\/\/api.w.org\/{rel}","templated":true}]}}