{"id":27648,"date":"2019-12-02T10:03:10","date_gmt":"2019-12-02T07:03:10","guid":{"rendered":"http:\/\/www.bbyhaber.com\/bby\/?p=27648"},"modified":"2020-01-15T17:39:58","modified_gmt":"2020-01-15T14:39:58","slug":"once-depoya-surulmustu-ve-simdi-de-isten-atildi-aydinileri","status":"publish","type":"post","link":"https:\/\/www.bbyhaber.com\/bby\/2019\/12\/02\/once-depoya-surulmustu-ve-simdi-de-isten-atildi-aydinileri","title":{"rendered":"\u00d6nce depoya s\u00fcr\u00fclm\u00fc\u015ft\u00fc ve \u015fimdi de i\u015ften at\u0131ld\u0131! @aydinileri"},"content":{"rendered":"<p><a href=\"http:\/\/www.bbyhaber.com\/bby\/wp-content\/uploads\/2019\/12\/aydin-ileri-.jpg\"><img loading=\"lazy\" decoding=\"async\" class=\"alignleft size-full wp-image-27649\" src=\"http:\/\/www.bbyhaber.com\/bby\/wp-content\/uploads\/2019\/12\/aydin-ileri-.jpg\" alt=\"\" width=\"390\" height=\"180\" \/><\/a>Bergama Belediyesi\u2019nde mobbinge maruz b\u0131rak\u0131lmas\u0131yla <strong><a href=\"http:\/\/www.bbyhaber.com\/bby\/2019\/09\/09\/meslektasimiz-aydin-ileri-hala-surgunde\" target=\"_blank\" rel=\"noopener\">g\u00fcndeme gelen<\/a><\/strong>; T\u00fcrk K\u00fct\u00fcphaneciler Derne\u011fi Genel Ba\u015fkan Yard\u0131mc\u0131l\u0131\u011f\u0131 ve eski Okul K\u00fct\u00fcphanecileri Derne\u011fi Ba\u015fkan\u0131 <strong>Ayd\u0131n \u0130leri<\/strong>&#8216;nin i\u015fine son verildi.\u00a0Ayd\u0131n \u0130leri, sosyal medya hesab\u0131ndan yapt\u0131\u011f\u0131 payla\u015f\u0131mda, kendisine ula\u015fan tebligat\u0131 aktard\u0131. Tebligatta, <span style=\"color: #ff0000;\">Ayd\u0131n \u0130leri&#8217;nin s\u00f6zle\u015fmesinin<\/span> <span style=\"color: #ff0000;\">31 Aral\u0131k 2019&#8217;dan sonra yenilenmeyece\u011fi ifade edildi.<\/span><!--more--><\/p>\n<p>Konuyla ilgili TKD Ba\u015fkan\u0131 Ali Fuat KARTAL sosyal medya hesab\u0131ndan a\u015fa\u011f\u0131daki a\u00e7\u0131klamay\u0131 <a href=\"https:\/\/twitter.com\/kartalaf\/status\/1201389347553058816\" target=\"_blank\" rel=\"noopener\">yapt\u0131<\/a>:<\/p>\n<p>&#8220;Bergama Belediyesi TKD Genel Ba\u015fkan Yard\u0131mc\u0131s\u0131 meslekta\u015f\u0131m\u0131z Ayd\u0131n \u0130leri\u2019nin i\u015f akdinin 31 Aral\u0131k 2019\u2019da sona erece\u011fini yaz\u0131l\u0131 bir belge ile kendisine illetti. 2020\u2019ye girerken insanlar yeni umutlar i\u00e7in 10\u2019dan geriye sayarken\u00a0Ayd\u0131n \u0130leri i\u015fsiz kalaca\u011f\u0131 saniyeleri sayacak. Ne kadar Ac\u0131mas\u0131z olduk. Bizim gibi d\u00fc\u015f\u00fcnmeyenlere ya\u015fama hakk\u0131 tan\u0131m\u0131yoruz. Kimileri yeni y\u0131la bu \u00fclkeyi bizden daha \u00e7ok sevdikleri i\u00e7in! 2-3 maa\u015f alarak girecekler. Onlar\u0131n mutlulu\u011fu bizim ac\u0131lar\u0131m\u0131z yeni y\u0131la birlikte girecekler.&#8221;<\/p>\n<p><strong>Herhangi bir siyasi g\u00f6r\u00fc\u015fe, farkl\u0131 d\u00fc\u015f\u00fcnceye sahip olabilirsiniz. S\u0131rf bu \u00f6zelliklerden dolay\u0131 hi\u00e7bir meslekta\u015f\u0131m\u0131z\u0131n i\u015fine son verilmemelidir!!!<\/strong><\/p>\n","protected":false},"excerpt":{"rendered":"<p>Bergama Belediyesi\u2019nde mobbinge maruz b\u0131rak\u0131lmas\u0131yla g\u00fcndeme gelen; T\u00fcrk K\u00fct\u00fcphaneciler Derne\u011fi Genel Ba\u015fkan Yard\u0131mc\u0131l\u0131\u011f\u0131 ve eski Okul K\u00fct\u00fcphanecileri Derne\u011fi Ba\u015fkan\u0131 Ayd\u0131n \u0130leri&#8216;nin i\u015fine son verildi.\u00a0Ayd\u0131n \u0130leri, sosyal medya hesab\u0131ndan yapt\u0131\u011f\u0131 payla\u015f\u0131mda, kendisine ula\u015fan tebligat\u0131 aktard\u0131. Tebligatta, Ayd\u0131n \u0130leri&#8217;nin s\u00f6zle\u015fmesinin 31 Aral\u0131k 2019&#8217;dan sonra yenilenmeyece\u011fi ifade edildi.<\/p>\n","protected":false},"author":1,"featured_media":27649,"comment_status":"open","ping_status":"open","sticky":false,"template":"","format":"standard","meta":{"footnotes":""},"categories":[1476,1],"tags":[1204],"class_list":["post-27648","post","type-post","status-publish","format-standard","has-post-thumbnail","hentry","category-aydin-ileri","category-genel","tag-kutuphaneciye-mobbing"],"_links":{"self":[{"href":"https:\/\/www.bbyhaber.com\/bby\/wp-json\/wp\/v2\/posts\/27648"}],"collection":[{"href":"https:\/\/www.bbyhaber.com\/bby\/wp-json\/wp\/v2\/posts"}],"about":[{"href":"https:\/\/www.bbyhaber.com\/bby\/wp-json\/wp\/v2\/types\/post"}],"author":[{"embeddable":true,"href":"https:\/\/www.bbyhaber.com\/bby\/wp-json\/wp\/v2\/users\/1"}],"replies":[{"embeddable":true,"href":"https:\/\/www.bbyhaber.com\/bby\/wp-json\/wp\/v2\/comments?post=27648"}],"version-history":[{"count":4,"href":"https:\/\/www.bbyhaber.com\/bby\/wp-json\/wp\/v2\/posts\/27648\/revisions"}],"predecessor-version":[{"id":27965,"href":"https:\/\/www.bbyhaber.com\/bby\/wp-json\/wp\/v2\/posts\/27648\/revisions\/27965"}],"wp:featuredmedia":[{"embeddable":true,"href":"https:\/\/www.bbyhaber.com\/bby\/wp-json\/wp\/v2\/media\/27649"}],"wp:attachment":[{"href":"https:\/\/www.bbyhaber.com\/bby\/wp-json\/wp\/v2\/media?parent=27648"}],"wp:term":[{"taxonomy":"category","embeddable":true,"href":"https:\/\/www.bbyhaber.com\/bby\/wp-json\/wp\/v2\/categories?post=27648"},{"taxonomy":"post_tag","embeddable":true,"href":"https:\/\/www.bbyhaber.com\/bby\/wp-json\/wp\/v2\/tags?post=27648"}],"curies":[{"name":"wp","href":"https:\/\/api.w.org\/{rel}","templated":true}]}}