{"id":2761,"date":"2012-02-25T16:51:52","date_gmt":"2012-02-25T16:51:52","guid":{"rendered":"http:\/\/www.bbyhaber.com\/bby\/?p=2761"},"modified":"2012-09-07T17:51:13","modified_gmt":"2012-09-07T14:51:13","slug":"kutuphanesiz-okul-kalmasin-projesi-araban-gaziantep","status":"publish","type":"post","link":"https:\/\/www.bbyhaber.com\/bby\/2012\/02\/25\/kutuphanesiz-okul-kalmasin-projesi-araban-gaziantep","title":{"rendered":"K\u00fct\u00fcphanesiz Okul Kalmas\u0131n Projesi-Araban Kaymakaml\u0131\u011f\u0131-Gaziantep"},"content":{"rendered":"<p style=\"text-align: justify;\">Emre Nebio\u011flu, &#8220;K\u00fct\u00fcphanesiz Okul Kalmas\u0131n&#8221; projesi kapsam\u0131nda 19 okula SODES destekli k\u00fct\u00fcphane a\u00e7\u0131laca\u011f\u0131n\u0131 s\u00f6yledi. Nebio\u011flu, proje kapsam\u0131nda k\u00fct\u00fcphanesi hen\u00fcz kurulu\u015f a\u015famas\u0131nda olan okullara yap\u0131lan \u00e7al\u0131\u015fmalar\u0131 yerinde g\u00f6r\u00fcp, okul m\u00fcd\u00fcrlerinden k\u00fct\u00fcphane kurulum \u00e7al\u0131\u015fmalar\u0131 hakk\u0131nda bilgi ald\u0131. <!--more-->Nebio\u011flu, a\u00e7\u0131klamas\u0131nda, il\u00e7e merkezi ve k\u00f6ylere ba\u011fl\u0131 19 okulda Araban Kaymakaml\u0131\u011f\u0131 olarak ba\u015flatt\u0131klar\u0131 &#8220;K\u00fct\u00fcphanesiz Okul Kalmas\u0131n&#8221; projesine SODES&#8217;ten destek istediklerini belirtti. 19 okulda bilgisayar ve de\u011fi\u015fik kitaplardan olu\u015fan k\u00fct\u00fcphanenin hen\u00fcz kurulum a\u015famas\u0131nda oldu\u011funu ifade eden Nebio\u011flu, \u015funlar\u0131 kaydetti:<\/p>\n<p style=\"text-align: justify;\">&#8220;Yapt\u0131\u011f\u0131m\u0131z ara\u015ft\u0131rmalarda ortaya \u00e7\u0131kan sonuca g\u00f6re \u00f6nceki y\u0131llarda Gaziantep&#8217;te kitap okuma oran\u0131 iller s\u0131ralamas\u0131nda sonlarda yer almas\u0131 nedeniyle il\u00e7ede okuma oran\u0131n\u0131 y\u00fckseltmek i\u00e7in Araban Kaymakaml\u0131\u011f\u0131 olarak ba\u015flatt\u0131\u011f\u0131m\u0131z \u00e7al\u0131\u015fmalar sonunda, &#8216;K\u00fct\u00fcphanesiz Okul Kalmas\u0131n&#8217; projesi kapsam\u0131nda bir \u00e7al\u0131\u015fma ba\u015flatt\u0131k. SODES&#8217;in projemize verdi\u011fi destekle il\u00e7e merkezi ve il\u00e7eye ba\u011fl\u0131 k\u00f6ylerimizdeki 19 okulda bu projemizle k\u00fct\u00fcphane kurmay\u0131 hedefledik. \u015euanda okullar\u0131m\u0131zdaki mevcut kitap say\u0131s\u0131 ortalama 200 ile 400 aras\u0131nda de\u011fi\u015fiyor. Projemizin bitirilip hayata ge\u00e7irilmesiyle birlikte okullar\u0131m\u0131zdaki kitap say\u0131s\u0131n\u0131 binin \u00fczerine \u00e7\u0131karmay\u0131 hedefliyoruz. B\u00f6ylece il\u00e7emizde kitap okuma seferberli\u011fi ba\u015flat\u0131p, \u00f6\u011frencilerimizin anlama kapasitelerini y\u00fckseltip, hayata bak\u0131\u015f a\u00e7\u0131lar\u0131n\u0131 de\u011fi\u015ftirip, olay ve olgular\u0131 yorumlama g\u00fc\u00e7lerini artt\u0131rarak ba\u015far\u0131 oran\u0131n\u0131 \u00fcst seviyeye ta\u015f\u0131mas\u0131n\u0131 sa\u011flayaca\u011f\u0131z.&#8221; Projenin biran \u00f6nce tamamlan\u0131p k\u00fct\u00fcphanelerdeki kitaplar\u0131 \u00f6\u011frencilerle bulu\u015fturmak istediklerini vurgulayan Nebio\u011flu, \u00e7al\u0131\u015fmalara t\u00fcm h\u0131z\u0131yla devam edildi\u011fini kaydetti.<\/p>\n<p style=\"text-align: justify;\">Kaynak: http:\/\/www.haberciniz.biz<\/p>\n","protected":false},"excerpt":{"rendered":"<p>Emre Nebio\u011flu, &#8220;K\u00fct\u00fcphanesiz Okul Kalmas\u0131n&#8221; projesi kapsam\u0131nda 19 okula SODES destekli k\u00fct\u00fcphane a\u00e7\u0131laca\u011f\u0131n\u0131 s\u00f6yledi. Nebio\u011flu, proje kapsam\u0131nda k\u00fct\u00fcphanesi hen\u00fcz kurulu\u015f a\u015famas\u0131nda olan okullara yap\u0131lan \u00e7al\u0131\u015fmalar\u0131 yerinde g\u00f6r\u00fcp, okul m\u00fcd\u00fcrlerinden k\u00fct\u00fcphane kurulum \u00e7al\u0131\u015fmalar\u0131 hakk\u0131nda bilgi ald\u0131.<\/p>\n","protected":false},"author":1,"featured_media":0,"comment_status":"open","ping_status":"open","sticky":false,"template":"","format":"standard","meta":{"footnotes":""},"categories":[],"tags":[845],"class_list":["post-2761","post","type-post","status-publish","format-standard","hentry","tag-okul-kutuphaneleri"],"_links":{"self":[{"href":"https:\/\/www.bbyhaber.com\/bby\/wp-json\/wp\/v2\/posts\/2761"}],"collection":[{"href":"https:\/\/www.bbyhaber.com\/bby\/wp-json\/wp\/v2\/posts"}],"about":[{"href":"https:\/\/www.bbyhaber.com\/bby\/wp-json\/wp\/v2\/types\/post"}],"author":[{"embeddable":true,"href":"https:\/\/www.bbyhaber.com\/bby\/wp-json\/wp\/v2\/users\/1"}],"replies":[{"embeddable":true,"href":"https:\/\/www.bbyhaber.com\/bby\/wp-json\/wp\/v2\/comments?post=2761"}],"version-history":[{"count":0,"href":"https:\/\/www.bbyhaber.com\/bby\/wp-json\/wp\/v2\/posts\/2761\/revisions"}],"wp:attachment":[{"href":"https:\/\/www.bbyhaber.com\/bby\/wp-json\/wp\/v2\/media?parent=2761"}],"wp:term":[{"taxonomy":"category","embeddable":true,"href":"https:\/\/www.bbyhaber.com\/bby\/wp-json\/wp\/v2\/categories?post=2761"},{"taxonomy":"post_tag","embeddable":true,"href":"https:\/\/www.bbyhaber.com\/bby\/wp-json\/wp\/v2\/tags?post=2761"}],"curies":[{"name":"wp","href":"https:\/\/api.w.org\/{rel}","templated":true}]}}