{"id":27604,"date":"2019-11-27T16:43:05","date_gmt":"2019-11-27T13:43:05","guid":{"rendered":"http:\/\/www.bbyhaber.com\/bby\/?p=27604"},"modified":"2019-12-02T11:15:13","modified_gmt":"2019-12-02T08:15:13","slug":"500-kutuphaneci-alimi-icin-mulakat-tarihleri-aciklandi","status":"publish","type":"post","link":"https:\/\/www.bbyhaber.com\/bby\/2019\/11\/27\/500-kutuphaneci-alimi-icin-mulakat-tarihleri-aciklandi","title":{"rendered":"500 K\u00fct\u00fcphaneci Al\u0131m\u0131 i\u00e7in M\u00fclakat Tarihleri A\u00e7\u0131kland\u0131"},"content":{"rendered":"<p><strong><a href=\"http:\/\/www.bbyhaber.com\/bby\/wp-content\/uploads\/2019\/11\/500-S\u00f6zle\u015fmeli-alimi-mulakat-tarihleri.jpg\"><img loading=\"lazy\" decoding=\"async\" class=\"alignleft wp-image-27605\" src=\"http:\/\/www.bbyhaber.com\/bby\/wp-content\/uploads\/2019\/11\/500-S\u00f6zle\u015fmeli-alimi-mulakat-tarihleri.jpg\" alt=\"\" width=\"382\" height=\"197\" srcset=\"https:\/\/www.bbyhaber.com\/bby\/wp-content\/uploads\/2019\/11\/500-S\u00f6zle\u015fmeli-alimi-mulakat-tarihleri.jpg 620w, https:\/\/www.bbyhaber.com\/bby\/wp-content\/uploads\/2019\/11\/500-S\u00f6zle\u015fmeli-alimi-mulakat-tarihleri-300x155.jpg 300w\" sizes=\"(max-width: 382px) 100vw, 382px\" \/><\/a>K\u00dcT\u00dcPHANEC\u0130\u00a0<\/strong>pozisyon unvan\u0131ndan ba\u015fvuranlardan duyuruda belirtilen durum ve \u015fartlara sahip olup, KPSS P3 puan\u0131na g\u00f6re pozisyon unvan say\u0131s\u0131n\u0131n \u00fc\u00e7 kat\u0131 aday aras\u0131na girerek s\u00f6zl\u00fc s\u0131nava kat\u0131lmaya hak kazanarak belgelerini teslim eden adaylar\u0131n s\u00f6zl\u00fc s\u0131nav g\u00fcnleri itibariyle listesi a\u015fa\u011f\u0131da yer alm\u0131\u015ft\u0131r.<!--more--><\/p>\n<p>S\u00f6zl\u00fc s\u0131nav, pozisyon unvan\u0131na ili\u015fkin mesleki bilgi d\u00fczeyi; Kavrama, muhakeme etme, \u00f6zetleme ve ifade etme yetene\u011fi; Liyakati, temsil kabiliyeti, davran\u0131\u015f ve tepkilerinin mesle\u011fe uygunlu\u011fu; \u00d6zg\u00fcveni, ikna kabiliyeti ve inand\u0131r\u0131c\u0131l\u0131\u011f\u0131; Genel yetenek ve genel k\u00fclt\u00fcr\u00fc; Bilimsel ve teknolojik geli\u015fmelere a\u00e7\u0131kl\u0131\u011f\u0131, yetkinliklerini \u00f6l\u00e7meye y\u00f6nelik olarak yap\u0131lacakt\u0131r.<\/p>\n<p><span style=\"color: #ff0000;\">S\u00f6zl\u00fc s\u0131nav 11-20\/12\/2019 tarihleri aras\u0131nda (15\/12\/2019 Pazar g\u00fcn\u00fc hari\u00e7) saat 09:30\u2019da ba\u015flamak ve o g\u00fcn s\u0131nava al\u0131nacaklar tamamlan\u0131ncaya kadar devam etmek \u00fczere,\u00a0<strong>Bah\u00e7elievler Mahallesi \u0130smet \u0130n\u00f6n\u00fc Bulvar\u0131 No:4 \u00c7ankaya\/Ankara adresinde bulunan Milli K\u00fct\u00fcphane Yunus Emre Toplant\u0131 Salonunda<\/strong>\u00a0yap\u0131lacakt\u0131r.<\/span><\/p>\n<p><strong>Adaylar\u0131n adreslerine ayr\u0131ca tebligat yap\u0131lmayacakt\u0131r.<\/strong><\/p>\n<p><strong><span style=\"color: #ff0000;\">M\u00dcLAKAT TAR\u0130HLER\u0130 L\u0130STES\u0130 A\u015eA\u011eIDAK\u0130 TABLODA MEVCUTTUR<\/span><\/strong><\/p>\n[table \u201c51\u201d not found \/]<br \/>\n\n<p>Kaynak: https:\/\/pdb.ktb.gov.tr\/TR-248870\/kultur-ve-turizm-bakanligi-sozlesmeli-personel-sozlu-si-.html<\/p>\n","protected":false},"excerpt":{"rendered":"<p>K\u00dcT\u00dcPHANEC\u0130\u00a0pozisyon unvan\u0131ndan ba\u015fvuranlardan duyuruda belirtilen durum ve \u015fartlara sahip olup, KPSS P3 puan\u0131na g\u00f6re pozisyon unvan say\u0131s\u0131n\u0131n \u00fc\u00e7 kat\u0131 aday aras\u0131na girerek s\u00f6zl\u00fc s\u0131nava kat\u0131lmaya hak kazanarak belgelerini teslim eden adaylar\u0131n s\u00f6zl\u00fc s\u0131nav g\u00fcnleri itibariyle listesi a\u015fa\u011f\u0131da yer alm\u0131\u015ft\u0131r.<\/p>\n","protected":false},"author":1,"featured_media":27605,"comment_status":"open","ping_status":"open","sticky":false,"template":"","format":"standard","meta":{"footnotes":""},"categories":[1521,31,1],"tags":[1187],"class_list":["post-27604","post","type-post","status-publish","format-standard","has-post-thumbnail","hentry","category-500-kutuphaneci","category-bbykpss","category-genel","tag-500-kutuphaneci-alimi"],"_links":{"self":[{"href":"https:\/\/www.bbyhaber.com\/bby\/wp-json\/wp\/v2\/posts\/27604"}],"collection":[{"href":"https:\/\/www.bbyhaber.com\/bby\/wp-json\/wp\/v2\/posts"}],"about":[{"href":"https:\/\/www.bbyhaber.com\/bby\/wp-json\/wp\/v2\/types\/post"}],"author":[{"embeddable":true,"href":"https:\/\/www.bbyhaber.com\/bby\/wp-json\/wp\/v2\/users\/1"}],"replies":[{"embeddable":true,"href":"https:\/\/www.bbyhaber.com\/bby\/wp-json\/wp\/v2\/comments?post=27604"}],"version-history":[{"count":7,"href":"https:\/\/www.bbyhaber.com\/bby\/wp-json\/wp\/v2\/posts\/27604\/revisions"}],"predecessor-version":[{"id":27652,"href":"https:\/\/www.bbyhaber.com\/bby\/wp-json\/wp\/v2\/posts\/27604\/revisions\/27652"}],"wp:featuredmedia":[{"embeddable":true,"href":"https:\/\/www.bbyhaber.com\/bby\/wp-json\/wp\/v2\/media\/27605"}],"wp:attachment":[{"href":"https:\/\/www.bbyhaber.com\/bby\/wp-json\/wp\/v2\/media?parent=27604"}],"wp:term":[{"taxonomy":"category","embeddable":true,"href":"https:\/\/www.bbyhaber.com\/bby\/wp-json\/wp\/v2\/categories?post=27604"},{"taxonomy":"post_tag","embeddable":true,"href":"https:\/\/www.bbyhaber.com\/bby\/wp-json\/wp\/v2\/tags?post=27604"}],"curies":[{"name":"wp","href":"https:\/\/api.w.org\/{rel}","templated":true}]}}