{"id":27598,"date":"2019-11-27T11:32:55","date_gmt":"2019-11-27T08:32:55","guid":{"rendered":"http:\/\/www.bbyhaber.com\/bby\/?p=27598"},"modified":"2019-11-27T11:50:41","modified_gmt":"2019-11-27T08:50:41","slug":"izmir-odemis-ilce-halk-kutuphanesinde-hukumlulerin-seslendirdigi-sesli-kitaplar-gorme-engelli-ogrencilere-sunuluyor","status":"publish","type":"post","link":"https:\/\/www.bbyhaber.com\/bby\/2019\/11\/27\/izmir-odemis-ilce-halk-kutuphanesinde-hukumlulerin-seslendirdigi-sesli-kitaplar-gorme-engelli-ogrencilere-sunuluyor","title":{"rendered":"\u0130zmir \u00d6demi\u015f \u0130l\u00e7e Halk K\u00fct\u00fcphanesi&#8217;nde H\u00fck\u00fcml\u00fclerin Seslendirdi\u011fi Sesli Kitaplar G\u00f6rme Engelli \u00d6\u011frencilere Sunuluyor."},"content":{"rendered":"<p><a href=\"http:\/\/www.bbyhaber.com\/bby\/wp-content\/uploads\/2019\/11\/genc-hukumluler-sesl-8b911b17589897b9b1d5.jpg\"><img loading=\"lazy\" decoding=\"async\" class=\"alignleft wp-image-27599 size-medium\" src=\"http:\/\/www.bbyhaber.com\/bby\/wp-content\/uploads\/2019\/11\/genc-hukumluler-sesl-8b911b17589897b9b1d5-300x169.jpg\" alt=\"\" width=\"300\" height=\"169\" srcset=\"https:\/\/www.bbyhaber.com\/bby\/wp-content\/uploads\/2019\/11\/genc-hukumluler-sesl-8b911b17589897b9b1d5-300x169.jpg 300w, https:\/\/www.bbyhaber.com\/bby\/wp-content\/uploads\/2019\/11\/genc-hukumluler-sesl-8b911b17589897b9b1d5-768x433.jpg 768w, https:\/\/www.bbyhaber.com\/bby\/wp-content\/uploads\/2019\/11\/genc-hukumluler-sesl-8b911b17589897b9b1d5-240x135.jpg 240w, https:\/\/www.bbyhaber.com\/bby\/wp-content\/uploads\/2019\/11\/genc-hukumluler-sesl-8b911b17589897b9b1d5.jpg 800w\" sizes=\"(max-width: 300px) 100vw, 300px\" \/><\/a>\u00d6demi\u015f Cumhuriyet Ba\u015fsavc\u0131l\u0131\u011f\u0131 Denetimli Serbestlik M\u00fcd\u00fcrl\u00fc\u011f\u00fc, \u00d6demi\u015f \u0130l\u00e7e Halk K\u00fct\u00fcphanesi ve Milli E\u011fitim m\u00fcd\u00fcrl\u00fc\u011f\u00fcn\u00fcn payda\u015flar\u0131 oldu\u011fu bir proje ger\u00e7ekle\u015ftiriliyor.<\/p>\n<p>Proje kapsam\u0131nda infaz\u0131 devam eden gen\u00e7 h\u00fck\u00fcml\u00fclere k\u00fct\u00fcphanede kitap okutularak ses kayd\u0131 al\u0131nmakta, sonras\u0131nda al\u0131nan ses kay\u0131tlar\u0131 g\u00f6rme engelli \u00f6\u011frencilere sunulmaktad\u0131r.<\/p>\n<p>\u00d6demi\u015f Denetim Serbestlik M\u00fcd\u00fcr\u00fc Timu\u00e7in G\u00f6\u00e7, gazetecilere yapt\u0131\u011f\u0131 a\u00e7\u0131klamada, ama\u00e7lar\u0131n\u0131n su\u00e7a s\u00fcr\u00fcklenen gen\u00e7lere kitap okuma al\u0131\u015fkanl\u0131\u011f\u0131 kazand\u0131rmak ve g\u00f6rme engellilere kaynak olu\u015fturmak oldu\u011funu ifade etti.<\/p>\n<p>&nbsp;<\/p>\n","protected":false},"excerpt":{"rendered":"<p>\u00d6demi\u015f Cumhuriyet Ba\u015fsavc\u0131l\u0131\u011f\u0131 Denetimli Serbestlik M\u00fcd\u00fcrl\u00fc\u011f\u00fc, \u00d6demi\u015f \u0130l\u00e7e Halk K\u00fct\u00fcphanesi ve Milli E\u011fitim m\u00fcd\u00fcrl\u00fc\u011f\u00fcn\u00fcn payda\u015flar\u0131 oldu\u011fu bir proje ger\u00e7ekle\u015ftiriliyor. Proje kapsam\u0131nda infaz\u0131 devam eden gen\u00e7 h\u00fck\u00fcml\u00fclere k\u00fct\u00fcphanede kitap okutularak ses kayd\u0131 al\u0131nmakta, sonras\u0131nda al\u0131nan ses kay\u0131tlar\u0131 g\u00f6rme engelli \u00f6\u011frencilere sunulmaktad\u0131r. \u00d6demi\u015f Denetim Serbestlik M\u00fcd\u00fcr\u00fc Timu\u00e7in G\u00f6\u00e7, gazetecilere yapt\u0131\u011f\u0131 a\u00e7\u0131klamada, ama\u00e7lar\u0131n\u0131n su\u00e7a s\u00fcr\u00fcklenen gen\u00e7lere kitap okuma [&hellip;]<\/p>\n","protected":false},"author":129,"featured_media":27599,"comment_status":"open","ping_status":"open","sticky":false,"template":"","format":"standard","meta":{"footnotes":""},"categories":[1],"tags":[],"class_list":["post-27598","post","type-post","status-publish","format-standard","has-post-thumbnail","hentry","category-genel"],"_links":{"self":[{"href":"https:\/\/www.bbyhaber.com\/bby\/wp-json\/wp\/v2\/posts\/27598"}],"collection":[{"href":"https:\/\/www.bbyhaber.com\/bby\/wp-json\/wp\/v2\/posts"}],"about":[{"href":"https:\/\/www.bbyhaber.com\/bby\/wp-json\/wp\/v2\/types\/post"}],"author":[{"embeddable":true,"href":"https:\/\/www.bbyhaber.com\/bby\/wp-json\/wp\/v2\/users\/129"}],"replies":[{"embeddable":true,"href":"https:\/\/www.bbyhaber.com\/bby\/wp-json\/wp\/v2\/comments?post=27598"}],"version-history":[{"count":3,"href":"https:\/\/www.bbyhaber.com\/bby\/wp-json\/wp\/v2\/posts\/27598\/revisions"}],"predecessor-version":[{"id":27602,"href":"https:\/\/www.bbyhaber.com\/bby\/wp-json\/wp\/v2\/posts\/27598\/revisions\/27602"}],"wp:featuredmedia":[{"embeddable":true,"href":"https:\/\/www.bbyhaber.com\/bby\/wp-json\/wp\/v2\/media\/27599"}],"wp:attachment":[{"href":"https:\/\/www.bbyhaber.com\/bby\/wp-json\/wp\/v2\/media?parent=27598"}],"wp:term":[{"taxonomy":"category","embeddable":true,"href":"https:\/\/www.bbyhaber.com\/bby\/wp-json\/wp\/v2\/categories?post=27598"},{"taxonomy":"post_tag","embeddable":true,"href":"https:\/\/www.bbyhaber.com\/bby\/wp-json\/wp\/v2\/tags?post=27598"}],"curies":[{"name":"wp","href":"https:\/\/api.w.org\/{rel}","templated":true}]}}