{"id":2758,"date":"2012-02-25T16:45:25","date_gmt":"2012-02-25T16:45:25","guid":{"rendered":"http:\/\/www.bbyhaber.com\/bby\/?p=2758"},"modified":"2012-09-07T17:51:16","modified_gmt":"2012-09-07T14:51:16","slug":"hayirsever-isadamindan-ilkogretim-okuluna-kutuphane-ve-okuma-salonu-hatay","status":"publish","type":"post","link":"https:\/\/www.bbyhaber.com\/bby\/2012\/02\/25\/hayirsever-isadamindan-ilkogretim-okuluna-kutuphane-ve-okuma-salonu-hatay","title":{"rendered":"Hay\u0131rsever \u0130\u015fadam\u0131ndan \u0130lk\u00f6\u011fretim Okuluna K\u00fct\u00fcphane ve Okuma Salonu-Hatay"},"content":{"rendered":"<p style=\"text-align: justify;\">D\u00f6rtyol \u015eehit Harun Ta\u015f \u0130lk\u00f6\u011fretim Okulu\u2019na Hay\u0131rsever \u0130\u015fadam\u0131 Ortado\u011fu Al\u00fcminyum A.\u015e. Y\u00f6netim Kurulu Ba\u015fkan\u0131 Hikmet Aslan taraf\u0131ndan olu\u015fturulan k\u00fct\u00fcphane ve okuma salonu t\u00f6renle hizmete a\u00e7\u0131ld\u0131. T\u00f6rene D\u00f6rtyol \u0130l\u00e7e Kaymakam\u0131 Hasan \u00d6syi\u011fit, AK Parti Hatay Milletvekili Hac\u0131 Bayram T\u00fcrko\u011flu, \u0130\u015fadam\u0131 Hikmet Aslan, \u0130l\u00e7e Milli E\u011fitim M\u00fcd\u00fcr\u00fc Mevl\u00fct Erdal, \u015eube M\u00fcd\u00fcr\u00fc Ahmet T\u00fcrko\u011flu ile \u00f6\u011fretmen ve \u00f6\u011frenciler kat\u0131ld\u0131.<!--more--><\/p>\n<p style=\"text-align: justify;\">\u00d6zerli Mahallesi&#8217;ndeki \u015eehit Harun Ta\u015f \u0130lk\u00f6\u011fretim Okulunda d\u00fczenlenen t\u00f6rende konu\u015fan D\u00f6rtyol Kaymakam Hac\u0131 Hasan \u00d6zyi\u011fit, hay\u0131rsever i\u015fadam\u0131 Hikmet Aslan taraf\u0131ndan yapt\u0131r\u0131lan k\u00fct\u00fcphane ve Okuma Salonunun , \u00f6\u011frencilerin bilgi \u00e7a\u011f\u0131nda imkanlardan daha fazla yararlanmas\u0131na katk\u0131 sunaca\u011f\u0131n\u0131 s\u00f6yledi. \u00d6zyi\u011fit, e\u011fitime katk\u0131 sunan i\u015fadam\u0131na katk\u0131lar\u0131ndan dolay\u0131 te\u015fekk\u00fcr etti.<\/p>\n<p style=\"text-align: justify;\">\u0130\u015fadam\u0131 Aslan da e\u011fitim kurumlar\u0131na destek vermekten b\u00fcy\u00fck mutluluk duyduklar\u0131n\u0131 ifade ederek imkanlar \u00f6l\u00e7\u00fcs\u00fcnde bu t\u00fcr yard\u0131mlar\u0131n devam edece\u011fini s\u00f6yledi. Okul M\u00fcd\u00fcr\u00fc Servet Er ise 2009 y\u0131l\u0131ndan bu yana hizmet veren okulda 700 \u00f6\u011frencisinin e\u011fitim g\u00f6rd\u00fc\u011f\u00fcn\u00fc vurgulayarak, &#8220;Y\u00f6neticilerimizin gayreti, hay\u0131rsever i\u015fadamlar\u0131m\u0131z\u0131n katk\u0131lar\u0131 ve ekibimizin \u00f6zverili, fedakar \u00e7al\u0131\u015fmalar\u0131 sayesinde hedeflerimize emin ad\u0131mlarla y\u00fcr\u00fcyoruz.&#8221; dedi. Konu\u015fmalar\u0131n ard\u0131ndan AK Parti Hatay Milletvekili Hac\u0131 Bayram T\u00fcrko\u011flu taraf\u0131ndan \u0130\u015fadam\u0131 Hikmet Aslan\u2019a yapt\u0131\u011f\u0131 katk\u0131lardan dolay\u0131 plaket verildi.<\/p>\n<p style=\"text-align: justify;\">Kaynak: http:\/\/www.haber50.com<\/p>\n","protected":false},"excerpt":{"rendered":"<p>D\u00f6rtyol \u015eehit Harun Ta\u015f \u0130lk\u00f6\u011fretim Okulu\u2019na Hay\u0131rsever \u0130\u015fadam\u0131 Ortado\u011fu Al\u00fcminyum A.\u015e. Y\u00f6netim Kurulu Ba\u015fkan\u0131 Hikmet Aslan taraf\u0131ndan olu\u015fturulan k\u00fct\u00fcphane ve okuma salonu t\u00f6renle hizmete a\u00e7\u0131ld\u0131. T\u00f6rene D\u00f6rtyol \u0130l\u00e7e Kaymakam\u0131 Hasan \u00d6syi\u011fit, AK Parti Hatay Milletvekili Hac\u0131 Bayram T\u00fcrko\u011flu, \u0130\u015fadam\u0131 Hikmet Aslan, \u0130l\u00e7e Milli E\u011fitim M\u00fcd\u00fcr\u00fc Mevl\u00fct Erdal, \u015eube M\u00fcd\u00fcr\u00fc Ahmet T\u00fcrko\u011flu ile \u00f6\u011fretmen ve \u00f6\u011frenciler [&hellip;]<\/p>\n","protected":false},"author":1,"featured_media":0,"comment_status":"open","ping_status":"open","sticky":false,"template":"","format":"standard","meta":{"footnotes":""},"categories":[],"tags":[845],"class_list":["post-2758","post","type-post","status-publish","format-standard","hentry","tag-okul-kutuphaneleri"],"_links":{"self":[{"href":"https:\/\/www.bbyhaber.com\/bby\/wp-json\/wp\/v2\/posts\/2758"}],"collection":[{"href":"https:\/\/www.bbyhaber.com\/bby\/wp-json\/wp\/v2\/posts"}],"about":[{"href":"https:\/\/www.bbyhaber.com\/bby\/wp-json\/wp\/v2\/types\/post"}],"author":[{"embeddable":true,"href":"https:\/\/www.bbyhaber.com\/bby\/wp-json\/wp\/v2\/users\/1"}],"replies":[{"embeddable":true,"href":"https:\/\/www.bbyhaber.com\/bby\/wp-json\/wp\/v2\/comments?post=2758"}],"version-history":[{"count":0,"href":"https:\/\/www.bbyhaber.com\/bby\/wp-json\/wp\/v2\/posts\/2758\/revisions"}],"wp:attachment":[{"href":"https:\/\/www.bbyhaber.com\/bby\/wp-json\/wp\/v2\/media?parent=2758"}],"wp:term":[{"taxonomy":"category","embeddable":true,"href":"https:\/\/www.bbyhaber.com\/bby\/wp-json\/wp\/v2\/categories?post=2758"},{"taxonomy":"post_tag","embeddable":true,"href":"https:\/\/www.bbyhaber.com\/bby\/wp-json\/wp\/v2\/tags?post=2758"}],"curies":[{"name":"wp","href":"https:\/\/api.w.org\/{rel}","templated":true}]}}