{"id":27577,"date":"2019-11-25T13:25:31","date_gmt":"2019-11-25T10:25:31","guid":{"rendered":"http:\/\/www.bbyhaber.com\/bby\/?p=27577"},"modified":"2019-11-25T13:25:31","modified_gmt":"2019-11-25T10:25:31","slug":"cocuklar-kutuphanesiz-buyuyor","status":"publish","type":"post","link":"https:\/\/www.bbyhaber.com\/bby\/2019\/11\/25\/cocuklar-kutuphanesiz-buyuyor","title":{"rendered":"\u00c7ocuklar k\u00fct\u00fcphanesiz b\u00fcy\u00fcyor"},"content":{"rendered":"<p><strong><a href=\"http:\/\/www.bbyhaber.com\/bby\/wp-content\/uploads\/2019\/11\/cocuk-kutuphaneleri-raporu.jpg\"><img loading=\"lazy\" decoding=\"async\" class=\"alignleft size-full wp-image-27579\" src=\"http:\/\/www.bbyhaber.com\/bby\/wp-content\/uploads\/2019\/11\/cocuk-kutuphaneleri-raporu.jpg\" alt=\"\" width=\"390\" height=\"180\" \/><\/a>T\u00fcrk K\u00fct\u00fcphaneciler Derne\u011fi Genel Ba\u015fkan Yard\u0131mc\u0131s\u0131 Ayd\u0131n \u0130leri<\/strong>, T\u00fcrkiye\u2019de \u00e7ocuk k\u00fct\u00fcphanelerinin durumu \u00fczerine haz\u0131rlad\u0131\u011f\u0131 raporu yay\u0131nlad\u0131. Raporda K\u00fclt\u00fcr ve Turizm Bakanl\u0131\u011f\u0131na ve Milli E\u011fitim Bakanl\u0131\u011f\u0131na ba\u011fl\u0131 kurumlar\u0131n \u00e7ocuk ve okul k\u00fct\u00fcphaneleri de\u011ferlendirildi. 55 tane \u00e7ocuk temal\u0131 ba\u011f\u0131ms\u0131z bir yap\u0131da \u00e7ocuklara \u00f6zel hizmet sunan k\u00fct\u00fcphane bulundu\u011fu belirtilen raporda a\u00e7\u0131k olan <strong>47 k\u00fct\u00fcphanenin 35 ilde hizmet verdi\u011fi<\/strong> dikkat \u00e7ekildi, <strong>47 ilde ba\u011f\u0131ms\u0131z \u00e7ocuk k\u00fct\u00fcphanesi bulunmad\u0131\u011f\u0131n\u0131<\/strong> ifade edildi.<!--more--><\/p>\n<p><strong>B\u00dcY\u00dcK\u015eEH\u0130RLER ALARM VER\u0130YOR<\/strong><br \/>\nRapora g\u00f6re \u00e7ocuk n\u00fcfusunun en \u00e7ok ya\u015fad\u0131\u011f\u0131 b\u00fcy\u00fck\u015fehirlerdeki \u00e7ocuk k\u00fct\u00fcphaneleri rakamlar\u0131 alarm verecek d\u00fczeyde. En \u00e7ok \u00e7ocu\u011fun ya\u015fad\u0131\u011f\u0131 il olan <strong>\u0130stanbul<\/strong>\u2019da\u00a0sadece <strong>4<\/strong>\u2019ken <strong>Ankara\u2019da 1<\/strong>, <strong>\u0130zmir\u2019de ise 2 \u00e7ocuk k\u00fct\u00fcphanesi<\/strong> bulunuyor. <span style=\"color: #ff0000;\">\u00c7ocuk k\u00fct\u00fcphanelerinde \u00e7al\u0131\u015fan personelin k\u00fct\u00fcphanecilik ve uzmanl\u0131k gerektiren e\u011fitimleri olmad\u0131\u011f\u0131n\u0131 belirtilen raporda<\/span> yeterli olmamakla birlikte son 5 y\u0131lda \u00e7ocuk k\u00fct\u00fcphanelerinde fiziksel ve koleksiyon olarak iyile\u015ftirmeler, yenilemeler ve \u00e7al\u0131\u015ftaylar\u0131n yap\u0131ld\u0131\u011f\u0131 aktar\u0131l\u0131yor.<\/p>\n<p><strong>OKULLARDA K\u00dcT\u00dcPHANE YOK<\/strong><br \/>\nRaporun son b\u00f6l\u00fcm\u00fcnde <span style=\"color: #ff0000;\">Milli E\u011fitim Bakanl\u0131\u011f\u0131na ba\u011fl\u0131 okullarda k\u00fct\u00fcphane hizmeti olmad\u0131\u011f\u0131na dikkat \u00e7ekiliyor<\/span>. T\u00fcrkiye \u0130statistik Kurumu\u2019nun 2018 y\u0131l\u0131nda okullar i\u00e7in verdi\u011fi 26 bin 690 k\u00fct\u00fcphanesi say\u0131s\u0131n\u0131n do\u011fru kabul edildi\u011finde bile <span style=\"color: #ff0000;\">T\u00fcrkiye\u2019deki e\u011fitim kurumlar\u0131n\u0131n 38 bin 874 okulda k\u00fct\u00fcphane bulunmad\u0131\u011f\u0131 vurgulan\u0131yor.<\/span><\/p>\n<p><strong>&#8220;\u00c7OCUKLARIN K\u00dcT\u00dcPHANE HAKKINI SAVUNMAK G\u00d6REV\u0130M\u0130Z&#8221;<\/strong><br \/>\nRaporu haz\u0131rlayan T\u00fcrk K\u00fct\u00fcphaneciler Derne\u011fi Genel Ba\u015fkan Yard\u0131mc\u0131s\u0131 <strong>Ayd\u0131n \u0130leri, \u201cNitelikli \u00e7ocuk ve okul k\u00fct\u00fcphanesi hizmeti almak \u00e7ocuklar\u0131n hakk\u0131d\u0131r. \u00c7ocuklar\u0131n k\u00fct\u00fcphane hakk\u0131n\u0131 savunmak g\u00f6revimiz\u201d dedi<\/strong>. \u00c7ocuklar\u0131n, \u00e7ocuk ve okul k\u00fct\u00fcphanesi hizmeti alamamas\u0131n\u0131 anayasal bir ihlal olarak de\u011ferlendiren \u0130leri, \u00e7ocuk haklar\u0131 s\u00f6zle\u015fmelerinde ge\u00e7en; \u2018\u00c7ocu\u011fun bilimsel ve edebi bilgiye \u00fccretsiz eri\u015fim hakk\u0131\u2019n\u0131n engellendi\u011fini ifade etti. \u0130leri; icrac\u0131 bakanl\u0131klar\u0131n konuyu \u00e7ocuk haklar\u0131 ba\u011flam\u0131nda ele alarak \u00e7ocuklar\u0131m\u0131z\u0131n ma\u011fduriyetini gidermeleri \u00e7ok acil g\u00f6rev olarak yapmalar\u0131n\u0131n gereklili\u011fine vurgu yapt\u0131.<\/p>\n<p><a href=\"https:\/\/www.evrensel.net\/haber\/391614\/rapor-cocuklar-kutuphanesiz-buyuyor\" target=\"_blank\" rel=\"noopener\">Kaynak<\/a><\/p>\n","protected":false},"excerpt":{"rendered":"<p>T\u00fcrk K\u00fct\u00fcphaneciler Derne\u011fi Genel Ba\u015fkan Yard\u0131mc\u0131s\u0131 Ayd\u0131n \u0130leri, T\u00fcrkiye\u2019de \u00e7ocuk k\u00fct\u00fcphanelerinin durumu \u00fczerine haz\u0131rlad\u0131\u011f\u0131 raporu yay\u0131nlad\u0131. Raporda K\u00fclt\u00fcr ve Turizm Bakanl\u0131\u011f\u0131na ve Milli E\u011fitim Bakanl\u0131\u011f\u0131na ba\u011fl\u0131 kurumlar\u0131n \u00e7ocuk ve okul k\u00fct\u00fcphaneleri de\u011ferlendirildi. 55 tane \u00e7ocuk temal\u0131 ba\u011f\u0131ms\u0131z bir yap\u0131da \u00e7ocuklara \u00f6zel hizmet sunan k\u00fct\u00fcphane bulundu\u011fu belirtilen raporda a\u00e7\u0131k olan 47 k\u00fct\u00fcphanenin 35 ilde hizmet verdi\u011fi [&hellip;]<\/p>\n","protected":false},"author":1,"featured_media":27579,"comment_status":"open","ping_status":"open","sticky":false,"template":"","format":"standard","meta":{"footnotes":""},"categories":[1476,1553,1],"tags":[1439],"class_list":["post-27577","post","type-post","status-publish","format-standard","has-post-thumbnail","hentry","category-aydin-ileri","category-cocuk-kutuphaneleri","category-genel","tag-cocuk-kutuphaneleri"],"_links":{"self":[{"href":"https:\/\/www.bbyhaber.com\/bby\/wp-json\/wp\/v2\/posts\/27577"}],"collection":[{"href":"https:\/\/www.bbyhaber.com\/bby\/wp-json\/wp\/v2\/posts"}],"about":[{"href":"https:\/\/www.bbyhaber.com\/bby\/wp-json\/wp\/v2\/types\/post"}],"author":[{"embeddable":true,"href":"https:\/\/www.bbyhaber.com\/bby\/wp-json\/wp\/v2\/users\/1"}],"replies":[{"embeddable":true,"href":"https:\/\/www.bbyhaber.com\/bby\/wp-json\/wp\/v2\/comments?post=27577"}],"version-history":[{"count":1,"href":"https:\/\/www.bbyhaber.com\/bby\/wp-json\/wp\/v2\/posts\/27577\/revisions"}],"predecessor-version":[{"id":27580,"href":"https:\/\/www.bbyhaber.com\/bby\/wp-json\/wp\/v2\/posts\/27577\/revisions\/27580"}],"wp:featuredmedia":[{"embeddable":true,"href":"https:\/\/www.bbyhaber.com\/bby\/wp-json\/wp\/v2\/media\/27579"}],"wp:attachment":[{"href":"https:\/\/www.bbyhaber.com\/bby\/wp-json\/wp\/v2\/media?parent=27577"}],"wp:term":[{"taxonomy":"category","embeddable":true,"href":"https:\/\/www.bbyhaber.com\/bby\/wp-json\/wp\/v2\/categories?post=27577"},{"taxonomy":"post_tag","embeddable":true,"href":"https:\/\/www.bbyhaber.com\/bby\/wp-json\/wp\/v2\/tags?post=27577"}],"curies":[{"name":"wp","href":"https:\/\/api.w.org\/{rel}","templated":true}]}}