{"id":27563,"date":"2019-11-14T08:39:32","date_gmt":"2019-11-14T05:39:32","guid":{"rendered":"http:\/\/www.bbyhaber.com\/bby\/?p=27563"},"modified":"2019-11-14T08:39:57","modified_gmt":"2019-11-14T05:39:57","slug":"tip-kutuphanecileri-icin-eahil-workshops-2021-marmara-universitesinde-duzenlenecek","status":"publish","type":"post","link":"https:\/\/www.bbyhaber.com\/bby\/2019\/11\/14\/tip-kutuphanecileri-icin-eahil-workshops-2021-marmara-universitesinde-duzenlenecek","title":{"rendered":"T\u0131p K\u00fct\u00fcphanecileri i\u00e7in &#8220;EAHIL Workshops 2021&#8221; Marmara \u00dcniversitesi&#8217;nde d\u00fczenlenecek"},"content":{"rendered":"<p><a href=\"http:\/\/www.bbyhaber.com\/bby\/wp-content\/uploads\/2019\/11\/ehil2021.jpg\"><img loading=\"lazy\" decoding=\"async\" class=\"alignleft size-full wp-image-27564\" src=\"http:\/\/www.bbyhaber.com\/bby\/wp-content\/uploads\/2019\/11\/ehil2021.jpg\" alt=\"\" width=\"390\" height=\"180\" \/><\/a>Avrupa&#8217;daki t\u0131p ve sa\u011fl\u0131k bilimleri k\u00fct\u00fcphanelerinde \u00e7al\u0131\u015fan k\u00fct\u00fcphanecileri ve bilgi profesyonellerini birle\u015ftiren ve bir araya getiren aktif bir dernek olan The European Association for Health Information and Libraries (EAHIL) taraf\u0131ndan her y\u0131l d\u00fczenlenen &#8220;<a href=\"http:\/\/eahil.eu\/eahil-2021-istanbul-turkey\/\" target=\"_blank\" rel=\"noopener\">EAHIL Workshops&#8221; 2021<\/a> y\u0131l\u0131nda <strong>Marmara \u00dcniversitesi<\/strong> ev sahipli\u011finde organize edilecektir.\u00a0<!--more-->Daha \u00f6nce 2011 y\u0131l\u0131nda Ko\u00e7 \u00dcniversitesi&#8217;nde ger\u00e7ekle\u015ftirilmi\u015f olan EAHIL 2011&#8217;in ard\u0131ndan ikinci kez yine \u0130stanbul ev sahipli\u011finde uluslararas\u0131 bir toplant\u0131da t\u0131p k\u00fct\u00fcphanecileri bir araya gelecektir. EAHIL Workshops t\u0131p ve sa\u011fl\u0131k alan\u0131nda \u00e7al\u0131\u015fan k\u00fct\u00fcphane profesyonelleri i\u00e7in yeni etkile\u015fimler ve beceriler geli\u015ftiren bilimsel ve uygulamalara y\u00f6nelik \u00e7al\u0131\u015fmalar\u0131 desteklemektedir. Ayr\u0131ca 30&#8217;u a\u015fk\u0131n poster sergisi ile de profesyonel k\u00fct\u00fcphaneciler aras\u0131nda ileti\u015fim sa\u011flamaktad\u0131r.<\/p>\n<p>\u00dclkemiz <strong>T\u0131p K\u00fct\u00fcphanecili\u011fi<\/strong> ad\u0131na ger\u00e7ekle\u015ftirilecek bu toplant\u0131 i\u00e7in Marmara \u00dcniversitesi K\u00fct\u00fcphane ve Dok\u00fcmantasyon Daire Ba\u015fkanl\u0131\u011f\u0131 ekibini tebrik ediyor ve ba\u015far\u0131lar\u0131n\u0131n devam\u0131n\u0131 diliyoruz.<\/p>\n","protected":false},"excerpt":{"rendered":"<p>Avrupa&#8217;daki t\u0131p ve sa\u011fl\u0131k bilimleri k\u00fct\u00fcphanelerinde \u00e7al\u0131\u015fan k\u00fct\u00fcphanecileri ve bilgi profesyonellerini birle\u015ftiren ve bir araya getiren aktif bir dernek olan The European Association for Health Information and Libraries (EAHIL) taraf\u0131ndan her y\u0131l d\u00fczenlenen &#8220;EAHIL Workshops&#8221; 2021 y\u0131l\u0131nda Marmara \u00dcniversitesi ev sahipli\u011finde organize edilecektir.\u00a0<\/p>\n","protected":false},"author":1,"featured_media":27564,"comment_status":"open","ping_status":"open","sticky":false,"template":"","format":"standard","meta":{"footnotes":""},"categories":[1],"tags":[1394],"class_list":["post-27563","post","type-post","status-publish","format-standard","has-post-thumbnail","hentry","category-genel","tag-bby-mesleki-etkinlikler"],"_links":{"self":[{"href":"https:\/\/www.bbyhaber.com\/bby\/wp-json\/wp\/v2\/posts\/27563"}],"collection":[{"href":"https:\/\/www.bbyhaber.com\/bby\/wp-json\/wp\/v2\/posts"}],"about":[{"href":"https:\/\/www.bbyhaber.com\/bby\/wp-json\/wp\/v2\/types\/post"}],"author":[{"embeddable":true,"href":"https:\/\/www.bbyhaber.com\/bby\/wp-json\/wp\/v2\/users\/1"}],"replies":[{"embeddable":true,"href":"https:\/\/www.bbyhaber.com\/bby\/wp-json\/wp\/v2\/comments?post=27563"}],"version-history":[{"count":2,"href":"https:\/\/www.bbyhaber.com\/bby\/wp-json\/wp\/v2\/posts\/27563\/revisions"}],"predecessor-version":[{"id":27566,"href":"https:\/\/www.bbyhaber.com\/bby\/wp-json\/wp\/v2\/posts\/27563\/revisions\/27566"}],"wp:featuredmedia":[{"embeddable":true,"href":"https:\/\/www.bbyhaber.com\/bby\/wp-json\/wp\/v2\/media\/27564"}],"wp:attachment":[{"href":"https:\/\/www.bbyhaber.com\/bby\/wp-json\/wp\/v2\/media?parent=27563"}],"wp:term":[{"taxonomy":"category","embeddable":true,"href":"https:\/\/www.bbyhaber.com\/bby\/wp-json\/wp\/v2\/categories?post=27563"},{"taxonomy":"post_tag","embeddable":true,"href":"https:\/\/www.bbyhaber.com\/bby\/wp-json\/wp\/v2\/tags?post=27563"}],"curies":[{"name":"wp","href":"https:\/\/api.w.org\/{rel}","templated":true}]}}