{"id":2754,"date":"2012-02-24T15:39:10","date_gmt":"2012-02-24T15:39:10","guid":{"rendered":"http:\/\/www.bbyhaber.com\/bby\/?p=2754"},"modified":"2013-02-13T11:21:35","modified_gmt":"2013-02-13T09:21:35","slug":"babalari-kitap-okusun-diye-kahvehaneye-kutuphane-kurdular","status":"publish","type":"post","link":"https:\/\/www.bbyhaber.com\/bby\/2012\/02\/24\/babalari-kitap-okusun-diye-kahvehaneye-kutuphane-kurdular","title":{"rendered":"Babalar\u0131 kitap okusun diye kahvehaneye k\u00fct\u00fcphane kurdular"},"content":{"rendered":"<div id=\"news_content\" style=\"text-align: justify;\">\n<p>Malatya&#8217;n\u0131n Arguvan il\u00e7esine ba\u011fl\u0131 Yaz\u0131ba\u015f\u0131 k\u00f6y\u00fcndeki ilk\u00f6\u011fretim okulunda e\u011fitim g\u00f6ren \u00e7ocuklar, \u00f6\u011fretmenlerinin de deste\u011fiyle ba\u015flatt\u0131klar\u0131 okuma seferberli\u011fi kapsam\u0131nda, babalar\u0131n\u0131n da okuma al\u0131\u015fkanl\u0131\u011f\u0131 kazanmas\u0131 i\u00e7in, har\u00e7l\u0131klar\u0131yla ald\u0131klar\u0131 kitaplarla k\u00f6ydeki kahvehaneye k\u00fct\u00fcphane kurdu. Arguvan Kaymakam\u0131 Mehmet Mara\u015fl\u0131&#8217;n\u0131n ba\u015flatt\u0131\u011f\u0131 &#8221;Arguvan Okuyor&#8221; kampanyas\u0131na destek vermek i\u00e7in harekete ge\u00e7en \u00f6\u011frencilerden Servet Gedik, Adil Kaya, Murat \u0130nce, Fatih Aslan, Mert Aslan ve H\u00fcseyin Kaya, \u00f6\u011fretmenlerinin de deste\u011fiyle okuma seferberli\u011fi ba\u015flatt\u0131.<!--more--> Babalar\u0131n\u0131n verdi\u011fi har\u00e7l\u0131klarla kitap alan ve k\u00f6ydeki kahvehaneye k\u00fct\u00fcphane kuran \u00e7ocuklar, kitaplar\u0131 babalar\u0131na hediye etti. \u00d6\u011frenciler, olu\u015fturulan k\u00fct\u00fcphanede babalar\u0131yla birlikte g\u00fcn\u00fcn belirli saatlerinde kitap okuyor.<\/p>\n<p>K\u00f6y muhtar\u0131 Abd\u00fclkadir Aslan, AA muhabirine yapt\u0131\u011f\u0131 a\u00e7\u0131klamada, \u00e7ocuklar\u0131n bu \u00f6rnek davran\u0131\u015f\u0131ndan \u00e7ok etkilendiklerini belirterek, babalar olarak onlar\u0131n bu davran\u0131\u015flar\u0131na destek verdiklerini s\u00f6yledi.\u00c7ocuklar\u0131n kendilerini kitap okumaya te\u015fvik etmesinden dolay\u0131 mutlu olduklar\u0131n\u0131 belirten Aslan, &#8221;Bizim verdi\u011fimiz har\u00e7l\u0131klarla kitap alm\u0131\u015flar. Kahvehaneye gelerek bizlere da\u011f\u0131tt\u0131lar. K\u00fct\u00fcphane kurulmas\u0131n\u0131 istediler. Biz de onlar\u0131 k\u0131rmad\u0131k ve kitapl\u0131k ald\u0131k. Bo\u015f zamanlar\u0131m\u0131zda kahvehanede oyun oynamak yerine art\u0131k kitap okuyoruz. \u00c7ocuklar\u0131m\u0131za okuma sevgisi a\u015f\u0131lad\u0131klar\u0131 i\u00e7in \u00f6\u011fretmenlerimize de te\u015fekk\u00fcr ediyoruz&#8221; dedi.<\/p>\n<p>Velilerden Abidin Kaya da, \u00f6\u011frencilerin sergiledi\u011fi bu tavr\u0131n kendilerine \u00f6rnek oldu\u011funu, k\u0131\u015f aylar\u0131nda k\u00f6yde fazla i\u015f olmamas\u0131 nedeniyle onlar\u0131n sayesinde kitap okumaya ba\u015flad\u0131klar\u0131n\u0131 s\u00f6yledi. \u00c7ocu\u011funun hediye etti\u011fi kitab\u0131 okudu\u011funu belirten Kaya, belirli g\u00fcnlerde ve \u00e7ocuklar\u0131n belirledi\u011fi saatlerde birlikte kitap okumak i\u00e7in program yapacaklar\u0131n\u0131 kaydetti. Okuma seferberli\u011fi ba\u015flatan \u00f6\u011frencilerden Murat \u0130nce ise \u00f6\u011fretmenlerinin kendilerini kitap okumaya te\u015fvik etti\u011fini, onlar\u0131n deste\u011fiyle babalar\u0131n\u0131n da kitap okumas\u0131n\u0131 istedikleri i\u00e7in b\u00f6yle bir kampanya yapt\u0131klar\u0131n\u0131 belirterek, &#8221;\u00d6\u011fretmenlerimizin \u00f6nc\u00fcl\u00fck etmesiyle, di\u011fer arkada\u015flar\u0131m\u0131zla birlikte b\u00fcy\u00fcklerimizin de kitap okumas\u0131 i\u00e7in kampanya ba\u015flatt\u0131k. Har\u00e7l\u0131klar\u0131m\u0131zdan kitap ald\u0131k. \u00d6\u011fretmenlerimiz ve babalar\u0131m\u0131z\u0131n maddi deste\u011fiyle k\u00f6y kahvehanesine k\u00fct\u00fcphane kurduk. Babalar\u0131m\u0131z\u0131n bo\u015f zamanlar\u0131nda kitap okumas\u0131n\u0131 istiyoruz&#8221; dedi.<\/p>\n<p>Kaynak: http:\/\/www.malatyaguncel.com<\/p>\n<\/div>\n","protected":false},"excerpt":{"rendered":"<p>Malatya&#8217;n\u0131n Arguvan il\u00e7esine ba\u011fl\u0131 Yaz\u0131ba\u015f\u0131 k\u00f6y\u00fcndeki ilk\u00f6\u011fretim okulunda e\u011fitim g\u00f6ren \u00e7ocuklar, \u00f6\u011fretmenlerinin de deste\u011fiyle ba\u015flatt\u0131klar\u0131 okuma seferberli\u011fi kapsam\u0131nda, babalar\u0131n\u0131n da okuma al\u0131\u015fkanl\u0131\u011f\u0131 kazanmas\u0131 i\u00e7in, har\u00e7l\u0131klar\u0131yla ald\u0131klar\u0131 kitaplarla k\u00f6ydeki kahvehaneye k\u00fct\u00fcphane kurdu. Arguvan Kaymakam\u0131 Mehmet Mara\u015fl\u0131&#8217;n\u0131n ba\u015flatt\u0131\u011f\u0131 &#8221;Arguvan Okuyor&#8221; kampanyas\u0131na destek vermek i\u00e7in harekete ge\u00e7en \u00f6\u011frencilerden Servet Gedik, Adil Kaya, Murat \u0130nce, Fatih Aslan, Mert Aslan [&hellip;]<\/p>\n","protected":false},"author":1,"featured_media":0,"comment_status":"open","ping_status":"open","sticky":false,"template":"","format":"standard","meta":{"footnotes":""},"categories":[1,1491],"tags":[],"class_list":["post-2754","post","type-post","status-publish","format-standard","hentry","category-genel","category-kahvehane-kutuphane"],"_links":{"self":[{"href":"https:\/\/www.bbyhaber.com\/bby\/wp-json\/wp\/v2\/posts\/2754"}],"collection":[{"href":"https:\/\/www.bbyhaber.com\/bby\/wp-json\/wp\/v2\/posts"}],"about":[{"href":"https:\/\/www.bbyhaber.com\/bby\/wp-json\/wp\/v2\/types\/post"}],"author":[{"embeddable":true,"href":"https:\/\/www.bbyhaber.com\/bby\/wp-json\/wp\/v2\/users\/1"}],"replies":[{"embeddable":true,"href":"https:\/\/www.bbyhaber.com\/bby\/wp-json\/wp\/v2\/comments?post=2754"}],"version-history":[{"count":0,"href":"https:\/\/www.bbyhaber.com\/bby\/wp-json\/wp\/v2\/posts\/2754\/revisions"}],"wp:attachment":[{"href":"https:\/\/www.bbyhaber.com\/bby\/wp-json\/wp\/v2\/media?parent=2754"}],"wp:term":[{"taxonomy":"category","embeddable":true,"href":"https:\/\/www.bbyhaber.com\/bby\/wp-json\/wp\/v2\/categories?post=2754"},{"taxonomy":"post_tag","embeddable":true,"href":"https:\/\/www.bbyhaber.com\/bby\/wp-json\/wp\/v2\/tags?post=2754"}],"curies":[{"name":"wp","href":"https:\/\/api.w.org\/{rel}","templated":true}]}}