{"id":27537,"date":"2019-11-08T11:43:32","date_gmt":"2019-11-08T08:43:32","guid":{"rendered":"http:\/\/www.bbyhaber.com\/bby\/?p=27537"},"modified":"2019-11-08T11:45:52","modified_gmt":"2019-11-08T08:45:52","slug":"2020-yili-cumhurbaskanligi-yillik-programinda-kutuphanelere-dair-aciklamalar","status":"publish","type":"post","link":"https:\/\/www.bbyhaber.com\/bby\/2019\/11\/08\/2020-yili-cumhurbaskanligi-yillik-programinda-kutuphanelere-dair-aciklamalar","title":{"rendered":"2020 Y\u0131l\u0131 Cumhurba\u015fkanl\u0131\u011f\u0131 Y\u0131ll\u0131k Program\u0131&#8217;nda K\u00fct\u00fcphanelere dair a\u00e7\u0131klamalar"},"content":{"rendered":"<p><strong><a href=\"http:\/\/www.bbyhaber.com\/bby\/wp-content\/uploads\/2019\/11\/2020_Yili_Cumhurbaskanligi_Yillik_Programi.jpg\"><img loading=\"lazy\" decoding=\"async\" class=\"alignleft size-full wp-image-27539\" src=\"http:\/\/www.bbyhaber.com\/bby\/wp-content\/uploads\/2019\/11\/2020_Yili_Cumhurbaskanligi_Yillik_Programi.jpg\" alt=\"\" width=\"390\" height=\"180\" \/><\/a>2020 Y\u0131l\u0131 Cumhurba\u015fkanl\u0131\u011f\u0131 Y\u0131ll\u0131k Program\u0131<\/strong> 4 Kas\u0131m&#8217;da Resmi Gazete&#8217;de <strong><a href=\"https:\/\/www.resmigazete.gov.tr\/eskiler\/2019\/11\/20191104M1-1.pdf\" target=\"_blank\" rel=\"noopener\">yay\u0131nland\u0131<\/a><\/strong>. Y\u0131ll\u0131k program incelendi\u011finde <strong>K\u00fct\u00fcphane<\/strong> verilerine dair bilgiler a\u015fa\u011f\u0131daki gibi derlenmi\u015ftir.<!--more--><\/p>\n<p><strong>2.3.9. K\u00fclt\u00fcr ve Sanat<\/strong><\/p>\n<p><span style=\"color: #ff0000;\"><strong>a) Mevcut Durum<\/strong><\/span><\/p>\n<p>K\u00fclt\u00fcr merkezi, m\u00fcze, k\u00fct\u00fcphane, tiyatro salonu gibi k\u00fclt\u00fcrel altyap\u0131 unsurlar\u0131 nicelik olarak artm\u0131\u015ft\u0131r. Ekim 2019 itibar\u0131yla 114 k\u00fclt\u00fcr merkezi, 1.162 halk, \u00e7ocuk ve edebiyat m\u00fcze k\u00fct\u00fcphanesi, 200 K\u00fclt\u00fcr ve Turizm Bakanl\u0131\u011f\u0131na ba\u011fl\u0131 m\u00fcze, 251 \u00f6zel m\u00fcze, 22 adet yazma eser k\u00fct\u00fcphanesi, 783 tiyatro salonu, 11 opera-bale salonu, 2.858 sinema salonu hizmet vermektedir. Nicelikte\u00a0 g\u00f6r\u00fcnen bu geli\u015fmelerle birlikte k\u00fclt\u00fcrel altyap\u0131 unsurlar\u0131n\u0131n mimar\u00ee, i\u015fletme modeli, fiziki b\u00fcy\u00fckl\u00fck planlamas\u0131 ve alan\u0131n verimli kullan\u0131m\u0131 a\u00e7\u0131s\u0131ndan yeniden de\u011ferlendirilmesi ihtiyac\u0131 devam etmektedir.<\/p>\n<p><strong>TABLO II: 66- K\u00fclt\u00fcrel Altyap\u0131 \u0130statistikleri<\/strong><\/p>\n<p><strong>K\u00fct\u00fcphane Say\u0131s\u0131-Halk K\u00fct\u00fcphaneleri<\/strong><\/p>\n<table style=\"height: 146px;\" width=\"300\">\n<tbody>\n<tr>\n<td width=\"101\"><strong>2005<\/strong><\/td>\n<td width=\"101\"><strong>2010<\/strong><\/td>\n<td width=\"101\"><strong>2015<\/strong><\/td>\n<td width=\"101\"><strong>2016<\/strong><\/td>\n<td width=\"101\"><strong>2017<\/strong><\/td>\n<td width=\"101\"><strong>2018<\/strong><\/td>\n<\/tr>\n<tr>\n<td width=\"101\">1 144<\/td>\n<td width=\"101\">1 136<\/td>\n<td width=\"101\">1 130<\/td>\n<td width=\"101\">1 137<\/td>\n<td width=\"101\">1 146<\/td>\n<td width=\"101\">1 162<\/td>\n<\/tr>\n<\/tbody>\n<\/table>\n<p>Okuma k\u00fclt\u00fcr\u00fcn\u00fcn geli\u015ftirilmesi amac\u0131na y\u00f6nelik olarak, halk k\u00fct\u00fcphaneleri yeni bir konsept d\u00e2hilinde daha kullan\u0131c\u0131 dostu olacak \u015fekilde in\u015fa edilmekte olup mevcut k\u00fct\u00fcphanelerin de ayn\u0131 anlay\u0131\u015f \u00e7er\u00e7evesinde rehabilite edilmesi sa\u011flanmaktad\u0131r. Bu ba\u011flamda 2019 y\u0131l\u0131 sonuna kadar 150\u2019den fazla \u00e7ocuk ve halk k\u00fct\u00fcphanesi yeni bir konseptle yap\u0131land\u0131r\u0131lm\u0131\u015f olacakt\u0131r. Proje ile yap\u0131lan yenileme \u00e7al\u0131\u015fmas\u0131 neticesinde, s\u00f6z konusu k\u00fct\u00fcphanelerin toplumsal imajlar\u0131 a\u00e7\u0131s\u0131ndan \u00f6nemli bir mesafe al\u0131nm\u0131\u015f; \u00fcye say\u0131lar\u0131 \u00f6nemli \u00f6l\u00e7\u00fcde artm\u0131\u015f ve kullan\u0131c\u0131 profili de\u011fi\u015fmi\u015ftir. Bunun yan\u0131 s\u0131ra gezici k\u00fct\u00fcphane say\u0131s\u0131 57\u2019ye, Milli E\u011fitim Bakanl\u0131\u011f\u0131 taraf\u0131ndan okullarda olu\u015fturulan Zenginle\u015ftirilmi\u015f K\u00fct\u00fcphanelerin (Z-k\u00fct\u00fcphane) say\u0131s\u0131 ise 1.583\u2019e ula\u015fm\u0131\u015ft\u0131r. Ayr\u0131ca DAP B\u00f6lge Kalk\u0131nma \u0130daresi Ba\u015fkanl\u0131\u011f\u0131 taraf\u0131ndan 2016-2018 y\u0131llar\u0131 aras\u0131nda 112 semt k\u00fct\u00fcphanesi kurulmu\u015f, bunlar bilhassa dezavantajl\u0131 b\u00f6lgelerde \u00e7ocuk ve gen\u00e7ler i\u00e7in bir cazibe alan\u0131 olmu\u015ftur. Ancak okuma k\u00fclt\u00fcr\u00fcn\u00fcn yayg\u0131n hale getirilmesi, bu alandaki hizmetlerin verim ve etkinli\u011finin art\u0131r\u0131labilmesi i\u00e7in bahse konu k\u00fct\u00fcphaneler aras\u0131ndaki i\u015fbirli\u011fi ve e\u015f g\u00fcd\u00fcm\u00fc sa\u011flayacak bir a\u011f kurulmas\u0131na ihtiya\u00e7 duyulmaktad\u0131r. Bu entegrasyonun sa\u011flanmas\u0131yla \u015fehirlerde k\u00fct\u00fcphanelerin \u00fc\u00e7\u00fcnc\u00fc mek\u00e2n olarak insan hayat\u0131ndaki yeri g\u00fc\u00e7lenecek, okuma becerisi ve k\u00fclt\u00fcr\u00fc bilgi edinmenin temel kayna\u011f\u0131 olacakt\u0131r.<\/p>\n<p><span style=\"color: #ff0000;\"><strong>c) Politika ve Tedbirler<\/strong><\/span><\/p>\n<p><strong>K\u00fclt\u00fcr ve sanata eri\u015fim ve kat\u0131l\u0131m olanaklar\u0131 art\u0131r\u0131lacakt\u0131r. (Kalk\u0131nma Plan\u0131 p.633)<\/strong><\/p>\n<table style=\"height: 838px;\" width=\"500\">\n<tbody>\n<tr>\n<td width=\"201\">Tedbir 633.1. K\u00fclt\u00fcr ve sanat\u0131n bir ya\u015fam al\u0131\u015fkanl\u0131\u011f\u0131 olarak geli\u015fmesi i\u00e7in erken ya\u015flardan itibaren k\u00fclt\u00fcr ve sanat e\u011fitimi verilecektir.<\/td>\n<td width=\"201\">Milli E\u011fitim Bakanl\u0131\u011f\u0131 (S), K\u00fclt\u00fcr ve Turizm Bakanl\u0131\u011f\u0131, \u00dcniversiteler<\/td>\n<td width=\"201\">1. K\u00fclt\u00fcr ve sanat alan\u0131na ili\u015fkin se\u00e7meli derslerin bu alanda teorik ve pratik bilgiyi kazand\u0131rmas\u0131 sa\u011flanacakt\u0131r. 2. Tasar\u0131m-Beceri At\u00f6lyelerinde ve mesleki e\u011fitimde bu alanlar\u0131n yeri art\u0131r\u0131lacakt\u0131r.<\/td>\n<\/tr>\n<tr>\n<td width=\"201\">Tedbir 633.2. Okuma k\u00fclt\u00fcr\u00fcn\u00fcn olu\u015fturulmas\u0131 ve yayg\u0131nla\u015ft\u0131r\u0131lmas\u0131 amac\u0131yla k\u00fct\u00fcphanecilik hizmetleri geli\u015ftirilecek, k\u00fct\u00fcphaneler bu alandaki yeni teknolojiler ve y\u00f6netim yakla\u015f\u0131mlar\u0131ndan da istifade edilerek mek\u00e2nsal ve i\u015flevsel olarak yeniden yap\u0131land\u0131r\u0131lacakt\u0131r.<\/td>\n<td width=\"201\">K\u00fclt\u00fcr ve Turizm Bakanl\u0131\u011f\u0131 (S), Yerel Y\u00f6netimler, STK&#8217;lar<\/td>\n<td width=\"201\">1. 30 k\u00fct\u00fcphanenin mek\u00e2nsal ve i\u015flevsel olarak yeniden yap\u0131land\u0131r\u0131lmas\u0131 sa\u011flanacakt\u0131r. 2. 200 Z-k\u00fct\u00fcphane kurulacakt\u0131r. 3. 25 semt k\u00fct\u00fcphanesi kurulacakt\u0131r. 4. Be\u015f halk k\u00fct\u00fcphanesi hizmete a\u00e7\u0131lacakt\u0131r. 5. Farkl\u0131 kurumlar\u0131n uhdesinde bulunan k\u00fct\u00fcphaneler aras\u0131nda entegrasyon sa\u011flanmas\u0131na y\u00f6nelik \u00e7al\u0131\u015fmalara ba\u015flanacakt\u0131r<\/td>\n<\/tr>\n<tr>\n<td width=\"201\">Tedbir 633.3. Gezici k\u00fct\u00fcphane say\u0131s\u0131 art\u0131r\u0131lacakt\u0131r.<\/td>\n<td width=\"201\">K\u00fclt\u00fcr ve Turizm Bakanl\u0131\u011f\u0131 (S), Yerel Y\u00f6netimler, \u00dcniversiteler, STK&#8217;lar<\/td>\n<td width=\"201\">1. Be\u015f gezici k\u00fct\u00fcphane hizmete al\u0131nacakt\u0131r.<\/td>\n<\/tr>\n<\/tbody>\n<\/table>\n<p><strong>Kitap ve s\u00fcreli yay\u0131n yay\u0131mc\u0131l\u0131\u011f\u0131 alanlar\u0131n\u0131n geli\u015ftirilmesine y\u00f6nelik faaliyetler desteklenecektir. (Kalk\u0131nma Plan\u0131 p.644)<\/strong><\/p>\n<table style=\"height: 620px;\" width=\"500\">\n<tbody>\n<tr>\n<td width=\"201\">Tedbir 644.1. Elektronik yay\u0131nlar da d\u00e2hil olmak \u00fczere yay\u0131nc\u0131l\u0131k faaliyetlerinin geli\u015ftirilmesine y\u00f6nelik ArGe \u00e7al\u0131\u015fmalar\u0131 desteklenecektir.<\/td>\n<td width=\"201\">K\u00fclt\u00fcr ve Turizm Bakanl\u0131\u011f\u0131 (S), Hazine ve Maliye Bakanl\u0131\u011f\u0131<\/td>\n<td width=\"201\">1. Yay\u0131nc\u0131l\u0131k sekt\u00f6r\u00fcndeki yenilik\u00e7i i\u015f modelleri ve teknoloji temelli Ar-Ge faaliyetlerinin desteklenmesi i\u00e7in \u00e7al\u0131\u015fmalara ba\u015flanacakt\u0131r.<\/td>\n<\/tr>\n<tr>\n<td width=\"201\">Tedbir 644.2. Nitelikli k\u00fclt\u00fcrel yay\u0131nlara daha fazla say\u0131da okurun ula\u015f\u0131m\u0131n\u0131 temin etmek \u00fczere e-kitap format\u0131nda daha fazla say\u0131da eserin kamu yay\u0131n\u0131 olmas\u0131 sa\u011flanacakt\u0131r.<\/td>\n<td width=\"201\">K\u00fclt\u00fcr ve Turizm Bakanl\u0131\u011f\u0131 (S)<\/td>\n<td width=\"201\">1.T\u00fcrk Klasik Eserlerinin Dijital Ortama Aktar\u0131lmas\u0131 Projesi kapsam\u0131nda K\u00fclt\u00fcr ve Turizm Bakanl\u0131\u011f\u0131 internet sitesindeki e-kitap say\u0131s\u0131 200&#8217;e \u00e7\u0131kar\u0131lacak ve e-kitaplar daha fonksiyonel ve kullan\u0131c\u0131 dostu hale getirilecektir<\/td>\n<\/tr>\n<tr>\n<td width=\"201\">Tedbir 633.3. Gezici k\u00fct\u00fcphane say\u0131s\u0131 art\u0131r\u0131lacakt\u0131r.<\/td>\n<td width=\"201\">K\u00fclt\u00fcr ve Turizm Bakanl\u0131\u011f\u0131 (S), Yerel Y\u00f6netimler, \u00dcniversiteler, STK&#8217;lar<\/td>\n<td width=\"201\">1. Be\u015f gezici k\u00fct\u00fcphane hizmete al\u0131nacakt\u0131r.<\/td>\n<\/tr>\n<\/tbody>\n<\/table>\n<p><span style=\"color: #ff0000;\"><strong>d) Hedefler<\/strong><\/span><\/p>\n<table style=\"height: 171px;\" width=\"500\">\n<tbody>\n<tr>\n<td width=\"133\">Performans G\u00f6stergeleri<\/td>\n<td width=\"120\">Birim<\/td>\n<td width=\"120\">2018<\/td>\n<td width=\"120\">2019 (1)<\/td>\n<td width=\"111\">2020 (2)<\/td>\n<\/tr>\n<tr>\n<td width=\"133\">Gezici K\u00fct\u00fcphane Say\u0131s\u0131 (K\u00fcm\u00fclatif)<\/td>\n<td width=\"120\">Adet<\/td>\n<td width=\"120\">53<\/td>\n<td width=\"120\">57<\/td>\n<td width=\"111\">62<\/td>\n<\/tr>\n<\/tbody>\n<\/table>\n","protected":false},"excerpt":{"rendered":"<p>2020 Y\u0131l\u0131 Cumhurba\u015fkanl\u0131\u011f\u0131 Y\u0131ll\u0131k Program\u0131 4 Kas\u0131m&#8217;da Resmi Gazete&#8217;de yay\u0131nland\u0131. Y\u0131ll\u0131k program incelendi\u011finde K\u00fct\u00fcphane verilerine dair bilgiler a\u015fa\u011f\u0131daki gibi derlenmi\u015ftir.<\/p>\n","protected":false},"author":1,"featured_media":27539,"comment_status":"open","ping_status":"open","sticky":false,"template":"","format":"standard","meta":{"footnotes":""},"categories":[1],"tags":[],"class_list":["post-27537","post","type-post","status-publish","format-standard","has-post-thumbnail","hentry","category-genel"],"_links":{"self":[{"href":"https:\/\/www.bbyhaber.com\/bby\/wp-json\/wp\/v2\/posts\/27537"}],"collection":[{"href":"https:\/\/www.bbyhaber.com\/bby\/wp-json\/wp\/v2\/posts"}],"about":[{"href":"https:\/\/www.bbyhaber.com\/bby\/wp-json\/wp\/v2\/types\/post"}],"author":[{"embeddable":true,"href":"https:\/\/www.bbyhaber.com\/bby\/wp-json\/wp\/v2\/users\/1"}],"replies":[{"embeddable":true,"href":"https:\/\/www.bbyhaber.com\/bby\/wp-json\/wp\/v2\/comments?post=27537"}],"version-history":[{"count":3,"href":"https:\/\/www.bbyhaber.com\/bby\/wp-json\/wp\/v2\/posts\/27537\/revisions"}],"predecessor-version":[{"id":27541,"href":"https:\/\/www.bbyhaber.com\/bby\/wp-json\/wp\/v2\/posts\/27537\/revisions\/27541"}],"wp:featuredmedia":[{"embeddable":true,"href":"https:\/\/www.bbyhaber.com\/bby\/wp-json\/wp\/v2\/media\/27539"}],"wp:attachment":[{"href":"https:\/\/www.bbyhaber.com\/bby\/wp-json\/wp\/v2\/media?parent=27537"}],"wp:term":[{"taxonomy":"category","embeddable":true,"href":"https:\/\/www.bbyhaber.com\/bby\/wp-json\/wp\/v2\/categories?post=27537"},{"taxonomy":"post_tag","embeddable":true,"href":"https:\/\/www.bbyhaber.com\/bby\/wp-json\/wp\/v2\/tags?post=27537"}],"curies":[{"name":"wp","href":"https:\/\/api.w.org\/{rel}","templated":true}]}}