{"id":27534,"date":"2019-11-08T10:57:14","date_gmt":"2019-11-08T07:57:14","guid":{"rendered":"http:\/\/www.bbyhaber.com\/bby\/?p=27534"},"modified":"2019-11-08T10:57:14","modified_gmt":"2019-11-08T07:57:14","slug":"agrida-kutuphane-acilisi","status":"publish","type":"post","link":"https:\/\/www.bbyhaber.com\/bby\/2019\/11\/08\/agrida-kutuphane-acilisi","title":{"rendered":"A\u011fr\u0131&#8217;da K\u00fct\u00fcphane A\u00e7\u0131l\u0131\u015f\u0131"},"content":{"rendered":"<p><a href=\"http:\/\/www.bbyhaber.com\/bby\/wp-content\/uploads\/2019\/11\/agrida-kutuphane-acilisi.jpg\"><img loading=\"lazy\" decoding=\"async\" class=\"alignleft size-full wp-image-27535\" src=\"http:\/\/www.bbyhaber.com\/bby\/wp-content\/uploads\/2019\/11\/agrida-kutuphane-acilisi.jpg\" alt=\"\" width=\"390\" height=\"180\" \/><\/a>A\u011fr\u0131 Mehmet Akif Ersoy Ortaokulunda, okul idarecileri ve \u00f6\u011fretmenlerin katk\u0131lar\u0131yla olu\u015fturulan k\u00fct\u00fcphanenin a\u00e7\u0131l\u0131\u015f\u0131 yap\u0131ld\u0131. A\u011fr\u0131 \u0130l Milli E\u011fitim M\u00fcd\u00fcr\u00fc Mehmet Faruk Tekin, Mehmet Akif Ersoy Ortaokulu&#8217;nu ziyaret etti. \u0130lk olarak \u00f6\u011fretmenlerle bir araya gelen Tekin, \u00f6\u011fretmenlerle bir s\u00fcre sohbet etti.<!--more--><\/p>\n<p>Burada okul idarecileri ve \u00f6\u011fretmenlerin katk\u0131lar\u0131yla olu\u015fturulan k\u00fct\u00fcphanenin a\u00e7\u0131l\u0131\u015f kurdelesini kesen Tekin, ard\u0131ndan beraberindekilerle k\u00fct\u00fcphaneyi gezerek \u00f6\u011frencilerle sohbet etti. K\u00fct\u00fcphanenin olu\u015fturulmas\u0131nda eme\u011fi ge\u00e7en okul idarecilerine ve \u00f6\u011fretmenlere te\u015fekk\u00fcr eden Tekin, daha sonra okulun b\u00f6l\u00fcmlerini gezdi.<\/p>\n<p><a href=\"https:\/\/www.agrisoz.com\/\" target=\"_blank\" rel=\"noopener\">Kaynak<\/a><\/p>\n","protected":false},"excerpt":{"rendered":"<p>A\u011fr\u0131 Mehmet Akif Ersoy Ortaokulunda, okul idarecileri ve \u00f6\u011fretmenlerin katk\u0131lar\u0131yla olu\u015fturulan k\u00fct\u00fcphanenin a\u00e7\u0131l\u0131\u015f\u0131 yap\u0131ld\u0131. A\u011fr\u0131 \u0130l Milli E\u011fitim M\u00fcd\u00fcr\u00fc Mehmet Faruk Tekin, Mehmet Akif Ersoy Ortaokulu&#8217;nu ziyaret etti. \u0130lk olarak \u00f6\u011fretmenlerle bir araya gelen Tekin, \u00f6\u011fretmenlerle bir s\u00fcre sohbet etti.<\/p>\n","protected":false},"author":1,"featured_media":27535,"comment_status":"open","ping_status":"open","sticky":false,"template":"","format":"standard","meta":{"footnotes":""},"categories":[1],"tags":[],"class_list":["post-27534","post","type-post","status-publish","format-standard","has-post-thumbnail","hentry","category-genel"],"_links":{"self":[{"href":"https:\/\/www.bbyhaber.com\/bby\/wp-json\/wp\/v2\/posts\/27534"}],"collection":[{"href":"https:\/\/www.bbyhaber.com\/bby\/wp-json\/wp\/v2\/posts"}],"about":[{"href":"https:\/\/www.bbyhaber.com\/bby\/wp-json\/wp\/v2\/types\/post"}],"author":[{"embeddable":true,"href":"https:\/\/www.bbyhaber.com\/bby\/wp-json\/wp\/v2\/users\/1"}],"replies":[{"embeddable":true,"href":"https:\/\/www.bbyhaber.com\/bby\/wp-json\/wp\/v2\/comments?post=27534"}],"version-history":[{"count":1,"href":"https:\/\/www.bbyhaber.com\/bby\/wp-json\/wp\/v2\/posts\/27534\/revisions"}],"predecessor-version":[{"id":27536,"href":"https:\/\/www.bbyhaber.com\/bby\/wp-json\/wp\/v2\/posts\/27534\/revisions\/27536"}],"wp:featuredmedia":[{"embeddable":true,"href":"https:\/\/www.bbyhaber.com\/bby\/wp-json\/wp\/v2\/media\/27535"}],"wp:attachment":[{"href":"https:\/\/www.bbyhaber.com\/bby\/wp-json\/wp\/v2\/media?parent=27534"}],"wp:term":[{"taxonomy":"category","embeddable":true,"href":"https:\/\/www.bbyhaber.com\/bby\/wp-json\/wp\/v2\/categories?post=27534"},{"taxonomy":"post_tag","embeddable":true,"href":"https:\/\/www.bbyhaber.com\/bby\/wp-json\/wp\/v2\/tags?post=27534"}],"curies":[{"name":"wp","href":"https:\/\/api.w.org\/{rel}","templated":true}]}}