{"id":2749,"date":"2012-02-24T13:54:50","date_gmt":"2012-02-24T13:54:50","guid":{"rendered":"http:\/\/www.bbyhaber.com\/bby\/?p=2749"},"modified":"2014-05-02T09:52:34","modified_gmt":"2014-05-02T06:52:34","slug":"gazete-dagiticiligindan-milli-kutuphane-mudurlugune-ahmet-gurlek","status":"publish","type":"post","link":"https:\/\/www.bbyhaber.com\/bby\/2012\/02\/24\/gazete-dagiticiligindan-milli-kutuphane-mudurlugune-ahmet-gurlek","title":{"rendered":"Gazete Da\u011f\u0131t\u0131c\u0131l\u0131\u011f\u0131ndan Milli K\u00fct\u00fcphane M\u00fcd\u00fcrl\u00fc\u011f\u00fcne-Ahmet G\u00fcrlek"},"content":{"rendered":"<p style=\"text-align: justify;\">Halil \u015eahin &#8211; \u00c7ocuklu\u011funda, do\u011fdu\u011fu il\u00e7eye haftada bir kez gelen gazeteleri okumak i\u00e7in gazete da\u011f\u0131t\u0131m\u0131 yapan Ahmet G\u00fcrlek, o g\u00fcnlerde kapt\u0131\u011f\u0131 &#8220;kitap vir\u00fcs\u00fc&#8221; sayesinde 48 y\u0131ld\u0131r k\u00fct\u00fcphanecilik yap\u0131yor. Okuma merak\u0131 nedeniyle se\u00e7ti\u011fi k\u00fct\u00fcphanecilik mesle\u011fini <a href=\"http:\/\/www.izmirmillikutuphane.com\/\" target=\"_blank\">\u0130zmir Milli K\u00fct\u00fcphanesi<\/a>&#8216;nde m\u00fcd\u00fcr olarak s\u00fcrd\u00fcren Ahmet G\u00fcrlek, AA muhabirine yapt\u0131\u011f\u0131 a\u00e7\u0131klamada, k\u00fc\u00e7\u00fck ya\u015fta tan\u0131\u015ft\u0131\u011f\u0131 kitaplar\u0131n, meslek se\u00e7iminden hayata bak\u0131\u015f\u0131na kadar bir \u00e7ok \u00f6nemli \u015feye y\u00f6n verdi\u011fini belirtti.<!--more--><\/p>\n<p style=\"text-align: justify;\">\u00c7ocuklu\u011funda, do\u011fdu\u011fu Kayseri&#8217;nin Develi il\u00e7esinde, d\u00f6nemin \u015fartlar\u0131 gere\u011fi \u00e7ok fazla kitap bulamad\u0131\u011f\u0131n\u0131, g\u00fcnl\u00fck gazetelerin bile il\u00e7edeki kitap\u00e7\u0131ya yaln\u0131zca \u00c7ar\u015famba g\u00fcnleri geldi\u011fini, ne yazd\u0131\u011f\u0131n\u0131 merak etti\u011fi gazeteleri okuyabilmek i\u00e7in gazete da\u011f\u0131t\u0131m\u0131 yapt\u0131\u011f\u0131n\u0131 anlatt\u0131.<\/p>\n<p style=\"text-align: justify;\">&#8220;O gazetelerdeki m\u00fcrekkep kokusu hala i\u00e7imde&#8221; diyen G\u00fcrlek, il\u00e7edeki kitap\u00e7\u0131da kapt\u0131\u011f\u0131 &#8220;kitap vir\u00fcs\u00fc&#8221; sayesinde ilkokuldayken okuma al\u0131\u015fkanl\u0131\u011f\u0131 kazand\u0131\u011f\u0131n\u0131 kaydetti.<\/p>\n<p style=\"text-align: justify;\">G\u00fcrlek, kitap tutkusu nedeniyle Ankara&#8217;da k\u00fct\u00fcphanecilik \u00fczerine \u00fcniversite e\u011fitimi ald\u0131\u011f\u0131n\u0131, k\u00fct\u00fcphanelerde \u00e7al\u0131\u015fmaya da \u00fcniversite y\u0131llar\u0131nda ba\u015flad\u0131\u011f\u0131n\u0131 kaydetti.<\/p>\n<p style=\"text-align: justify;\">Okul sonras\u0131nda \u00e7e\u015fitli k\u00fct\u00fcphanelerde g\u00f6rev ald\u0131\u011f\u0131n\u0131, Ege \u00dcniversitesi K\u00fct\u00fcphanesi&#8217;nin kurulmas\u0131na, \u0130zmir Atat\u00fcrk Halk K\u00fct\u00fcphanesi&#8217;nin geli\u015ftirilmesine katk\u0131 sa\u011flad\u0131\u011f\u0131n\u0131, 2004 y\u0131l\u0131nda da T\u00fcrkiye&#8217;nin en eski k\u00fct\u00fcphanelerinden olan \u0130zmir Milli K\u00fct\u00fcphanesi&#8217;nde m\u00fcd\u00fcr olarak g\u00f6revlendirildi\u011fini anlatan G\u00fcrlek,<\/p>\n<p style=\"text-align: justify;\">&#8220;<strong>Meslek hayat\u0131mda 48. y\u0131l\u0131mday\u0131m. T\u00fcrkiye&#8217;de \u00e7al\u0131\u015fmaya devam eden belki de en eski k\u00fct\u00fcphaneci benim<\/strong>. Yak\u0131nlar\u0131m bana &#8220;ayakl\u0131 k\u00fct\u00fcphane&#8221; diyor&#8221; \u015feklinde konu\u015ftu.<\/p>\n<p style=\"text-align: justify;\">G\u00fcrlek, k\u00fct\u00fcphanecilerin k\u00fct\u00fcphaneye gelen her kitab\u0131 okuma \u015fans\u0131 bulamasa da kitapseverlere yard\u0131mc\u0131 olmak i\u00e7in hepsinin i\u00e7eri\u011fini anlayacak kadar bildi\u011fini, okudu\u011fu kitap say\u0131s\u0131n\u0131n binleri a\u015ft\u0131\u011f\u0131n\u0131, evinde de bask\u0131s\u0131 t\u00fckenen, m\u00fczayedelerde bulunabilecek eserlerden olu\u015fan k\u00fc\u00e7\u00fck bir kitapl\u0131k olu\u015fturdu\u011funu s\u00f6yledi.<\/p>\n<p style=\"text-align: justify;\">\u0130zmir, k\u00fct\u00fcphanecilik ve memleketi Develi&#8217;yi hayat\u0131n\u0131n &#8220;\u00fc\u00e7 a\u015fk\u0131&#8221; olarak niteleyen G\u00fcrlek, bu konularda 12 de kitap yazd\u0131\u011f\u0131n\u0131 kaydetti.<\/p>\n<p style=\"text-align: justify;\">G\u00fcrlek, &#8220;bo\u015f zamanlar\u0131mda kitap okuyorum&#8221; \u015feklinde s\u00f6zleri do\u011fru bulmad\u0131\u011f\u0131n\u0131 da ifade ederek, &#8220;Kitap okumak bo\u015f zaman aktivitesi de\u011fildir. Bo\u015f zamanlar\u0131 de\u011ferlendirmek i\u00e7in kitap okunmaz. Aksine kitap okumak i\u00e7in zaman ayr\u0131lmal\u0131. Toplumlar\u0131n k\u00fclt\u00fcr seviyesi kitapla y\u00fckselir. Bunun i\u00e7in kitap okuma al\u0131\u015fkanl\u0131\u011f\u0131 \u00e7ok de\u011ferlidir&#8221; dedi.<\/p>\n<p style=\"text-align: justify;\">Kaynak: http:\/\/www.haberler.com<\/p>\n","protected":false},"excerpt":{"rendered":"<p>Halil \u015eahin &#8211; \u00c7ocuklu\u011funda, do\u011fdu\u011fu il\u00e7eye haftada bir kez gelen gazeteleri okumak i\u00e7in gazete da\u011f\u0131t\u0131m\u0131 yapan Ahmet G\u00fcrlek, o g\u00fcnlerde kapt\u0131\u011f\u0131 &#8220;kitap vir\u00fcs\u00fc&#8221; sayesinde 48 y\u0131ld\u0131r k\u00fct\u00fcphanecilik yap\u0131yor. Okuma merak\u0131 nedeniyle se\u00e7ti\u011fi k\u00fct\u00fcphanecilik mesle\u011fini \u0130zmir Milli K\u00fct\u00fcphanesi&#8216;nde m\u00fcd\u00fcr olarak s\u00fcrd\u00fcren Ahmet G\u00fcrlek, AA muhabirine yapt\u0131\u011f\u0131 a\u00e7\u0131klamada, k\u00fc\u00e7\u00fck ya\u015fta tan\u0131\u015ft\u0131\u011f\u0131 kitaplar\u0131n, meslek se\u00e7iminden hayata bak\u0131\u015f\u0131na kadar [&hellip;]<\/p>\n","protected":false},"author":1,"featured_media":0,"comment_status":"open","ping_status":"open","sticky":false,"template":"","format":"standard","meta":{"footnotes":""},"categories":[1,1581],"tags":[528],"class_list":["post-2749","post","type-post","status-publish","format-standard","hentry","category-genel","category-izmir-milli-kutuphane","tag-ahmet-gurlek"],"_links":{"self":[{"href":"https:\/\/www.bbyhaber.com\/bby\/wp-json\/wp\/v2\/posts\/2749"}],"collection":[{"href":"https:\/\/www.bbyhaber.com\/bby\/wp-json\/wp\/v2\/posts"}],"about":[{"href":"https:\/\/www.bbyhaber.com\/bby\/wp-json\/wp\/v2\/types\/post"}],"author":[{"embeddable":true,"href":"https:\/\/www.bbyhaber.com\/bby\/wp-json\/wp\/v2\/users\/1"}],"replies":[{"embeddable":true,"href":"https:\/\/www.bbyhaber.com\/bby\/wp-json\/wp\/v2\/comments?post=2749"}],"version-history":[{"count":0,"href":"https:\/\/www.bbyhaber.com\/bby\/wp-json\/wp\/v2\/posts\/2749\/revisions"}],"wp:attachment":[{"href":"https:\/\/www.bbyhaber.com\/bby\/wp-json\/wp\/v2\/media?parent=2749"}],"wp:term":[{"taxonomy":"category","embeddable":true,"href":"https:\/\/www.bbyhaber.com\/bby\/wp-json\/wp\/v2\/categories?post=2749"},{"taxonomy":"post_tag","embeddable":true,"href":"https:\/\/www.bbyhaber.com\/bby\/wp-json\/wp\/v2\/tags?post=2749"}],"curies":[{"name":"wp","href":"https:\/\/api.w.org\/{rel}","templated":true}]}}