{"id":27475,"date":"2019-10-31T18:53:46","date_gmt":"2019-10-31T15:53:46","guid":{"rendered":"http:\/\/www.bbyhaber.com\/bby\/?p=27475"},"modified":"2019-11-10T18:37:01","modified_gmt":"2019-11-10T15:37:01","slug":"bilgi-okuryazarligi-calistayii-6-8-kasim-2019-kirsehir","status":"publish","type":"post","link":"https:\/\/www.bbyhaber.com\/bby\/2019\/10\/31\/bilgi-okuryazarligi-calistayii-6-8-kasim-2019-kirsehir","title":{"rendered":"Bilgi Okuryazarl\u0131\u011f\u0131 \u00c7al\u0131\u015ftay\u0131, 6-8 Kas\u0131m 2019, K\u0131r\u015fehir"},"content":{"rendered":"<p>&nbsp;<\/p>\n<p><a href=\"http:\/\/www.bbyhaber.com\/bby\/wp-content\/uploads\/2019\/10\/FB_IMG_1573041148499.jpg\"><img loading=\"lazy\" decoding=\"async\" class=\"alignleft wp-image-27522 size-full\" src=\"http:\/\/www.bbyhaber.com\/bby\/wp-content\/uploads\/2019\/10\/FB_IMG_1573041148499.jpg\" alt=\"\" width=\"960\" height=\"668\" srcset=\"https:\/\/www.bbyhaber.com\/bby\/wp-content\/uploads\/2019\/10\/FB_IMG_1573041148499.jpg 960w, https:\/\/www.bbyhaber.com\/bby\/wp-content\/uploads\/2019\/10\/FB_IMG_1573041148499-300x209.jpg 300w, https:\/\/www.bbyhaber.com\/bby\/wp-content\/uploads\/2019\/10\/FB_IMG_1573041148499-768x534.jpg 768w\" sizes=\"(max-width: 960px) 100vw, 960px\" \/><\/a><\/p>\n<p><span style=\"color: #ff0000;\"><strong>6-8 Kas\u0131m 2019 tarihleri aras\u0131nda, K\u0131r\u015fehir<\/strong><\/span> \u0130li&#8217;nde, <strong>&#8220;<span style=\"color: #ff0000;\">Bilgi Okuryazarl\u0131\u011f\u0131 \u00c7al\u0131\u015ftay\u0131<\/span>&#8221; <\/strong>d\u00fczenlenecektir. Bilgi aktar\u0131m\u0131 temeline dayanan e\u011fitim sisteminin yerini ba\u011f\u0131ms\u0131z \u00f6\u011frenme, aktif \u00f6\u011frenme ve proje tabanl\u0131 \u00f6\u011frenme gibi yakla\u015f\u0131mlara b\u0131rakmas\u0131yla bilgi edinme s\u00fcreci, &#8220;\u00f6\u011fretmen&#8221; oda\u011f\u0131ndan \u00e7\u0131karak, &#8220;\u00f6\u011frenen&#8221; merkezli bir yap\u0131ya d\u00f6n\u00fc\u015fm\u00fc\u015ft\u00fcr. Ba\u011f\u0131ms\u0131z \u00f6\u011frenme temelli bu yeni yakla\u015f\u0131mda, \u00f6\u011frenmeyi \u00f6\u011frenme ve ya\u015fam boyu \u00f6\u011frenme becerileri \u00f6nem kazanm\u0131\u015ft\u0131r.<!--more--><\/p>\n<p>Teknolojinin h\u0131zla geli\u015fmesi, bilgi eri\u015fim ara\u00e7lar\u0131n\u0131n ve bilgi kaynak t\u00fcrlerinin \u00e7e\u015fitlenmesini sa\u011flam\u0131\u015f, bas\u0131l\u0131 ve elektronik ortamda \u00fcretilen bilgi miktar\u0131n\u0131 art\u0131rm\u0131\u015ft\u0131r. Bilgi \u00fcretimindeki bu art\u0131\u015f, bir yandan bilgiye daha kolay eri\u015febilmek konusunda avantaj olarak de\u011ferlendirilirken di\u011fer yandan bireyin; nitelikli bilgiye, en k\u0131sa s\u00fcre i\u00e7erisinde ula\u015fma, bilgiyi de\u011ferlendirme, etik kurallar \u00e7er\u00e7evesinde kullanma ve iletme becerilerinin b\u00fct\u00fcn\u00fc olan &#8220;bilgi okuryazarl\u0131\u011f\u0131 becerileri&#8221; ne sahip olmas\u0131n\u0131 ka\u00e7\u0131n\u0131lmaz hale getirmi\u015ftir.<\/p>\n<p>Bununla birlikte, K\u00fclt\u00fcr ve Turizm Bakanl\u0131\u011f\u0131 ile Mill\u00ee E\u011fitim Bakanl\u0131\u011f\u0131 aras\u0131nda imzalanan &#8220;E\u011fitimde \u0130\u015f Birli\u011fi Protokol\u00fc&#8221; kapsam\u0131nda ortaokul d\u00fczeyindeki \u00f6\u011frencilerin bilgi okuryazarl\u0131\u011f\u0131 becerilerine sahip olmalar\u0131na y\u00f6nelik olarak; nitelikli bilgiye ula\u015fma, bilgiyi de\u011ferlendirme, kullanma ve iletme becerilerinin okul d\u00f6neminde kazand\u0131r\u0131lmas\u0131na ili\u015fkin pilot bir \u00e7al\u0131\u015fma ger\u00e7ekle\u015ftirilecektir. \u00c7al\u0131\u015fma s\u00fcresince, belirlenen yedi ilde (Ankara, Ayd\u0131n, \u0130zmir, Kayseri, Ni\u011fde, \u015eanl\u0131urfa, Tekirda\u011f) bulunan ortaokullarda bilgi okuryazarl\u0131\u011f\u0131 e\u011fitiminin k\u00fct\u00fcphaneciler taraf\u0131ndan verilmesine, e\u011fitimin; \u00f6\u011fretmen-k\u00fct\u00fcphaneci, okul-k\u00fct\u00fcphane i\u015f birli\u011fi ile ders m\u00fcfredat\u0131 kapsam\u0131nda uygulamalarla desteklenmesine ili\u015fkin faaliyetler y\u00fcr\u00fct\u00fclecektir. Pilot \u00e7al\u0131\u015fman\u0131n yurt genelinde yayg\u0131nla\u015ft\u0131r\u0131lmas\u0131 hedeflenmektedir.<\/p>\n<p>Bu kapsamda; K\u00fct\u00fcphaneler ve Yay\u0131mlar Genel M\u00fcd\u00fcrl\u00fc\u011f\u00fc ve KOP B\u00f6lge Kalk\u0131nma \u0130daresi Ba\u015fkanl\u0131\u011f\u0131 i\u015f birli\u011fi ile<\/p>\n<ul>\n<li>K\u00fct\u00fcphane Kullan\u0131m\u0131 Ve K\u00fct\u00fcphaneler, Kaynak T\u00fcrleri,<\/li>\n<li>Bilgi Arama,<\/li>\n<li>Haber Okuryazarl\u0131\u011f\u0131,<\/li>\n<li>Bilginin \u0130letilmesi S\u00fcrecinde Yasal\/Etik Konular<\/li>\n<\/ul>\n<p>hususlar\u0131n\u0131 ele almak \u00fczere; ilgili kamu kurum\/kurulu\u015flar\u0131, KOP Kalk\u0131nma \u0130daresi Ba\u015fkanl\u0131\u011f\u0131, \u00fcniversiteler, yerel y\u00f6netimler, STK&#8217;lar, k\u00fct\u00fcphaneciler ve konunun uzmanlar\u0131n\u0131n kat\u0131l\u0131m\u0131yla, <span style=\"color: #ff0000;\"><strong>6-8 Kas\u0131m 2019 tarihleri aras\u0131nda, K\u0131r\u015fehir<\/strong><\/span> \u0130li&#8217;nde, <strong>&#8220;Bilgi Okuryazarl\u0131\u011f\u0131 \u00c7al\u0131\u015ftay\u0131&#8221; <\/strong>d\u00fczenlenecektir. \u00c7al\u0131\u015ftay s\u00fcresince; bilgi okuryazarl\u0131\u011f\u0131 becerilerinin kazand\u0131r\u0131lmas\u0131na y\u00f6nelik uygulamalar, e\u011fitim programlar\u0131, etkinlikler, oyunlar, egzersizler vb. faaliyetlerin geli\u015ftirilmesine ili\u015fkin \u00e7al\u0131\u015fmalar\u0131n y\u00fcr\u00fct\u00fclmesi hedeflenmektedir.<\/p>\n","protected":false},"excerpt":{"rendered":"<p>&nbsp; 6-8 Kas\u0131m 2019 tarihleri aras\u0131nda, K\u0131r\u015fehir \u0130li&#8217;nde, &#8220;Bilgi Okuryazarl\u0131\u011f\u0131 \u00c7al\u0131\u015ftay\u0131&#8221; d\u00fczenlenecektir. Bilgi aktar\u0131m\u0131 temeline dayanan e\u011fitim sisteminin yerini ba\u011f\u0131ms\u0131z \u00f6\u011frenme, aktif \u00f6\u011frenme ve proje tabanl\u0131 \u00f6\u011frenme gibi yakla\u015f\u0131mlara b\u0131rakmas\u0131yla bilgi edinme s\u00fcreci, &#8220;\u00f6\u011fretmen&#8221; oda\u011f\u0131ndan \u00e7\u0131karak, &#8220;\u00f6\u011frenen&#8221; merkezli bir yap\u0131ya d\u00f6n\u00fc\u015fm\u00fc\u015ft\u00fcr. Ba\u011f\u0131ms\u0131z \u00f6\u011frenme temelli bu yeni yakla\u015f\u0131mda, \u00f6\u011frenmeyi \u00f6\u011frenme ve ya\u015fam boyu \u00f6\u011frenme becerileri \u00f6nem [&hellip;]<\/p>\n","protected":false},"author":129,"featured_media":27522,"comment_status":"open","ping_status":"open","sticky":false,"template":"","format":"standard","meta":{"footnotes":""},"categories":[],"tags":[1395,60],"class_list":["post-27475","post","type-post","status-publish","format-standard","has-post-thumbnail","hentry","tag-bby-mesleki-etkinlikler-arsivi","tag-bilgi-okuryazarligi"],"_links":{"self":[{"href":"https:\/\/www.bbyhaber.com\/bby\/wp-json\/wp\/v2\/posts\/27475"}],"collection":[{"href":"https:\/\/www.bbyhaber.com\/bby\/wp-json\/wp\/v2\/posts"}],"about":[{"href":"https:\/\/www.bbyhaber.com\/bby\/wp-json\/wp\/v2\/types\/post"}],"author":[{"embeddable":true,"href":"https:\/\/www.bbyhaber.com\/bby\/wp-json\/wp\/v2\/users\/129"}],"replies":[{"embeddable":true,"href":"https:\/\/www.bbyhaber.com\/bby\/wp-json\/wp\/v2\/comments?post=27475"}],"version-history":[{"count":6,"href":"https:\/\/www.bbyhaber.com\/bby\/wp-json\/wp\/v2\/posts\/27475\/revisions"}],"predecessor-version":[{"id":27524,"href":"https:\/\/www.bbyhaber.com\/bby\/wp-json\/wp\/v2\/posts\/27475\/revisions\/27524"}],"wp:featuredmedia":[{"embeddable":true,"href":"https:\/\/www.bbyhaber.com\/bby\/wp-json\/wp\/v2\/media\/27522"}],"wp:attachment":[{"href":"https:\/\/www.bbyhaber.com\/bby\/wp-json\/wp\/v2\/media?parent=27475"}],"wp:term":[{"taxonomy":"category","embeddable":true,"href":"https:\/\/www.bbyhaber.com\/bby\/wp-json\/wp\/v2\/categories?post=27475"},{"taxonomy":"post_tag","embeddable":true,"href":"https:\/\/www.bbyhaber.com\/bby\/wp-json\/wp\/v2\/tags?post=27475"}],"curies":[{"name":"wp","href":"https:\/\/api.w.org\/{rel}","templated":true}]}}