{"id":27390,"date":"2019-10-30T14:45:07","date_gmt":"2019-10-30T11:45:07","guid":{"rendered":"http:\/\/www.bbyhaber.com\/bby\/?p=27390"},"modified":"2023-10-17T13:31:41","modified_gmt":"2023-10-17T10:31:41","slug":"kutuphanecilikte-bilgi-yonetiminde-bir-simge-olarak-baykus-neden-prof-dr-bulent-yilmaz","status":"publish","type":"post","link":"https:\/\/www.bbyhaber.com\/bby\/2019\/10\/30\/kutuphanecilikte-bilgi-yonetiminde-bir-simge-olarak-baykus-neden-prof-dr-bulent-yilmaz","title":{"rendered":"K\u00fct\u00fcphanecilikte (Bilgi Y\u00f6netiminde) Bir Simge Olarak \u201cBayku\u015f\u201d: Neden? | Prof. Dr. B\u00fclent Y\u0131lmaz"},"content":{"rendered":"<p><a href=\"http:\/\/www.bbyhaber.com\/bby\/wp-content\/uploads\/2019\/10\/kutuphanecilikte-bir-simge-baykus-neden.jpg\"><img loading=\"lazy\" decoding=\"async\" class=\"alignleft wp-image-27392\" src=\"http:\/\/www.bbyhaber.com\/bby\/wp-content\/uploads\/2019\/10\/kutuphanecilikte-bir-simge-baykus-neden.jpg\" alt=\"\" width=\"352\" height=\"220\" srcset=\"https:\/\/www.bbyhaber.com\/bby\/wp-content\/uploads\/2019\/10\/kutuphanecilikte-bir-simge-baykus-neden.jpg 720w, https:\/\/www.bbyhaber.com\/bby\/wp-content\/uploads\/2019\/10\/kutuphanecilikte-bir-simge-baykus-neden-300x188.jpg 300w\" sizes=\"(max-width: 352px) 100vw, 352px\" \/><\/a>Bayku\u015f, genelde k\u00fct\u00fcphanecili\u011fin, bilginin ve bilgeli\u011fin simgesi olarak kabul edilir ve \u00f6rne\u011fin alan\u0131m\u0131zda yap\u0131lan bir \u00e7ok etkinlikte g\u00f6rsel bir unsur olarak kullan\u0131l\u0131r. <em><strong>Uza\u011fa gitmeye gerek yok. Bu k\u00f6\u015feyi bar\u0131nd\u0131ran BBY Haber\u2019in simgesi bayku\u015f de\u011fil mi?<\/strong><\/em><!--more--><\/p>\n<p>Acaba neden? Bayku\u015fun bu simge \u00f6zelli\u011fi, bizimle ili\u015fkisi nereden kaynaklan\u0131yor olabilir?<\/p>\n<p>\u00d6ncelikle bu kabul\u00fcn b\u00fcy\u00fck \u00f6l\u00e7\u00fcde mitolojiden kaynakland\u0131\u011f\u0131n\u0131 s\u00f6ylemeliyiz. Mitoloji, bayku\u015f hakk\u0131nda olumlu ve olumsuz pek \u00e7ok inan\u0131\u015f\u0131 bar\u0131nd\u0131r\u0131r.<\/p>\n<p>Bakal\u0131m.<\/p>\n<p><strong><em>Romal\u0131lar<\/em><\/strong> bayku\u015ftan korkarlar ve k\u00f6t\u00fc haberlerin ta\u015f\u0131y\u0131c\u0131s\u0131 oldu\u011funu d\u00fc\u015f\u00fcn\u00fcrlerdi. <strong><em>Aztekler ve Mayalar<\/em><\/strong> da bayku\u015ftan korkar ve hatta nefret ederler, b\u00fcy\u00fck g\u00f6zl\u00fc ku\u015flar\u0131n \u00f6l\u00fcm ve y\u0131k\u0131m simgesi olduklar\u0131na inan\u0131rlard\u0131. <strong><em>G\u00fcney Afrika\u2019da<\/em><\/strong>, bayku\u015flar h\u00e2l\u00e2 b\u00fcy\u00fcc\u00fcl\u00fck ve k\u00f6t\u00fc \u015fansla ili\u015fkilendirilir. Birine \u201cbayku\u015f\u201d demek en b\u00fcy\u00fck hakaretlerden biridir. <em>\u00c7in Simgeleri S\u00f6zl\u00fc\u011f\u00fc<\/em>\u2019ne g\u00f6re <strong><em>Hintliler<\/em><\/strong> ona \u201c\u00f6l\u00fcm ku\u015fu\u201d ad\u0131n\u0131 vermi\u015flerdir. <strong><em>\u00c7inliler<\/em><\/strong> bayku\u015fu, \u015fans ku\u015fu olarak g\u00f6rd\u00fckleri huma ku\u015funun z\u0131tt\u0131 olarak kabul etmi\u015flerdi.<\/p>\n<p>Buna kar\u015f\u0131n baz\u0131 k\u00fclt\u00fcrlerde son derece olumlu bak\u0131l\u0131r bayku\u015fa. \u00d6rne\u011fin, <strong><em>M\u0131s\u0131rl\u0131lar<\/em><\/strong>, bayku\u015flar\u0131n \u00f6l\u00fclerin ruhlar\u0131n\u0131 yeralt\u0131 d\u00fcnyas\u0131na yolculuk ederken koruduklar\u0131na inan\u0131rlard\u0131. M\u0131s\u0131r mitolojisinde ve M\u0131s\u0131r alfabesinde M harfi bayku\u015fu temsil eder. <strong><em>Avustralya\u2019da<\/em><\/strong>, Wardaman kabilesi, Gordol\u2019un bayku\u015f taraf\u0131ndan yarat\u0131lan bir d\u00fcnya oldu\u011funa inanmaktad\u0131r. <strong><em>Kuzeydo\u011fu Japonya\u2019n\u0131n Ainu halk\u0131<\/em><\/strong>, Blakiston\u2019un Bal\u0131k Bayku\u015fu\u2019nu \u201cGecenin \u0130mparatoru\u201d ya da \u201cK\u00f6y\u00fc Koruyan Tanr\u0131\u201d olarak g\u00f6rmektedir. <strong><em>Kazakistan\u2019da<\/em><\/strong>, sadece kad\u0131n \u015famanlar\u0131n bayku\u015fun ruhuyla ba\u011flant\u0131 kurmaya \u00e7al\u0131\u015ft\u0131\u011f\u0131 bir kabile bulunmaktad\u0131r. Bayku\u015f, bu \u00fclkedeki Bayat boyunun simgesi olarak se\u00e7ilmi\u015ftir.<\/p>\n<p>Bayku\u015fa, \u201ccahilli\u011fe kar\u015f\u0131 koruyan bilgiyi art\u0131rmada\u201d yard\u0131mc\u0131 olan bir t\u0131ls\u0131m olarak inan\u0131ld\u0131\u011f\u0131 da bilinmektedir. Bu d\u00fc\u015f\u00fcncenin uzant\u0131s\u0131 olarak da onun, delili\u011fe ve mant\u0131ks\u0131zl\u0131\u011fa neden olan her \u015feye kar\u015f\u0131 oldu\u011fu kabul edilmektedir. Ayr\u0131ca bir <strong><em>Akdeniz adas\u0131 olan Minorka\u2019da<\/em><\/strong> ev sakinleri evlerine koyduklar\u0131 beyaz b\u00fcy\u00fck seramikten yap\u0131lan bayku\u015f objelerinin kendilerini felaketlerden koruduklar\u0131na inanmaktad\u0131rlar. Bayku\u015fu u\u011fursuz saymay\u0131 \u201ccahillik\u201d diye niteleyen toplumlar da var bu arada.<\/p>\n<p><strong><em>Amerikan yerlilerinde<\/em><\/strong> bayku\u015f, bilgelik, \u00f6ng\u00f6r\u00fc ve kutsal bilginin bek\u00e7isi, efsanevi ku\u015flard\u0131r. Yerliler, t\u00f6renler s\u0131ras\u0131nda \u00e7a\u011fr\u0131lan ruhlardan gizli bilgilerin bayku\u015flar arac\u0131l\u0131\u011f\u0131yla \u00f6\u011frenildi\u011fine ve kehanette bulunmak i\u00e7in bu bilginin gerekli oldu\u011funa inan\u0131rlar.<\/p>\n<p>Hakk\u0131ndaki olumlu ve olumsuz inan\u0131\u015flar\u0131 s\u0131ralamaya \u00e7al\u0131\u015ft\u0131\u011f\u0131m\u0131z bayku\u015f g\u00fcn\u00fcm\u00fcze hala <strong><em>bilginin<\/em><\/strong> ve <strong><em>bilgeli\u011fin<\/em><\/strong> simgesi\u00a0 olarak kullan\u0131l\u0131r. Bu kabul b\u00fcy\u00fck \u00f6l\u00e7\u00fcde <strong><em>Eski Yunan ve Roma mitolojisinden <\/em><\/strong>kaynaklan\u0131r<strong><em>. <\/em><\/strong>\u00a0Bayku\u015f, <strong><em>Eski Yunan mitolojisinde<\/em><\/strong> bilgelik tanr\u0131\u00e7as\u0131 <strong><em>Athena<\/em><\/strong>\u2019y\u0131 temsil ediyordu. <strong><em>Athena<\/em><\/strong>\u2019n\u0131n bilgeli\u011fin yan\u0131 s\u0131ra \u201ctemkinlilik ve ihtiyatl\u0131l\u0131k\u201d niteliklerine sahip olmas\u0131 ve ayn\u0131 \u00f6zelliklerin bayku\u015fta da bulundu\u011funun d\u00fc\u015f\u00fcn\u00fclmesi aradaki ili\u015fkiyi a\u00e7\u0131klar. \u201cKi\u015file\u015fmi\u015f ak\u0131l\u201d olarak da kabul edilen Athena\u2019n\u0131n yan\u0131nda hep bir bayku\u015f bulunurdu. Dolay\u0131s\u0131yla bayku\u015f hem bilgelik tanr\u0131\u00e7as\u0131 olan <strong><em>Athena<\/em><\/strong>\u2019n\u0131n bayku\u015fu (simgesi) \u00a0hem de kendi ba\u015f\u0131na \u201cbilgelik\u201d imgesidir. Bir Roma\u00a0tanr\u0131\u00e7as\u0131 olan <strong><em>Minerva<\/em><\/strong> da Athena\u2019n\u0131n <strong><em>Roma mitolojisindeki<\/em><\/strong> kar\u015f\u0131l\u0131\u011f\u0131d\u0131r. Roma d\u00f6neminde bayku\u015fa\u00a0<strong><em>Minerva<\/em><\/strong>\u00a0ad\u0131 verilirdi.\u00a0<strong><em>Minerva\u2019n\u0131n bayku\u015fu<\/em><\/strong> deyimi \u00e7ok yayg\u0131nd\u0131. Ve Minerva&#8217;n\u0131n bayku\u015fu, ancak g\u00fcn baterken u\u00e7maya ba\u015flard\u0131.<\/p>\n<p>Bayku\u015f, asl\u0131nda \u00f6zg\u00fcn T\u00fcrk k\u00fclt\u00fcr\u00fcnde de sezgi, bilgi ve belle\u011fin simgesi olarak g\u00f6r\u00fclm\u00fc\u015f.<\/p>\n<p>K\u0131saca, mitolojide bayku\u015f, a\u011f\u0131rl\u0131kla erdemin, bilginin ve bilgeli\u011fin simgesi olmu\u015ftur. Sezgileri ve zek\u00e2s\u0131yla \u00f6n plana \u00e7\u0131kmas\u0131, onun, \u201cbilge bayku\u015f\u201d olarak da an\u0131lmas\u0131n\u0131 sa\u011flam\u0131\u015ft\u0131r.<\/p>\n<p>\u015eimdi, mitolojiye ara verip bayku\u015fun \u00e7ok \u00f6nemli birka\u00e7 fiziksel \u00f6zelli\u011fine bakal\u0131m. \u00c7\u00fcnk\u00fc bo\u015f inan\u00e7 gibi g\u00f6r\u00fcnmesine kar\u015f\u0131n bayku\u015fun mitolojide <strong><em>bilginin ve bilgeli\u011fin simgesi<\/em><\/strong> olarak kabul edilmesinin mant\u0131ksal bir temeli de var. Mitolojinin onu \u201cbilge ku\u015f\u201d olarak se\u00e7mesi bo\u015funa de\u011fil; baz\u0131 bilimsel ger\u00e7eklere dayan\u0131yor.<\/p>\n<p>Bayku\u015flar\u0131n \u00f6ne \u00e7\u0131kan temel \u00f6zelli\u011fi m\u00fcthi\u015f g\u00f6rme ve duyma yetenekleridir. Bir bayku\u015fun g\u00f6zleri, kafatas\u0131n\u0131n i\u00e7inde beynine fazla yer b\u0131rakmayacak kadar yer kaplar. A\u015f\u0131r\u0131 b\u00fcy\u00fckl\u00fckteki bu g\u00f6zleri, g\u00f6z oyu\u011funda hareket edemez. Araba far\u0131 gibi yuvalar\u0131nda sabittir. Ama bayku\u015f kafas\u0131n\u0131 neredeyse 250-300 derecelik alan i\u00e7inde rahat\u00e7a \u00e7evirerek \u00e7evresini kontrol edebilir.\u00a0G\u00f6zlerindeki a\u011f tabakas\u0131 sar\u0131 renklidir ve bu b\u00fcy\u00fct\u00fcc\u00fc \u00f6zellik sa\u011flar.\u00a0G\u00f6zlerinde temel olarak \u00e7ubuk (rod) duyu h\u00fccreleri vard\u0131r. Bu h\u00fccrelerde \u201cmor \u0131\u015f\u0131k g\u00f6r\u00fcnt\u00fcs\u00fcne\u201d neden olan kimyasal bir madde bulunur. Rod h\u00fccreleri, en k\u00fc\u00e7\u00fck bir \u0131\u015f\u0131\u011f\u0131 bile kimyasal bir sinyale \u00e7evirir. G\u00f6zlerinde sanki bir teleskop vard\u0131r. B\u00f6ylece insan\u0131n sadece bir \u0131\u015f\u0131k par\u0131lt\u0131s\u0131n\u0131 fark etti\u011fi yerde bayku\u015f oradaki cismi b\u00fct\u00fcn ayr\u0131nt\u0131s\u0131 ile g\u00f6r\u00fcr. Onlar <strong><em>karanl\u0131kta en iyi g\u00f6ren<\/em><\/strong> hayvanlardan birisi, belki de en iyisidir.<\/p>\n<p>Bayku\u015flar avlar\u0131n\u0131 \u00e7ok az \u0131\u015f\u0131kta g\u00f6rerek yakalayabildikleri gibi, zifiri karanl\u0131kta da i\u015fitme duyular\u0131yla yerini belirleyerek yakalar. Bayku\u015flar\u0131n kulaklar\u0131 asimetrik ve farkl\u0131 boyuttad\u0131r ve en k\u00fc\u00e7\u00fck h\u0131\u015f\u0131rt\u0131y\u0131 dahi i\u015fitebilecek duyarl\u0131ktad\u0131r. Hassas kulaklar\u0131yla, gecenin sessizli\u011finde u\u00e7an pervanenin kanat sesini veya bir tohumun \u00e7i\u011fneni\u015fini, hatta tam sessizlikde d\u00fc\u015fen i\u011fnenin sesini bile i\u015fitebilirler.<\/p>\n<p>Gelelim bayku\u015fun bilgi ve bilgelikle ili\u015fkisine.<\/p>\n<p>Her \u015feyden \u00f6nce bilgi ile karanl\u0131k kavram\u0131 aras\u0131nda ters orant\u0131l\u0131 bir ili\u015fki vard\u0131r. Bilgi, karanl\u0131\u011f\u0131 ayd\u0131nlat\u0131r ve g\u00f6rmemizi sa\u011flar. Bilgi bir anlamda \u0131\u015f\u0131kt\u0131r. Bilgi bu \u0131\u015f\u0131k \u00f6zelli\u011fi ile karanl\u0131\u011f\u0131 ayd\u0131nl\u0131\u011fa \u00e7evirir ve b\u00f6ylece karanl\u0131kta g\u00f6r\u00fcr\u00fcz. Karanl\u0131k \u201ccehalet\u201d (bilgisizlik)\u00a0 kavram\u0131n\u0131 simgeler ve bilgi cehaleti, yani karanl\u0131\u011f\u0131 yok eden \u015feydir. Yani, cahillik karanl\u0131kt\u0131r ve karanl\u0131k da cahillik. Karanl\u0131kta g\u00f6rebilmek \u00e7ok zordur ve bunun yolu bilgidir. \u0130\u015fte bayku\u015f karanl\u0131kta, hem de zifiri karanl\u0131kta g\u00f6rebilen en iyi ku\u015ftur. Ger\u00e7e\u011fe (hakikate) ula\u015fmak karanl\u0131kta arad\u0131\u011f\u0131m\u0131z bir nesneyi g\u00f6rmek gibidir. \u00a0Bayku\u015f sadece g\u00f6z\u00fcyle g\u00f6rerek de\u011fil kula\u011f\u0131yla duyarak da ger\u00e7e\u011fe ula\u015f\u0131r. \u0130nsan i\u00e7in ger\u00e7ek (hakikat) karanl\u0131kt\u0131r ve ona bilgi ile ula\u015f\u0131r. Bilmek demek, karanl\u0131kta g\u00f6rmek demektir. Bayku\u015f, karanl\u0131kta g\u00f6ren, ger\u00e7e\u011fe ula\u015fan ku\u015ftur. \u0130\u015fte bu nedenle bayku\u015f bilginin ve bilgeli\u011fin simgesi olarak alan\u0131m\u0131zda kullan\u0131lan bir metafordur.<\/p>\n<p>Ayr\u0131ca ak\u0131l da bilgi ile ayd\u0131nlan\u0131r. Bir ba\u015fka deyi\u015fle, akl\u0131n karanl\u0131\u011f\u0131 bilgi ile ayd\u0131nl\u0131\u011fa ula\u015f\u0131r. Ak\u0131l i\u00e7in g\u00f6rmek demek karanl\u0131\u011fa bir \u0131\u015f\u0131k yakmak demektir. Akl\u0131n karanl\u0131\u011f\u0131na \u0131\u015f\u0131k yakan bilgidir. Bayku\u015f karanl\u0131ktaki en k\u00fc\u00e7\u00fck \u0131\u015f\u0131kta dahi her \u015feyi ayr\u0131nt\u0131lar\u0131yla g\u00f6ren ku\u015ftur. Bu y\u00fczden bilge ku\u015ftur.<\/p>\n<p>Yukar\u0131da da a\u00e7\u0131kland\u0131\u011f\u0131 \u00fczere, baz\u0131 k\u00fclt\u00fcrlerde bayku\u015fa, \u201ccahilli\u011fe kar\u015f\u0131 koruyan bilgiyi art\u0131rmada yard\u0131mc\u0131 olan bir t\u0131ls\u0131m\u201d olarak inan\u0131ld\u0131\u011f\u0131 g\u00f6r\u00fclm\u00fc\u015ft\u00fcr. Bu d\u00fc\u015f\u00fcncenin uzant\u0131s\u0131 olarak da bayku\u015fun delili\u011fe ve mant\u0131ks\u0131zl\u0131\u011fa neden olan her \u015feye kar\u015f\u0131 bir imge oldu\u011fu kabul edilmi\u015ftir. Asl\u0131nda cahilli\u011fe, delili\u011fe ve her t\u00fcrden mant\u0131ks\u0131zl\u0131\u011fa kar\u015f\u0131 olan bilgidir. Bilgi s\u00f6ylendi\u011fi gibi g\u00f6rmektir. Bayku\u015f karanl\u0131kta g\u00f6ren, yani bilendir.\u00a0 O y\u00fczden bilgedir, bilgeli\u011fin simgesidir.<\/p>\n<p>Bir de tabi bayku\u015f genel olarak neredeyse sezgileri olan, av\u0131n\u0131 sab\u0131rla bekleyen, hi\u00e7 acele etmeyen, sanki her \u015feyi \u00e7ok iyi hesaplay\u0131p, d\u00fc\u015f\u00fcn\u00fcp karar veren, zamanlamay\u0131 \u00e7ok iyi yapan zeki denebilecek bir ku\u015ftur. Ak\u0131ll\u0131 olarak g\u00f6r\u00fcld\u00fc\u011f\u00fc i\u00e7in de akl\u0131n, bilginin ve bilgeli\u011fin simgesi kabul edilmi\u015f \u00e7a\u011flar boyunca.<\/p>\n<p>K\u0131saca, ger\u00e7e\u011fin (hakikatin) karanl\u0131k, bilginin g\u00f6rmek anlam\u0131na gelmesi, bu \u00e7er\u00e7evedeki bilgi-karanl\u0131k kar\u015f\u0131tl\u0131\u011f\u0131\/ili\u015fkisi, akl\u0131n karanl\u0131ktaki ger\u00e7e\u011fe bilgi ile ula\u015fmas\u0131 ve karanl\u0131kta en iyi g\u00f6ren ku\u015f olmas\u0131 nedenleri bayku\u015fu bilginin, bilgeli\u011fin, belle\u011fin ve bilgi \u00fczerine temellenen k\u00fct\u00fcphanecili\u011fin (bilgi y\u00f6netiminin) imgesi\/simgesi yap\u0131vermi\u015f.<\/p>\n<p>Bayku\u015fun yukar\u0131da s\u0131ralanan \u00f6zellikleri d\u00fc\u015f\u00fcn\u00fcld\u00fc\u011f\u00fcnde, \u00f6z\u00fc, temeli bilgi olan bir alan\u0131n ve mesle\u011fin ondan daha g\u00fczel bir simgesi\/imgesi olabilir mi?<\/p>\n<p>Kan\u0131mca, k\u00fct\u00fcphaneciler, bireyi ve toplumu bilgi ile ayd\u0131nlatan, karanl\u0131kta bilgi ile g\u00f6rmelerini sa\u011flayan, onlar\u0131 &#8220;karanl\u0131kta g\u00f6ren toplumsal bayku\u015flara&#8221; d\u00f6n\u00fc\u015ft\u00fcrmeye \u00e7al\u0131\u015fan &#8221; bayku\u015flard\u0131r.&#8221;<\/p>\n<p>Ve art\u0131k u\u011fursuz sayd\u0131\u011f\u0131m\u0131z bayku\u015fumuzu aklaman\u0131n ve ba\u011fr\u0131m\u0131za basman\u0131n zaman\u0131 de\u011fil mi?<\/p>\n<p><strong><em>Kaynak\u00e7a<\/em><\/strong><\/p>\n<p>Demiralp, O\u011fuz. (2019) Bayku\u015f. Cumhuriyet Kitap. 24 Ekim 2019.<br \/>\n<a href=\"http:\/\/www.ilgincgercek.com\/baykuslar\/\" target=\"_blank\" rel=\"noopener\">http:\/\/www.ilgincgercek.com\/baykuslar\/<\/a><\/p>\n<p><a href=\"https:\/\/seyler.eksisozluk.com\/baykuslarin-ugursuzluk-getirdigi-inanci-nereden-geliyor\" target=\"_blank\" rel=\"noopener\">https:\/\/seyler.eksisozluk.com\/baykuslarin-ugursuzluk-getirdigi-inanci-nereden-geliyor<\/a><\/p>\n<p><a href=\"https:\/\/dusuneninsanlaricin.com\/sevimli-baykuslar-hakkinda-20-bilgi\/\" target=\"_blank\" rel=\"noopener\">https:\/\/dusuneninsanlaricin.com\/sevimli-baykuslar-hakkinda-20-bilgi\/<\/a><\/p>\n<p><a href=\"https:\/\/onedio.com\/haber\/olumu-kanatlarinda-tasiyan-dunyanin-en-sessiz-avcisi-baykus-710028\" target=\"_blank\" rel=\"noopener\">https:\/\/onedio.com\/haber\/olumu-kanatlarinda-tasiyan-dunyanin-en-sessiz-avcisi-baykus-710028<\/a><\/p>\n<p><a href=\"https:\/\/www.turktoyu.com\/turklerde-sezgi-bilgi-ve-bellegin-sembolu-baykus\" target=\"_blank\" rel=\"noopener\">https:\/\/www.turktoyu.com\/turklerde-sezgi-bilgi-ve-bellegin-sembolu-baykus<\/a><\/p>\n<p><a href=\"https:\/\/bilgelikyolunda.blogspot.com\/2016\/10\/bilgeligin-simgesi-baykus.html#.XbW6I5IzaM8\" target=\"_blank\" rel=\"noopener\">https:\/\/bilgelikyolunda.blogspot.com\/2016\/10\/bilgeligin-simgesi-baykus.html#.XbW6I5IzaM8<\/a><\/p>\n<p><a href=\"https:\/\/www.turktoyu.com\/turklerde-sezgi-bilgi-ve-bellegin-sembolu-baykus\" target=\"_blank\" rel=\"noopener\">https:\/\/www.turktoyu.com\/turklerde-sezgi-bilgi-ve-bellegin-sembolu-baykus<\/a><\/p>\n","protected":false},"excerpt":{"rendered":"<p>Bayku\u015f, genelde k\u00fct\u00fcphanecili\u011fin, bilginin ve bilgeli\u011fin simgesi olarak kabul edilir ve \u00f6rne\u011fin alan\u0131m\u0131zda yap\u0131lan bir \u00e7ok etkinlikte g\u00f6rsel bir unsur olarak kullan\u0131l\u0131r. Uza\u011fa gitmeye gerek yok. Bu k\u00f6\u015feyi bar\u0131nd\u0131ran BBY Haber\u2019in simgesi bayku\u015f de\u011fil mi?<\/p>\n","protected":false},"author":146,"featured_media":27392,"comment_status":"closed","ping_status":"closed","sticky":false,"template":"","format":"standard","meta":{"footnotes":""},"categories":[1502],"tags":[1460],"class_list":["post-27390","post","type-post","status-publish","format-standard","has-post-thumbnail","hentry","category-prof-dr-bulent-yilmaz","tag-kose-yazarlari"],"_links":{"self":[{"href":"https:\/\/www.bbyhaber.com\/bby\/wp-json\/wp\/v2\/posts\/27390"}],"collection":[{"href":"https:\/\/www.bbyhaber.com\/bby\/wp-json\/wp\/v2\/posts"}],"about":[{"href":"https:\/\/www.bbyhaber.com\/bby\/wp-json\/wp\/v2\/types\/post"}],"author":[{"embeddable":true,"href":"https:\/\/www.bbyhaber.com\/bby\/wp-json\/wp\/v2\/users\/146"}],"replies":[{"embeddable":true,"href":"https:\/\/www.bbyhaber.com\/bby\/wp-json\/wp\/v2\/comments?post=27390"}],"version-history":[{"count":6,"href":"https:\/\/www.bbyhaber.com\/bby\/wp-json\/wp\/v2\/posts\/27390\/revisions"}],"predecessor-version":[{"id":31153,"href":"https:\/\/www.bbyhaber.com\/bby\/wp-json\/wp\/v2\/posts\/27390\/revisions\/31153"}],"wp:featuredmedia":[{"embeddable":true,"href":"https:\/\/www.bbyhaber.com\/bby\/wp-json\/wp\/v2\/media\/27392"}],"wp:attachment":[{"href":"https:\/\/www.bbyhaber.com\/bby\/wp-json\/wp\/v2\/media?parent=27390"}],"wp:term":[{"taxonomy":"category","embeddable":true,"href":"https:\/\/www.bbyhaber.com\/bby\/wp-json\/wp\/v2\/categories?post=27390"},{"taxonomy":"post_tag","embeddable":true,"href":"https:\/\/www.bbyhaber.com\/bby\/wp-json\/wp\/v2\/tags?post=27390"}],"curies":[{"name":"wp","href":"https:\/\/api.w.org\/{rel}","templated":true}]}}