{"id":2736,"date":"2012-02-24T09:34:46","date_gmt":"2012-02-24T09:34:46","guid":{"rendered":"http:\/\/www.bbyhaber.com\/bby\/?p=2736"},"modified":"2012-02-24T09:34:54","modified_gmt":"2012-02-24T09:34:54","slug":"beyazit-devlet-kutuphanesi-agustosta-aciliyor","status":"publish","type":"post","link":"https:\/\/www.bbyhaber.com\/bby\/2012\/02\/24\/beyazit-devlet-kutuphanesi-agustosta-aciliyor","title":{"rendered":"Beyaz\u0131t Devlet K\u00fct\u00fcphanesi a\u011fustosta a\u00e7\u0131l\u0131yor"},"content":{"rendered":"<p style=\"text-align: justify;\">\u0130stanbul \u0130l \u00d6zel \u0130daresi, 1884\u2019te a\u00e7\u0131lan ilk milli k\u00fct\u00fcphanemiz olan K\u00fct\u00fcphane-i Umumi-i Osmani\u2019deki, bug\u00fcnk\u00fc ad\u0131yla Beyaz\u0131t Devlet K\u00fct\u00fcphanesi\u2019ndeki yenileme \u00e7al\u0131\u015fmalar\u0131n\u0131 s\u00fcrd\u00fcr\u00fcyor.\u00a0Ge\u00e7ti\u011fimiz y\u0131l 125. y\u0131l\u0131n\u0131 kutlayan <a href=\"http:\/\/www.beyazitkutup.gov.tr\/\" target=\"_blank\">Beyaz\u0131t Devlet K\u00fct\u00fcphanesi<\/a>&#8216;nde restorasyon \u00e7al\u0131\u015fmalar\u0131 t\u00fcm h\u0131z\u0131yla devam ediyor. 4 milyon TL\u2019ye mal olacak \u00e7al\u0131\u015fmalar\u0131n a\u011fustosta tamamlanmas\u0131 planlan\u0131yor. At\u0131l durumundan ar\u0131nd\u0131r\u0131lan, i\u00e7 mek\u00e2nlarda tesisat d\u00fczenlemelerine ba\u015flanan tarihi k\u00fct\u00fcphanede, elektrik ve mekanik tesisat\u0131yla ilgili uygulamalar devam ediyor. K\u00fct\u00fcphane ana mek\u00e2n\u0131 olan okuma salonunda, kubbelerdeki kalemi\u015fi \u00e7al\u0131\u015fmalar asl\u0131na uygun olarak yenileniyor. Proje \u00e7er\u00e7evesinde, 1980\u2019lerde ana yap\u0131dan ayr\u0131, bah\u00e7eye in\u015fa edilmi\u015f ve yemekhane olarak kullan\u0131lan bina y\u0131k\u0131larak, depolama fonksiyonlar\u0131 ana bina i\u00e7ine kayd\u0131r\u0131ld\u0131. B\u00f6ylelikle \u00f6zg\u00fcn avlu yap\u0131s\u0131, okuma avlusu olarak projeye g\u00f6re yeniden d\u00fczenlenecek. Daha \u00f6nce imarethane k\u0131sm\u0131 restore edilen k\u00fct\u00fcphanede kitap sergileme \u00fcniteleri, okuma salonu ve sergileme holleri \u00f6zg\u00fcn yap\u0131 de\u011fi\u015ftirilmeden yeniden d\u00fczenlenecek ve nadir eserler, iklimlendirilmi\u015f vitrinlerin te\u015fhir ve tanzimi K\u00fct\u00fcphanedeki yenileme \u00e7al\u0131\u015fmalar\u0131 t\u00fcm h\u0131z\u0131yla devam ediyor. ile korumaya al\u0131narak sergilenecek.<\/p>\n<p style=\"text-align: justify;\">Kaynak: http:\/\/www.haberturk.com\/<\/p>\n","protected":false},"excerpt":{"rendered":"<p>\u0130stanbul \u0130l \u00d6zel \u0130daresi, 1884\u2019te a\u00e7\u0131lan ilk milli k\u00fct\u00fcphanemiz olan K\u00fct\u00fcphane-i Umumi-i Osmani\u2019deki, bug\u00fcnk\u00fc ad\u0131yla Beyaz\u0131t Devlet K\u00fct\u00fcphanesi\u2019ndeki yenileme \u00e7al\u0131\u015fmalar\u0131n\u0131 s\u00fcrd\u00fcr\u00fcyor.\u00a0Ge\u00e7ti\u011fimiz y\u0131l 125. y\u0131l\u0131n\u0131 kutlayan Beyaz\u0131t Devlet K\u00fct\u00fcphanesi&#8216;nde restorasyon \u00e7al\u0131\u015fmalar\u0131 t\u00fcm h\u0131z\u0131yla devam ediyor. 4 milyon TL\u2019ye mal olacak \u00e7al\u0131\u015fmalar\u0131n a\u011fustosta tamamlanmas\u0131 planlan\u0131yor. At\u0131l durumundan ar\u0131nd\u0131r\u0131lan, i\u00e7 mek\u00e2nlarda tesisat d\u00fczenlemelerine ba\u015flanan tarihi k\u00fct\u00fcphanede, elektrik ve [&hellip;]<\/p>\n","protected":false},"author":1,"featured_media":0,"comment_status":"open","ping_status":"open","sticky":false,"template":"","format":"standard","meta":{"footnotes":""},"categories":[1],"tags":[],"class_list":["post-2736","post","type-post","status-publish","format-standard","hentry","category-genel"],"_links":{"self":[{"href":"https:\/\/www.bbyhaber.com\/bby\/wp-json\/wp\/v2\/posts\/2736"}],"collection":[{"href":"https:\/\/www.bbyhaber.com\/bby\/wp-json\/wp\/v2\/posts"}],"about":[{"href":"https:\/\/www.bbyhaber.com\/bby\/wp-json\/wp\/v2\/types\/post"}],"author":[{"embeddable":true,"href":"https:\/\/www.bbyhaber.com\/bby\/wp-json\/wp\/v2\/users\/1"}],"replies":[{"embeddable":true,"href":"https:\/\/www.bbyhaber.com\/bby\/wp-json\/wp\/v2\/comments?post=2736"}],"version-history":[{"count":0,"href":"https:\/\/www.bbyhaber.com\/bby\/wp-json\/wp\/v2\/posts\/2736\/revisions"}],"wp:attachment":[{"href":"https:\/\/www.bbyhaber.com\/bby\/wp-json\/wp\/v2\/media?parent=2736"}],"wp:term":[{"taxonomy":"category","embeddable":true,"href":"https:\/\/www.bbyhaber.com\/bby\/wp-json\/wp\/v2\/categories?post=2736"},{"taxonomy":"post_tag","embeddable":true,"href":"https:\/\/www.bbyhaber.com\/bby\/wp-json\/wp\/v2\/tags?post=2736"}],"curies":[{"name":"wp","href":"https:\/\/api.w.org\/{rel}","templated":true}]}}