{"id":27357,"date":"2019-10-24T10:51:06","date_gmt":"2019-10-24T07:51:06","guid":{"rendered":"http:\/\/www.bbyhaber.com\/bby\/?p=27357"},"modified":"2019-10-24T10:51:06","modified_gmt":"2019-10-24T07:51:06","slug":"mersinin-erdemli-ilcesine-yeni-kutuphane-yapilacak","status":"publish","type":"post","link":"https:\/\/www.bbyhaber.com\/bby\/2019\/10\/24\/mersinin-erdemli-ilcesine-yeni-kutuphane-yapilacak","title":{"rendered":"Mersin\u2019in Erdemli il\u00e7esine yeni k\u00fct\u00fcphane yap\u0131lacak"},"content":{"rendered":"<p><a href=\"http:\/\/www.bbyhaber.com\/bby\/wp-content\/uploads\/2019\/10\/erdemliye-yeni-kutuphane-yapilacak.png\"><img loading=\"lazy\" decoding=\"async\" class=\"alignleft size-full wp-image-27358\" src=\"http:\/\/www.bbyhaber.com\/bby\/wp-content\/uploads\/2019\/10\/erdemliye-yeni-kutuphane-yapilacak.png\" alt=\"\" width=\"390\" height=\"180\" \/><\/a>Mersin\u2019in Erdemli il\u00e7esinde, 1993 Y\u0131l\u0131nda kullan\u0131ma a\u00e7\u0131lan mevcut k\u00fct\u00fcphanenin y\u0131k\u0131larak yerine, zemin art\u0131 4 kattan olu\u015fan yeni bir k\u00fct\u00fcphanenin yap\u0131laca\u011f\u0131 bildirildi. Edinilen bilgiye g\u00f6re,&#8221;Erdemli\u2019de 1993 y\u0131l\u0131nda a\u00e7\u0131lan ve halk\u0131n hizmetine sunulan <strong>Erdemli Halk K\u00fct\u00fcphanesi<\/strong>nin yap\u0131lan inceleme sonras\u0131nda eski binan\u0131n y\u0131k\u0131larak, yerine yeni binan\u0131n yap\u0131lmas\u0131na karar verildi.<!--more--><\/p>\n<p>16 Ekim tarihinde Mersin Valili\u011fi Yat\u0131r\u0131m \u0130zleme ve Koordinasyon merkezi taraf\u0131ndan yeni yap\u0131lacak olan k\u00fct\u00fcphanemizin ihalesi yap\u0131ld\u0131. Eski binan\u0131n y\u0131k\u0131larak ayn\u0131 yerine zemin art\u0131 4 kattan olu\u015fan, yeni nesil teknolojileri ile donat\u0131lan k\u00fct\u00fcphanenin,yakla\u015f\u0131k bir y\u0131l sonra tamamlanarak hizmete a\u00e7\u0131lmas\u0131 bekleniyor. Yap\u0131lacak olan k\u00fct\u00fcphanede, \u00e7ocuk b\u00f6l\u00fcm\u00fc, ders \u00e7al\u0131\u015fma alanlar\u0131, yeti\u015fkin b\u00f6l\u00fcmleri, s\u00fcreli yay\u0131nlar ve toplant\u0131 salonu i\u00e7erisinde \u00e7ok g\u00fczel bir bina kazand\u0131r\u0131lacak.<\/p>\n<p><a href=\"https:\/\/www.erdemliyenihaber.com\" target=\"_blank\" rel=\"noopener\">Kaynak<\/a><\/p>\n","protected":false},"excerpt":{"rendered":"<p>Mersin\u2019in Erdemli il\u00e7esinde, 1993 Y\u0131l\u0131nda kullan\u0131ma a\u00e7\u0131lan mevcut k\u00fct\u00fcphanenin y\u0131k\u0131larak yerine, zemin art\u0131 4 kattan olu\u015fan yeni bir k\u00fct\u00fcphanenin yap\u0131laca\u011f\u0131 bildirildi. Edinilen bilgiye g\u00f6re,&#8221;Erdemli\u2019de 1993 y\u0131l\u0131nda a\u00e7\u0131lan ve halk\u0131n hizmetine sunulan Erdemli Halk K\u00fct\u00fcphanesinin yap\u0131lan inceleme sonras\u0131nda eski binan\u0131n y\u0131k\u0131larak, yerine yeni binan\u0131n yap\u0131lmas\u0131na karar verildi.<\/p>\n","protected":false},"author":1,"featured_media":27358,"comment_status":"open","ping_status":"open","sticky":false,"template":"","format":"standard","meta":{"footnotes":""},"categories":[1],"tags":[],"class_list":["post-27357","post","type-post","status-publish","format-standard","has-post-thumbnail","hentry","category-genel"],"_links":{"self":[{"href":"https:\/\/www.bbyhaber.com\/bby\/wp-json\/wp\/v2\/posts\/27357"}],"collection":[{"href":"https:\/\/www.bbyhaber.com\/bby\/wp-json\/wp\/v2\/posts"}],"about":[{"href":"https:\/\/www.bbyhaber.com\/bby\/wp-json\/wp\/v2\/types\/post"}],"author":[{"embeddable":true,"href":"https:\/\/www.bbyhaber.com\/bby\/wp-json\/wp\/v2\/users\/1"}],"replies":[{"embeddable":true,"href":"https:\/\/www.bbyhaber.com\/bby\/wp-json\/wp\/v2\/comments?post=27357"}],"version-history":[{"count":1,"href":"https:\/\/www.bbyhaber.com\/bby\/wp-json\/wp\/v2\/posts\/27357\/revisions"}],"predecessor-version":[{"id":27359,"href":"https:\/\/www.bbyhaber.com\/bby\/wp-json\/wp\/v2\/posts\/27357\/revisions\/27359"}],"wp:featuredmedia":[{"embeddable":true,"href":"https:\/\/www.bbyhaber.com\/bby\/wp-json\/wp\/v2\/media\/27358"}],"wp:attachment":[{"href":"https:\/\/www.bbyhaber.com\/bby\/wp-json\/wp\/v2\/media?parent=27357"}],"wp:term":[{"taxonomy":"category","embeddable":true,"href":"https:\/\/www.bbyhaber.com\/bby\/wp-json\/wp\/v2\/categories?post=27357"},{"taxonomy":"post_tag","embeddable":true,"href":"https:\/\/www.bbyhaber.com\/bby\/wp-json\/wp\/v2\/tags?post=27357"}],"curies":[{"name":"wp","href":"https:\/\/api.w.org\/{rel}","templated":true}]}}