{"id":27354,"date":"2019-10-24T10:45:02","date_gmt":"2019-10-24T07:45:02","guid":{"rendered":"http:\/\/www.bbyhaber.com\/bby\/?p=27354"},"modified":"2019-10-24T10:45:02","modified_gmt":"2019-10-24T07:45:02","slug":"turkiyenin-en-buyuk-kutuphanesi-havadan-goruntulendi","status":"publish","type":"post","link":"https:\/\/www.bbyhaber.com\/bby\/2019\/10\/24\/turkiyenin-en-buyuk-kutuphanesi-havadan-goruntulendi","title":{"rendered":"T\u00fcrkiye\u2019nin en b\u00fcy\u00fck k\u00fct\u00fcphanesi havadan g\u00f6r\u00fcnt\u00fclendi"},"content":{"rendered":"<p><a href=\"http:\/\/www.bbyhaber.com\/bby\/wp-content\/uploads\/2019\/10\/turkiyenin-en-buyuk-kutuphanesi.jpg\"><img loading=\"lazy\" decoding=\"async\" class=\"alignleft size-full wp-image-27355\" src=\"http:\/\/www.bbyhaber.com\/bby\/wp-content\/uploads\/2019\/10\/turkiyenin-en-buyuk-kutuphanesi.jpg\" alt=\"\" width=\"390\" height=\"180\" \/><\/a>1960\u2019l\u0131 y\u0131llarda ordunun terk etti\u011fi ve uzun m\u00fcddet bak\u0131ms\u0131z kalan Rami K\u0131\u015flas\u0131, k\u00fct\u00fcphane olarak kullan\u0131lmaya ba\u015flanacak.<\/p>\n<p>\u00c7ALI\u015eMALAR HAVADAN G\u00d6R\u00dcNT\u00dcLEND\u0130<br \/>\nRestorasyonu tamamland\u0131\u011f\u0131nda k\u0131\u015fla, art\u0131k k\u00fct\u00fcphane olarak kullan\u0131lacak ve 220 bin metrekarelik kullan\u0131m sahas\u0131yla T\u00fcrkiye&#8217;nin en b\u00fcy\u00fc\u011f\u00fc olacak. Bu kapsamda d\u00fczenlenen \u00e7al\u0131\u015fmalar h\u0131z kesmedi ve son durum havadan g\u00f6r\u00fcnt\u00fclendi.<!--more--><\/p>\n<p>KABA \u0130N\u015eAAT B\u0130TT\u0130<br \/>\nRami K\u0131\u015flas\u0131 Caddesi&#8217;ne bakan k\u0131sm\u0131n\u0131n kaba in\u015faat\u0131n\u0131n tamamland\u0131\u011f\u0131, havadan \u00e7ekilen g\u00f6r\u00fcnt\u00fclerle g\u00f6r\u00fcl\u00fcyor.<\/p>\n<p>\u0130n\u015faat alan\u0131ndan toplanan molozlar, i\u015f makineleri taraf\u0131ndan daha k\u00fc\u00e7\u00fck hale getirilerek kamyonlara y\u00fcklenerek d\u0131\u015far\u0131 ta\u015f\u0131n\u0131yor.<\/p>\n<p>\u0130LK ETAPTA 7 M\u0130LYON K\u0130TAP OLACAK<br \/>\n&#8216;Rami Kitap ve K\u00fclt\u00fcr Vadisi&#8217; ad\u0131n\u0131 ta\u015f\u0131yacak mekan\u0131n, ilk safhada 7 milyon kitaba ev sahipli\u011fi yapmas\u0131 planlan\u0131yor. Rami Kitap ve K\u00fclt\u00fcr Vadisi\u2019nde \u201c\u00e7ocuk\u201d, \u201csanat\u201d gibi tematik k\u00fct\u00fcphaneler de yer alacak.<\/p>\n<p>250 SENEL\u0130K GE\u00c7M\u0130\u015e\u0130 VAR<br \/>\nM\u00fcze, k\u00fct\u00fcphane, restoranlar, al\u0131\u015fveri\u015f mekanlar\u0131 ve 200 d\u00f6n\u00fcml\u00fck peyzaj d\u00fczenlemesini i\u00e7eren restorasyon \u00e7al\u0131\u015fmalar\u0131 tamamland\u0131\u011f\u0131nda, 990 toptanc\u0131 d\u00fckkan\u0131, banka ve restoranlardan olu\u015fan 120 ticari mekana ev sahipli\u011fi yapm\u0131\u015f olacak. Ayr\u0131ca ziyaret\u00e7iler i\u00e7in 541 ara\u00e7l\u0131k kapal\u0131, 634 ara\u00e7l\u0131k a\u00e7\u0131k, 65 t\u0131r alan\u0131 olmak \u00fczere toplam 1.240 ara\u00e7l\u0131k otopark da yer alacak.<\/p>\n<p>250 senelik ge\u00e7mi\u015fi olan Rami Top\u00e7u K\u0131\u015flas\u0131&#8217;n\u0131n, ar\u015fivlerdeki ad\u0131 &#8216;Rami \u00c7iftli\u011fi K\u0131\u015flas\u0131&#8217;. Yap\u0131, II. Mahmud d\u00f6neminde 1826-1828 tarihleri aras\u0131nda yenilendi. 1960&#8217;l\u0131 y\u0131llarda ordunun terk etti\u011fi k\u0131\u015fla, uzun zaman bak\u0131ms\u0131z kald\u0131. 80&#8217;li y\u0131llarda ise \u0130stanbul B\u00fcy\u00fck\u015fehir Belediyesi&#8217;ne devredildi.<\/p>\n<p><a href=\"https:\/\/www.ensonhaber.com\" target=\"_blank\" rel=\"noopener\">Kaynak<\/a><\/p>\n","protected":false},"excerpt":{"rendered":"<p>1960\u2019l\u0131 y\u0131llarda ordunun terk etti\u011fi ve uzun m\u00fcddet bak\u0131ms\u0131z kalan Rami K\u0131\u015flas\u0131, k\u00fct\u00fcphane olarak kullan\u0131lmaya ba\u015flanacak. \u00c7ALI\u015eMALAR HAVADAN G\u00d6R\u00dcNT\u00dcLEND\u0130 Restorasyonu tamamland\u0131\u011f\u0131nda k\u0131\u015fla, art\u0131k k\u00fct\u00fcphane olarak kullan\u0131lacak ve 220 bin metrekarelik kullan\u0131m sahas\u0131yla T\u00fcrkiye&#8217;nin en b\u00fcy\u00fc\u011f\u00fc olacak. Bu kapsamda d\u00fczenlenen \u00e7al\u0131\u015fmalar h\u0131z kesmedi ve son durum havadan g\u00f6r\u00fcnt\u00fclendi.<\/p>\n","protected":false},"author":1,"featured_media":27355,"comment_status":"open","ping_status":"open","sticky":false,"template":"","format":"standard","meta":{"footnotes":""},"categories":[1],"tags":[],"class_list":["post-27354","post","type-post","status-publish","format-standard","has-post-thumbnail","hentry","category-genel"],"_links":{"self":[{"href":"https:\/\/www.bbyhaber.com\/bby\/wp-json\/wp\/v2\/posts\/27354"}],"collection":[{"href":"https:\/\/www.bbyhaber.com\/bby\/wp-json\/wp\/v2\/posts"}],"about":[{"href":"https:\/\/www.bbyhaber.com\/bby\/wp-json\/wp\/v2\/types\/post"}],"author":[{"embeddable":true,"href":"https:\/\/www.bbyhaber.com\/bby\/wp-json\/wp\/v2\/users\/1"}],"replies":[{"embeddable":true,"href":"https:\/\/www.bbyhaber.com\/bby\/wp-json\/wp\/v2\/comments?post=27354"}],"version-history":[{"count":2,"href":"https:\/\/www.bbyhaber.com\/bby\/wp-json\/wp\/v2\/posts\/27354\/revisions"}],"predecessor-version":[{"id":27373,"href":"https:\/\/www.bbyhaber.com\/bby\/wp-json\/wp\/v2\/posts\/27354\/revisions\/27373"}],"wp:featuredmedia":[{"embeddable":true,"href":"https:\/\/www.bbyhaber.com\/bby\/wp-json\/wp\/v2\/media\/27355"}],"wp:attachment":[{"href":"https:\/\/www.bbyhaber.com\/bby\/wp-json\/wp\/v2\/media?parent=27354"}],"wp:term":[{"taxonomy":"category","embeddable":true,"href":"https:\/\/www.bbyhaber.com\/bby\/wp-json\/wp\/v2\/categories?post=27354"},{"taxonomy":"post_tag","embeddable":true,"href":"https:\/\/www.bbyhaber.com\/bby\/wp-json\/wp\/v2\/tags?post=27354"}],"curies":[{"name":"wp","href":"https:\/\/api.w.org\/{rel}","templated":true}]}}