{"id":27324,"date":"2019-10-21T19:46:43","date_gmt":"2019-10-21T16:46:43","guid":{"rendered":"http:\/\/www.bbyhaber.com\/bby\/?p=27324"},"modified":"2019-10-21T22:41:58","modified_gmt":"2019-10-21T19:41:58","slug":"soylesi-gecmisten-gunumuze-bilgi-okuryazarligi","status":"publish","type":"post","link":"https:\/\/www.bbyhaber.com\/bby\/2019\/10\/21\/soylesi-gecmisten-gunumuze-bilgi-okuryazarligi","title":{"rendered":"S\u00f6yle\u015fi: Ge\u00e7mi\u015ften G\u00fcn\u00fcm\u00fcze Bilgi Okuryazarl\u0131\u011f\u0131, 24 Ekim Per\u015fembe &#8211; 14:00 &#8211; Milli K\u00fct\u00fcphane"},"content":{"rendered":"<p>&nbsp;<\/p>\n<p><a href=\"http:\/\/www.bbyhaber.com\/bby\/wp-content\/uploads\/2019\/10\/Ge\u00e7mi\u015ften-G\u00fcn\u00fcm\u00fcze-Bilgi-Okuryazarl\u0131\u011f\u0131-S\u00f6yle\u015fisi.jpg\"><img loading=\"lazy\" decoding=\"async\" class=\"alignleft wp-image-27325 size-large\" src=\"http:\/\/www.bbyhaber.com\/bby\/wp-content\/uploads\/2019\/10\/Ge\u00e7mi\u015ften-G\u00fcn\u00fcm\u00fcze-Bilgi-Okuryazarl\u0131\u011f\u0131-S\u00f6yle\u015fisi-731x1024.jpg\" alt=\"\" width=\"618\" height=\"866\" srcset=\"https:\/\/www.bbyhaber.com\/bby\/wp-content\/uploads\/2019\/10\/Ge\u00e7mi\u015ften-G\u00fcn\u00fcm\u00fcze-Bilgi-Okuryazarl\u0131\u011f\u0131-S\u00f6yle\u015fisi-731x1024.jpg 731w, https:\/\/www.bbyhaber.com\/bby\/wp-content\/uploads\/2019\/10\/Ge\u00e7mi\u015ften-G\u00fcn\u00fcm\u00fcze-Bilgi-Okuryazarl\u0131\u011f\u0131-S\u00f6yle\u015fisi-214x300.jpg 214w, https:\/\/www.bbyhaber.com\/bby\/wp-content\/uploads\/2019\/10\/Ge\u00e7mi\u015ften-G\u00fcn\u00fcm\u00fcze-Bilgi-Okuryazarl\u0131\u011f\u0131-S\u00f6yle\u015fisi-768x1076.jpg 768w, https:\/\/www.bbyhaber.com\/bby\/wp-content\/uploads\/2019\/10\/Ge\u00e7mi\u015ften-G\u00fcn\u00fcm\u00fcze-Bilgi-Okuryazarl\u0131\u011f\u0131-S\u00f6yle\u015fisi.jpg 1142w\" sizes=\"(max-width: 618px) 100vw, 618px\" \/><\/a><\/p>\n<p style=\"font-weight: 400;\">K\u00fcresel Medya ve Bilgi Okuryazarl\u0131\u011f\u0131 (MIL) Haftas\u0131, 24-31 Ekim 2019 tarihleri aras\u0131nda, United Nations Educational, Scientific and Cultural Organization (UNESCO) koordinasyonunda, \u201cMedya ve Bilgi Okuryazar Vatanda\u015f: Bilgilendirilmi\u015f, Kat\u0131l\u0131m Sa\u011flayan, G\u00fc\u00e7lendirilmi\u015f\u201d temas\u0131 ile d\u00fcnya \u00e7ap\u0131nda kutlanmaktad\u0131r.<\/p>\n<p style=\"font-weight: 400;\">Bu kapsamda; Genel M\u00fcd\u00fcrl\u00fc\u011f\u00fcm\u00fczce, 24 Ekim 2019 Per\u015fembe G\u00fcn\u00fc, saat 14.00&#8217;de, Milli K\u00fct\u00fcphane Konferans Salonu\u2019nda,<\/p>\n<p style=\"font-weight: 400;\">Prof. Dr. Oya G\u00dcRDAL TAMDO\u011eAN\u2019\u0131n moderat\u00f6rl\u00fc\u011f\u00fcnde;<\/p>\n<p style=\"font-weight: 400;\">Prof. Dr. Co\u015fkun POLAT<\/p>\n<p style=\"font-weight: 400;\">Do\u00e7. Dr. Nevzat \u00d6ZEL<\/p>\n<p style=\"font-weight: 400;\">Ahmet ALDEM\u0130R\u2019in kat\u0131l\u0131mlar\u0131 ile\u00a0<strong>&#8220;Ge\u00e7mi\u015ften G\u00fcn\u00fcm\u00fcze Bilgi Okuryazarl\u0131\u011f\u0131&#8221;<\/strong>\u00a0adl\u0131 s\u00f6yle\u015fi d\u00fczenlenecektir.<\/p>\n<p style=\"font-weight: 400;\">T\u00fcm meslekta\u015flar\u0131m\u0131z, e\u011fitimciler, ilgili kamu kurum\/kurulu\u015flar\u0131, \u00fcniversiteler, yerel y\u00f6netimler, STK\u2019lar ve konuyla ilgili \u00e7al\u0131\u015fmalar\u0131 olan herkes davetlidir.<\/p>\n","protected":false},"excerpt":{"rendered":"<p>&nbsp; K\u00fcresel Medya ve Bilgi Okuryazarl\u0131\u011f\u0131 (MIL) Haftas\u0131, 24-31 Ekim 2019 tarihleri aras\u0131nda, United Nations Educational, Scientific and Cultural Organization (UNESCO) koordinasyonunda, \u201cMedya ve Bilgi Okuryazar Vatanda\u015f: Bilgilendirilmi\u015f, Kat\u0131l\u0131m Sa\u011flayan, G\u00fc\u00e7lendirilmi\u015f\u201d temas\u0131 ile d\u00fcnya \u00e7ap\u0131nda kutlanmaktad\u0131r. Bu kapsamda; Genel M\u00fcd\u00fcrl\u00fc\u011f\u00fcm\u00fczce, 24 Ekim 2019 Per\u015fembe G\u00fcn\u00fc, saat 14.00&#8217;de, Milli K\u00fct\u00fcphane Konferans Salonu\u2019nda, Prof. Dr. Oya G\u00dcRDAL [&hellip;]<\/p>\n","protected":false},"author":129,"featured_media":27330,"comment_status":"open","ping_status":"open","sticky":false,"template":"","format":"standard","meta":{"footnotes":""},"categories":[1],"tags":[],"class_list":["post-27324","post","type-post","status-publish","format-standard","has-post-thumbnail","hentry","category-genel"],"_links":{"self":[{"href":"https:\/\/www.bbyhaber.com\/bby\/wp-json\/wp\/v2\/posts\/27324"}],"collection":[{"href":"https:\/\/www.bbyhaber.com\/bby\/wp-json\/wp\/v2\/posts"}],"about":[{"href":"https:\/\/www.bbyhaber.com\/bby\/wp-json\/wp\/v2\/types\/post"}],"author":[{"embeddable":true,"href":"https:\/\/www.bbyhaber.com\/bby\/wp-json\/wp\/v2\/users\/129"}],"replies":[{"embeddable":true,"href":"https:\/\/www.bbyhaber.com\/bby\/wp-json\/wp\/v2\/comments?post=27324"}],"version-history":[{"count":2,"href":"https:\/\/www.bbyhaber.com\/bby\/wp-json\/wp\/v2\/posts\/27324\/revisions"}],"predecessor-version":[{"id":27329,"href":"https:\/\/www.bbyhaber.com\/bby\/wp-json\/wp\/v2\/posts\/27324\/revisions\/27329"}],"wp:featuredmedia":[{"embeddable":true,"href":"https:\/\/www.bbyhaber.com\/bby\/wp-json\/wp\/v2\/media\/27330"}],"wp:attachment":[{"href":"https:\/\/www.bbyhaber.com\/bby\/wp-json\/wp\/v2\/media?parent=27324"}],"wp:term":[{"taxonomy":"category","embeddable":true,"href":"https:\/\/www.bbyhaber.com\/bby\/wp-json\/wp\/v2\/categories?post=27324"},{"taxonomy":"post_tag","embeddable":true,"href":"https:\/\/www.bbyhaber.com\/bby\/wp-json\/wp\/v2\/tags?post=27324"}],"curies":[{"name":"wp","href":"https:\/\/api.w.org\/{rel}","templated":true}]}}