{"id":27318,"date":"2019-10-21T08:30:06","date_gmt":"2019-10-21T05:30:06","guid":{"rendered":"http:\/\/www.bbyhaber.com\/bby\/?p=27318"},"modified":"2019-10-20T18:36:57","modified_gmt":"2019-10-20T15:36:57","slug":"kutuphanenizin-bilgi-merkezinizin-bilimsel-calismalara-katkisini-nasil-olcersiniz-cem-ozel","status":"publish","type":"post","link":"https:\/\/www.bbyhaber.com\/bby\/2019\/10\/21\/kutuphanenizin-bilgi-merkezinizin-bilimsel-calismalara-katkisini-nasil-olcersiniz-cem-ozel","title":{"rendered":"K\u00fct\u00fcphanenizin\/ Bilgi Merkezinizin Bilimsel \u00c7al\u0131\u015fmalara Katk\u0131s\u0131n\u0131 Nas\u0131l \u00d6l\u00e7ersiniz? | Cem \u00d6ZEL"},"content":{"rendered":"<p>[avatar user=&#8221;cemozel&#8221; \/]<a href=\"http:\/\/www.bbyhaber.com\/bby\/author\/cemozel\"><br \/>\nCem \u00d6ZEL<\/a><br \/>\n<strong>Kullan\u0131c\u0131 Hizmetleri Y\u00f6neticisi\/Sabanc\u0131 \u00dcniversitesi Bilgi Merkezi<\/strong><\/p>\n<p><a href=\"http:\/\/www.bbyhaber.com\/bby\/wp-content\/uploads\/2019\/10\/kutuphanler-bilimsel-calismalara-katkisi.jpg\"><img loading=\"lazy\" decoding=\"async\" class=\"alignleft size-full wp-image-27319\" src=\"http:\/\/www.bbyhaber.com\/bby\/wp-content\/uploads\/2019\/10\/kutuphanler-bilimsel-calismalara-katkisi.jpg\" alt=\"\" width=\"390\" height=\"180\" \/><\/a>\u00dcniversite k\u00fct\u00fcphanelerinin \/ bilgi merkezlerinin, bilgi kaynaklar\u0131n\u0131n ve vermi\u015f olduklar\u0131 ILL ve dok\u00fcman sa\u011flama gibi hizmetlerin bilimsel \u00e7al\u0131\u015fmalara katk\u0131s\u0131n\u0131 \u00f6l\u00e7mek i\u00e7in ne yapard\u0131n\u0131z?<!--more--><\/p>\n<p>Bu soruyu ben de kendime sordum ve bu sorunun bir par\u00e7as\u0131ndan kesit alarak biyopsi yapmak i\u00e7in bilgi laboratuvar\u0131mda incelemeye ba\u015flad\u0131m. Kesiti \u015fu \u015fekilde \u00f6zetlemek isterim.<\/p>\n<p>Bildi\u011finiz \u00fczere \u00f6nemli at\u0131f indekslerinde yer alan dergilerde makale yazmak, bilim insanlar\u0131n\u0131n \u00f6ncelikleri aras\u0131ndad\u0131r. \u0130\u015fte burada yay\u0131nlanan makalelerin \u201cKaynak\u00e7a\u201dlar\u0131 da bizim ilgi alan\u0131m\u0131za girmektedir. Biz bu kaynak\u00e7adaki verilerden bir\u00e7ok bilgi elde edinebiliriz. Yukar\u0131da bahsetti\u011fim, \u00fcniversite k\u00fct\u00fcphanelerinin \/ bilgi merkezlerinin bilimsel \u00e7al\u0131\u015fmalara katk\u0131s\u0131n\u0131 buradan \u00e7\u0131kartabiliriz. Kaynak\u00e7ada yer alan yay\u0131nlar\u0131n ne kadar\u0131n\u0131n ba\u011fl\u0131 bulunulan k\u00fct\u00fcphanesinden\/bilgi merkezinden temin edildi\u011fini bulabiliriz ve bir fikrimiz olu\u015fur. Dikkat etmemiz gereken en \u00f6nemli unsur, inceledi\u011finiz yay\u0131nlar\u0131n sadece sizin \u00fcniversitenizdeki ara\u015ft\u0131rmac\u0131n\u0131z\/ara\u015ft\u0131rmac\u0131lar\u0131n\u0131z taraf\u0131ndan yaz\u0131l\u0131p yaz\u0131lmad\u0131\u011f\u0131d\u0131r. \u00c7\u00fcnk\u00fc birden fazla kurumun ara\u015ft\u0131rmac\u0131lar\u0131 toplan\u0131p bir makale yazd\u0131klar\u0131nda, kim, hangi kaynaktan yararlanm\u0131\u015f bilemeyiz. Bilebiliriz bilmesine de \u00e7ok me\u015fakkatli bir i\u015f olur. A\u00e7ar\u0131z bir telefon hocaya, deriz ki: \u201cHocam sizin WoS\u2019taki son makalenizin kaynak\u00e7as\u0131n\u0131 inceledik de hangilerini siz eklediniz hangilerini Harvard\u2019da \u00e7al\u0131\u015fan di\u011fer yazar\u0131m\u0131z ekledi?\u201d Bu soruyu sordu\u011fumuzda ya telefonu surat\u0131m\u0131za kapayacakt\u0131r, ya da \u201csenin i\u015fin g\u00fcc\u00fcn yok mu?\u201d diyecektir. Bu t\u00fcr bir diyalo\u011fa girmemek ad\u0131na kendimize baz\u0131 s\u0131n\u0131rlamalar getiriyoruz.<\/p>\n<p>\u00d6ncelikle bu \u00e7al\u0131\u015fmaya konu olacak malzemeleri bir araya getirmek laz\u0131m. Bunlara kriterler de diyebiliriz. \u00d6rne\u011fin;<\/p>\n<p>Belli bir y\u0131l aral\u0131\u011f\u0131m\u0131z olsun mu?<\/p>\n<p>B\u00fct\u00fcn b\u00f6l\u00fcmleri mi alaca\u011f\u0131z yoksa sadece bir b\u00f6l\u00fcm \u00fczerine mi odaklanaca\u011f\u0131z?<\/p>\n<p>Yine s\u0131n\u0131rland\u0131rma yapmak ad\u0131na, sadece at\u0131f alan yay\u0131nlar\u0131 m\u0131 i\u015fin i\u00e7ine katal\u0131m yoksa hepsini mi?<\/p>\n<p>\u0130\u015fte bu sorulara verece\u011finiz yan\u0131tlar, sizin bu konuyu incelemenizde yard\u0131mc\u0131 olacakt\u0131r. Belirledi\u011finiz kriterler \u00fczerinden eri\u015fti\u011finiz bilgiler, size bir\u00e7ok bilgi verecektir. \u00d6rne\u011fin hangi materyal t\u00fcr\u00fc daha \u00e7ok kullan\u0131lm\u0131\u015f: Dergi mi kitap m\u0131? g\u00fcncel kaynaklardan m\u0131 yararlanm\u0131\u015flar yoksa ar\u015fiv niteli\u011findeki eski yay\u0131nlardan m\u0131? Koleksiyonumuzda olmayan; ama kaynak\u00e7ada belirtilen kaynaklar hocan\u0131n kendi kaynaklar\u0131 m\u0131 yoksa ILL\u2019den ya da Dok\u00fcman Sa\u011flama hizmetinden mi temin edilmi\u015f? Bunun gibi akl\u0131n\u0131za gelecek bir\u00e7ok soruyu irdeleyip verimli bir \u00e7al\u0131\u015fma yapabilirsiniz.<\/p>\n<p>Bu konuyla ilgili <em><strong>T\u00fcrk K\u00fct\u00fcphanecili\u011fi<\/strong><\/em> dergisinin son say\u0131s\u0131nda bir yaz\u0131 yay\u0131nlad\u0131m. Daha detayl\u0131 ve \u00fcsturuplu bilgi almak isterseniz \u00a0\u201c<strong><em>At\u0131f Dizinlerinde Bir Ara\u015ft\u0131rma \u00d6rne\u011fi<\/em><\/strong>\u201d ba\u015fl\u0131kl\u0131 yaz\u0131ma bu <em><strong><a href=\"https:\/\/dergipark.org.tr\/tr\/pub\/tk\/issue\/49081\/571944\" target=\"_blank\" rel=\"noopener\">linkten<\/a><\/strong><\/em> eri\u015febilirsiniz.<\/p>\n","protected":false},"excerpt":{"rendered":"<p>[avatar user=&#8221;cemozel&#8221; \/] Cem \u00d6ZEL Kullan\u0131c\u0131 Hizmetleri Y\u00f6neticisi\/Sabanc\u0131 \u00dcniversitesi Bilgi Merkezi \u00dcniversite k\u00fct\u00fcphanelerinin \/ bilgi merkezlerinin, bilgi kaynaklar\u0131n\u0131n ve vermi\u015f olduklar\u0131 ILL ve dok\u00fcman sa\u011flama gibi hizmetlerin bilimsel \u00e7al\u0131\u015fmalara katk\u0131s\u0131n\u0131 \u00f6l\u00e7mek i\u00e7in ne yapard\u0131n\u0131z?<\/p>\n","protected":false},"author":143,"featured_media":27319,"comment_status":"open","ping_status":"open","sticky":false,"template":"","format":"standard","meta":{"footnotes":""},"categories":[1478],"tags":[1460],"class_list":["post-27318","post","type-post","status-publish","format-standard","has-post-thumbnail","hentry","category-cem-ozel","tag-kose-yazarlari"],"_links":{"self":[{"href":"https:\/\/www.bbyhaber.com\/bby\/wp-json\/wp\/v2\/posts\/27318"}],"collection":[{"href":"https:\/\/www.bbyhaber.com\/bby\/wp-json\/wp\/v2\/posts"}],"about":[{"href":"https:\/\/www.bbyhaber.com\/bby\/wp-json\/wp\/v2\/types\/post"}],"author":[{"embeddable":true,"href":"https:\/\/www.bbyhaber.com\/bby\/wp-json\/wp\/v2\/users\/143"}],"replies":[{"embeddable":true,"href":"https:\/\/www.bbyhaber.com\/bby\/wp-json\/wp\/v2\/comments?post=27318"}],"version-history":[{"count":1,"href":"https:\/\/www.bbyhaber.com\/bby\/wp-json\/wp\/v2\/posts\/27318\/revisions"}],"predecessor-version":[{"id":27320,"href":"https:\/\/www.bbyhaber.com\/bby\/wp-json\/wp\/v2\/posts\/27318\/revisions\/27320"}],"wp:featuredmedia":[{"embeddable":true,"href":"https:\/\/www.bbyhaber.com\/bby\/wp-json\/wp\/v2\/media\/27319"}],"wp:attachment":[{"href":"https:\/\/www.bbyhaber.com\/bby\/wp-json\/wp\/v2\/media?parent=27318"}],"wp:term":[{"taxonomy":"category","embeddable":true,"href":"https:\/\/www.bbyhaber.com\/bby\/wp-json\/wp\/v2\/categories?post=27318"},{"taxonomy":"post_tag","embeddable":true,"href":"https:\/\/www.bbyhaber.com\/bby\/wp-json\/wp\/v2\/tags?post=27318"}],"curies":[{"name":"wp","href":"https:\/\/api.w.org\/{rel}","templated":true}]}}